{"id":298751,"date":"2026-04-15T09:15:00","date_gmt":"2026-04-15T07:15:00","guid":{"rendered":"https:\/\/www.tucomarca.com\/wordpress\/segunda\/?p=298751"},"modified":"2026-04-15T21:22:11","modified_gmt":"2026-04-15T19:22:11","slug":"fotogaleria-maxima-participacion-en-la-escuela-deportiva-de-pascua-de-cheste","status":"publish","type":"post","link":"https:\/\/www.tucomarca.com\/wordpress\/segunda\/fotogaleria-maxima-participacion-en-la-escuela-deportiva-de-pascua-de-cheste\/","title":{"rendered":"Fotogaler\u00eda: m\u00e1xima participaci\u00f3n en la Escuela Deportiva de Pascua de Cheste"},"content":{"rendered":"\n<p>La Concejal\u00eda de Deportes del Ayuntamiento de Cheste celebra el \u00e9xito de participaci\u00f3n en la presente edici\u00f3n de la Escuela Deportiva de Pascua, que ha triplicado sus inscripciones con m\u00e1s de 140 ni\u00f1os y ni\u00f1as inscritos.<\/p>\n\n\n\n<p>Una edici\u00f3n que ha destacado especialmente por la amplia oferta deportiva y la calidad de las actividades, gracias a la colaboraci\u00f3n de los distintos clubes deportivos del municipio, que han participado de manera desinteresada para acercar sus disciplinas al alumnado.<\/p>\n\n\n\n<p>El concejal de Deportes, Adri\u00e1n Tar\u00edn, ha querido mostrar su agradecimiento destacando que: \u201cQueremos agradecer profundamente la implicaci\u00f3n de todos los clubes deportivos del municipio. Su colaboraci\u00f3n altruista ha sido clave para enriquecer esta escuela, permitiendo que los ni\u00f1os y ni\u00f1as disfruten de una experiencia deportiva m\u00e1s completa, variada y de mayor calidad\u201d.<\/p>\n\n\n\n<p>Asimismo, ha subrayado la importancia de la diversidad deportiva en edades tempranas: \u201cEs fundamental que los ni\u00f1os y ni\u00f1as tengan la oportunidad de conocer y probar diferentes deportes. Este tipo de iniciativas no solo fomentan h\u00e1bitos de vida saludable, sino que tambi\u00e9n ayudan a descubrir nuevas aficiones y valores como el esfuerzo, el compa\u00f1erismo y el respeto\u201d.<\/p>\n\n\n\n<p>Desde la Concejal\u00eda ya se est\u00e1 trabajando en la Escuela Deportiva de Verano, que llegar\u00e1 con nuevas actividades y sorpresas para seguir fomentando la pr\u00e1ctica deportiva entre los m\u00e1s j\u00f3venes.<\/p>\n\n\n\n<figure class=\"wp-block-gallery has-nested-images columns-2 is-cropped wp-block-gallery-1 is-layout-flex wp-block-gallery-is-layout-flex\">\n<figure class=\"wp-block-image size-large\"><img loading=\"lazy\" decoding=\"async\" width=\"945\" height=\"638\" data-id=\"298764\" src=\"https:\/\/www.tucomarca.com\/wordpress\/segunda\/wp-content\/uploads\/2026\/04\/Cheste_Pascua-27.jpg\" alt=\"\" class=\"wp-image-298764\" srcset=\"https:\/\/www.tucomarca.com\/wordpress\/segunda\/wp-content\/uploads\/2026\/04\/Cheste_Pascua-27.jpg 945w, https:\/\/www.tucomarca.com\/wordpress\/segunda\/wp-content\/uploads\/2026\/04\/Cheste_Pascua-27-300x203.jpg 300w, https:\/\/www.tucomarca.com\/wordpress\/segunda\/wp-content\/uploads\/2026\/04\/Cheste_Pascua-27-768x519.jpg 768w\" sizes=\"auto, (max-width: 945px) 100vw, 945px\" \/><\/figure>\n\n\n\n<figure class=\"wp-block-image size-large\"><img loading=\"lazy\" decoding=\"async\" width=\"945\" height=\"638\" data-id=\"298760\" src=\"https:\/\/www.tucomarca.com\/wordpress\/segunda\/wp-content\/uploads\/2026\/04\/Cheste_Pascua2-19.jpg\" alt=\"\" class=\"wp-image-298760\" srcset=\"https:\/\/www.tucomarca.com\/wordpress\/segunda\/wp-content\/uploads\/2026\/04\/Cheste_Pascua2-19.jpg 945w, https:\/\/www.tucomarca.com\/wordpress\/segunda\/wp-content\/uploads\/2026\/04\/Cheste_Pascua2-19-300x203.jpg 300w, https:\/\/www.tucomarca.com\/wordpress\/segunda\/wp-content\/uploads\/2026\/04\/Cheste_Pascua2-19-768x519.jpg 768w\" sizes=\"auto, (max-width: 945px) 100vw, 945px\" \/><\/figure>\n\n\n\n<figure class=\"wp-block-image size-large\"><img loading=\"lazy\" decoding=\"async\" width=\"945\" height=\"638\" data-id=\"298762\" src=\"https:\/\/www.tucomarca.com\/wordpress\/segunda\/wp-content\/uploads\/2026\/04\/Cheste_Pascua-43.jpg\" alt=\"\" class=\"wp-image-298762\" srcset=\"https:\/\/www.tucomarca.com\/wordpress\/segunda\/wp-content\/uploads\/2026\/04\/Cheste_Pascua-43.jpg 945w, https:\/\/www.tucomarca.com\/wordpress\/segunda\/wp-content\/uploads\/2026\/04\/Cheste_Pascua-43-300x203.jpg 300w, https:\/\/www.tucomarca.com\/wordpress\/segunda\/wp-content\/uploads\/2026\/04\/Cheste_Pascua-43-768x519.jpg 768w\" sizes=\"auto, (max-width: 945px) 100vw, 945px\" \/><\/figure>\n\n\n\n<figure class=\"wp-block-image size-large\"><img loading=\"lazy\" decoding=\"async\" width=\"945\" height=\"638\" data-id=\"298754\" src=\"https:\/\/www.tucomarca.com\/wordpress\/segunda\/wp-content\/uploads\/2026\/04\/Cheste_Pascua2-8.jpg\" alt=\"\" class=\"wp-image-298754\" srcset=\"https:\/\/www.tucomarca.com\/wordpress\/segunda\/wp-content\/uploads\/2026\/04\/Cheste_Pascua2-8.jpg 945w, https:\/\/www.tucomarca.com\/wordpress\/segunda\/wp-content\/uploads\/2026\/04\/Cheste_Pascua2-8-300x203.jpg 300w, https:\/\/www.tucomarca.com\/wordpress\/segunda\/wp-content\/uploads\/2026\/04\/Cheste_Pascua2-8-768x519.jpg 768w\" sizes=\"auto, (max-width: 945px) 100vw, 945px\" \/><\/figure>\n\n\n\n<figure class=\"wp-block-image size-full\"><img loading=\"lazy\" decoding=\"async\" width=\"945\" height=\"638\" data-id=\"298753\" src=\"https:\/\/www.tucomarca.com\/wordpress\/segunda\/wp-content\/uploads\/2026\/04\/Cheste_Pascua2-10.jpg\" alt=\"\" class=\"wp-image-298753\" srcset=\"https:\/\/www.tucomarca.com\/wordpress\/segunda\/wp-content\/uploads\/2026\/04\/Cheste_Pascua2-10.jpg 945w, https:\/\/www.tucomarca.com\/wordpress\/segunda\/wp-content\/uploads\/2026\/04\/Cheste_Pascua2-10-300x203.jpg 300w, https:\/\/www.tucomarca.com\/wordpress\/segunda\/wp-content\/uploads\/2026\/04\/Cheste_Pascua2-10-768x519.jpg 768w\" sizes=\"auto, (max-width: 945px) 100vw, 945px\" \/><\/figure>\n\n\n\n<figure class=\"wp-block-image size-large\"><img loading=\"lazy\" decoding=\"async\" width=\"945\" height=\"638\" data-id=\"298758\" src=\"https:\/\/www.tucomarca.com\/wordpress\/segunda\/wp-content\/uploads\/2026\/04\/Cheste_Pascua-46.jpg\" alt=\"\" class=\"wp-image-298758\" srcset=\"https:\/\/www.tucomarca.com\/wordpress\/segunda\/wp-content\/uploads\/2026\/04\/Cheste_Pascua-46.jpg 945w, https:\/\/www.tucomarca.com\/wordpress\/segunda\/wp-content\/uploads\/2026\/04\/Cheste_Pascua-46-300x203.jpg 300w, https:\/\/www.tucomarca.com\/wordpress\/segunda\/wp-content\/uploads\/2026\/04\/Cheste_Pascua-46-768x519.jpg 768w\" sizes=\"auto, (max-width: 945px) 100vw, 945px\" \/><\/figure>\n<\/figure>\n","protected":false},"excerpt":{"rendered":"<div class=\"mh-excerpt\">La Concejal\u00eda de Deportes del Ayuntamiento de Cheste celebra el \u00e9xito de participaci\u00f3n en la presente edici\u00f3n de la Escuela Deportiva de Pascua, que ha triplicado sus inscripciones con m\u00e1s de 140 ni\u00f1os y ni\u00f1as <a class=\"mh-excerpt-more\" href=\"https:\/\/www.tucomarca.com\/wordpress\/segunda\/fotogaleria-maxima-participacion-en-la-escuela-deportiva-de-pascua-de-cheste\/\" title=\"Fotogaler\u00eda: m\u00e1xima participaci\u00f3n en la Escuela Deportiva de Pascua de Cheste\">[+] <\/a><\/div>\n","protected":false},"author":12,"featured_media":298756,"comment_status":"closed","ping_status":"open","sticky":false,"template":"","format":"gallery","meta":{"footnotes":""},"categories":[17,6,8,10,7,199,3],"tags":[339,24126,5952],"class_list":{"0":"post-298751","1":"post","2":"type-post","3":"status-publish","4":"format-gallery","5":"has-post-thumbnail","7":"category-cheste","8":"category-deportes","9":"category-la-comarca","10":"category-la-hoya","11":"category-ocio-y-cultura","12":"category-polideportivo","13":"category-seccion","14":"tag-cheste-2","15":"tag-escuela-deportiva-de-pascua","16":"tag-la-hoya-de-bunol-chiva","17":"post_format-post-format-gallery"},"_links":{"self":[{"href":"https:\/\/www.tucomarca.com\/wordpress\/segunda\/wp-json\/wp\/v2\/posts\/298751","targetHints":{"allow":["GET"]}}],"collection":[{"href":"https:\/\/www.tucomarca.com\/wordpress\/segunda\/wp-json\/wp\/v2\/posts"}],"about":[{"href":"https:\/\/www.tucomarca.com\/wordpress\/segunda\/wp-json\/wp\/v2\/types\/post"}],"author":[{"embeddable":true,"href":"https:\/\/www.tucomarca.com\/wordpress\/segunda\/wp-json\/wp\/v2\/users\/12"}],"replies":[{"embeddable":true,"href":"https:\/\/www.tucomarca.com\/wordpress\/segunda\/wp-json\/wp\/v2\/comments?post=298751"}],"version-history":[{"count":0,"href":"https:\/\/www.tucomarca.com\/wordpress\/segunda\/wp-json\/wp\/v2\/posts\/298751\/revisions"}],"wp:featuredmedia":[{"embeddable":true,"href":"https:\/\/www.tucomarca.com\/wordpress\/segunda\/wp-json\/wp\/v2\/media\/298756"}],"wp:attachment":[{"href":"https:\/\/www.tucomarca.com\/wordpress\/segunda\/wp-json\/wp\/v2\/media?parent=298751"}],"wp:term":[{"taxonomy":"category","embeddable":true,"href":"https:\/\/www.tucomarca.com\/wordpress\/segunda\/wp-json\/wp\/v2\/categories?post=298751"},{"taxonomy":"post_tag","embeddable":true,"href":"https:\/\/www.tucomarca.com\/wordpress\/segunda\/wp-json\/wp\/v2\/tags?post=298751"}],"curies":[{"name":"wp","href":"https:\/\/api.w.org\/{rel}","templated":true}]}}