{"id":298770,"date":"2026-04-17T11:00:00","date_gmt":"2026-04-17T09:00:00","guid":{"rendered":"https:\/\/www.tucomarca.com\/wordpress\/segunda\/?p=298770"},"modified":"2026-04-17T15:10:39","modified_gmt":"2026-04-17T13:10:39","slug":"julia-alis-braquessac-sera-la-reina-de-las-fiestas-de-bunol-2026-27","status":"publish","type":"post","link":"https:\/\/www.tucomarca.com\/wordpress\/segunda\/julia-alis-braquessac-sera-la-reina-de-las-fiestas-de-bunol-2026-27\/","title":{"rendered":"J\u00falia Al\u00eds Braquessac ser\u00e1 la Reina de las Fiestas de Bu\u00f1ol 2026-27"},"content":{"rendered":"<div class=\"wp-block-image\">\n<figure class=\"alignleft size-large is-resized\"><img loading=\"lazy\" decoding=\"async\" width=\"768\" height=\"1024\" src=\"https:\/\/www.tucomarca.com\/wordpress\/segunda\/wp-content\/uploads\/2026\/04\/JuliaAlis2-768x1024.jpg\" alt=\"\" class=\"wp-image-298773\" style=\"width:367px;height:auto\" srcset=\"https:\/\/www.tucomarca.com\/wordpress\/segunda\/wp-content\/uploads\/2026\/04\/JuliaAlis2-768x1023.jpg 768w, https:\/\/www.tucomarca.com\/wordpress\/segunda\/wp-content\/uploads\/2026\/04\/JuliaAlis2-225x300.jpg 225w, https:\/\/www.tucomarca.com\/wordpress\/segunda\/wp-content\/uploads\/2026\/04\/JuliaAlis2.jpg 875w\" sizes=\"auto, (max-width: 768px) 100vw, 768px\" \/><\/figure>\n<\/div>\n\n\n<p>Una vez cerrado el plazo de presentaci\u00f3n de solicitudes para ser Reina\/Rey de las Fiestas de Bu\u00f1ol, se confirma desde la concejal\u00eda de Fiestas que Bu\u00f1ol que ya tiene Reina para 2026-27, y que ser\u00e1 la joven J\u00falia Al\u00eds Braquessac.<\/p>\n","protected":false},"excerpt":{"rendered":"<div class=\"mh-excerpt\">Una vez cerrado el plazo de presentaci\u00f3n de solicitudes para ser Reina\/Rey de las Fiestas de Bu\u00f1ol, se confirma desde la concejal\u00eda de Fiestas que Bu\u00f1ol que ya tiene Reina para 2026-27, y que ser\u00e1 <a class=\"mh-excerpt-more\" href=\"https:\/\/www.tucomarca.com\/wordpress\/segunda\/julia-alis-braquessac-sera-la-reina-de-las-fiestas-de-bunol-2026-27\/\" title=\"J\u00falia Al\u00eds Braquessac ser\u00e1 la Reina de las Fiestas de Bu\u00f1ol 2026-27\">[+] <\/a><\/div>\n","protected":false},"author":12,"featured_media":298775,"comment_status":"closed","ping_status":"open","sticky":false,"template":"","format":"standard","meta":{"footnotes":""},"categories":[18,8,10,7,3],"tags":[10385,5952,24146],"class_list":{"0":"post-298770","1":"post","2":"type-post","3":"status-publish","4":"format-standard","5":"has-post-thumbnail","7":"category-bunol","8":"category-la-comarca","9":"category-la-hoya","10":"category-ocio-y-cultura","11":"category-seccion","12":"tag-bunol","13":"tag-la-hoya-de-bunol-chiva","14":"tag-reina-de-las-fiestas-2026-27"},"_links":{"self":[{"href":"https:\/\/www.tucomarca.com\/wordpress\/segunda\/wp-json\/wp\/v2\/posts\/298770","targetHints":{"allow":["GET"]}}],"collection":[{"href":"https:\/\/www.tucomarca.com\/wordpress\/segunda\/wp-json\/wp\/v2\/posts"}],"about":[{"href":"https:\/\/www.tucomarca.com\/wordpress\/segunda\/wp-json\/wp\/v2\/types\/post"}],"author":[{"embeddable":true,"href":"https:\/\/www.tucomarca.com\/wordpress\/segunda\/wp-json\/wp\/v2\/users\/12"}],"replies":[{"embeddable":true,"href":"https:\/\/www.tucomarca.com\/wordpress\/segunda\/wp-json\/wp\/v2\/comments?post=298770"}],"version-history":[{"count":0,"href":"https:\/\/www.tucomarca.com\/wordpress\/segunda\/wp-json\/wp\/v2\/posts\/298770\/revisions"}],"wp:featuredmedia":[{"embeddable":true,"href":"https:\/\/www.tucomarca.com\/wordpress\/segunda\/wp-json\/wp\/v2\/media\/298775"}],"wp:attachment":[{"href":"https:\/\/www.tucomarca.com\/wordpress\/segunda\/wp-json\/wp\/v2\/media?parent=298770"}],"wp:term":[{"taxonomy":"category","embeddable":true,"href":"https:\/\/www.tucomarca.com\/wordpress\/segunda\/wp-json\/wp\/v2\/categories?post=298770"},{"taxonomy":"post_tag","embeddable":true,"href":"https:\/\/www.tucomarca.com\/wordpress\/segunda\/wp-json\/wp\/v2\/tags?post=298770"}],"curies":[{"name":"wp","href":"https:\/\/api.w.org\/{rel}","templated":true}]}}