{"id":298780,"date":"2026-04-15T09:00:00","date_gmt":"2026-04-15T07:00:00","guid":{"rendered":"https:\/\/www.tucomarca.com\/wordpress\/segunda\/?p=298780"},"modified":"2026-04-15T21:10:56","modified_gmt":"2026-04-15T19:10:56","slug":"arrancan-las-formaciones-sorbos-de-tierra-bobal-dentro-del-proyecto-adaptt","status":"publish","type":"post","link":"https:\/\/www.tucomarca.com\/wordpress\/segunda\/arrancan-las-formaciones-sorbos-de-tierra-bobal-dentro-del-proyecto-adaptt\/","title":{"rendered":"Arrancan las formaciones \u201cSorbos de Tierra Bobal\u201d dentro del proyecto ADAPT@+T"},"content":{"rendered":"\n<h3 class=\"wp-block-heading\">La Mancomunidad del Interior Tierra del Vino retoma las microformaciones incluidas en el proyecto de \u201cEmpleo y Desarrollo Comarcal. ADAPT@+T\u201d.<\/h3>\n\n\n\n<p>La Mancomunidad del Interior Tierra del Vino pondr\u00e1 en marcha el pr\u00f3ximo mes de mayo los ciclos formativos <strong>\u201cSorbos de Tierra Bobal\u201d<\/strong> y <strong>\u201cM\u00e1s Sorbos de Tierra Bobal\u201d<\/strong>, una iniciativa incluida en el proyecto <strong>ADAPT@+T<\/strong>, centrado en el empleo, la formaci\u00f3n y el emprendimiento en el territorio.<\/p>\n\n\n\n<p>El ciclo que inicia las formaciones, <strong>\u201cSorbos de Tierra Bobal\u201d<\/strong>, est\u00e1 compuesto por un total de 15 microformaciones o \u201c<em>sorbos<\/em>\u201d, dise\u00f1adas para ofrecer un conocimiento pr\u00e1ctico y actualizado sobre la marca de destino tur\u00edstico <strong>Tierra Bobal.<\/strong> Los contenidos abordan aspectos clave como los <strong>productos tur\u00edsticos del territorio, sus recursos naturales y culturales, as\u00ed como su identidad y tradici\u00f3n vitivin\u00edcola.<\/strong><\/p>\n\n\n\n<p>El programa incorpora, adem\u00e1s, informaci\u00f3n actualizada sobre los <strong>nuevos recursos tur\u00edsticos<\/strong> desarrollados en el marco del Plan de Sostenibilidad Tur\u00edstica en Destino de Tierra Bobal, financiado por la Uni\u00f3n Europea \u2013 NextGenerationEU dentro del Plan de Recuperaci\u00f3n, Transformaci\u00f3n y Resiliencia, cuya gesti\u00f3n corresponde a la Mancomunidad del Interior Tierra del Vino.<\/p>\n\n\n\n<p>Las formaciones pueden realizarse de manera independiente o combinada, con una duraci\u00f3n que oscila entre las 4 y las 10 horas por curso, hasta completar un total de 100 horas en el itinerario completo.<\/p>\n\n\n\n<p>La <strong>modalidad es principalmente online<\/strong>, a trav\u00e9s de la plataforma Google Classroom, donde el alumnado tendr\u00e1 acceso a temario, v\u00eddeos y materiales did\u00e1cticos y de evaluaci\u00f3n. Adem\u00e1s, se ofrecer\u00e1n sesiones de tutor\u00eda semanales por videoconferencia, que se celebrar\u00e1n los jueves.<\/p>\n\n\n\n<p>Estas acciones formativas est\u00e1n <strong>dirigidas especialmente a personas en situaci\u00f3n de desempleo interesadas en incorporarse al sector tur\u00edstico<\/strong>, as\u00ed como a profesionales en activo que deseen ampliar o actualizar sus conocimientos sobre el destino Tierra Bobal. Tambi\u00e9n est\u00e1n <strong>abiertas a aquellas personas que ya realizaron formaciones previas<\/strong>, como el curso de Gu\u00edas Acompa\u00f1antes, y quieran actualizar contenidos, as\u00ed como a cualquier persona interesada en conocer mejor el territorio.<\/p>\n\n\n\n<p><strong>Plazos clave:<\/strong><\/p>\n\n\n\n<ul class=\"wp-block-list\">\n<li><strong>Matriculaci\u00f3n:<\/strong> del 20 de abril al 1 de noviembre de 2026&nbsp;<\/li>\n\n\n\n<li><strong>Acceso a la formaci\u00f3n:<\/strong> del 4 de mayo al 31 de noviembre de 2026&nbsp;<\/li>\n<\/ul>\n\n\n\n<p>La <strong>inscripci\u00f3n se realizar\u00e1 mediante un formulario<\/strong> en el que se podr\u00e1n seleccionar los cursos deseados. El acceso a las aulas virtuales se habilitar\u00e1 progresivamente conforme se inicien las distintas microformaciones.<\/p>\n","protected":false},"excerpt":{"rendered":"<div class=\"mh-excerpt\">La Mancomunidad del Interior Tierra del Vino retoma las microformaciones incluidas en el proyecto de \u201cEmpleo y Desarrollo Comarcal. ADAPT@+T\u201d. La Mancomunidad del Interior Tierra del Vino pondr\u00e1 en marcha el pr\u00f3ximo mes de mayo <a class=\"mh-excerpt-more\" href=\"https:\/\/www.tucomarca.com\/wordpress\/segunda\/arrancan-las-formaciones-sorbos-de-tierra-bobal-dentro-del-proyecto-adaptt\/\" title=\"Arrancan las formaciones \u201cSorbos de Tierra Bobal\u201d dentro del proyecto ADAPT@+T\">[+] <\/a><\/div>\n","protected":false},"author":12,"featured_media":298782,"comment_status":"closed","ping_status":"open","sticky":false,"template":"","format":"standard","meta":{"footnotes":""},"categories":[4,113,8,7,28,27,3,29],"tags":[20457,93,12385,12386],"class_list":{"0":"post-298780","1":"post","2":"type-post","3":"status-publish","4":"format-standard","5":"has-post-thumbnail","7":"category-agenda","8":"category-vinos","9":"category-la-comarca","10":"category-ocio-y-cultura","11":"category-requena","12":"category-requena-utiel","13":"category-seccion","14":"category-utiel","15":"tag-adaptt","16":"tag-formacion","17":"tag-mancomunidad-del-interior-tierra-del-vino","18":"tag-tierra-bobal"},"_links":{"self":[{"href":"https:\/\/www.tucomarca.com\/wordpress\/segunda\/wp-json\/wp\/v2\/posts\/298780","targetHints":{"allow":["GET"]}}],"collection":[{"href":"https:\/\/www.tucomarca.com\/wordpress\/segunda\/wp-json\/wp\/v2\/posts"}],"about":[{"href":"https:\/\/www.tucomarca.com\/wordpress\/segunda\/wp-json\/wp\/v2\/types\/post"}],"author":[{"embeddable":true,"href":"https:\/\/www.tucomarca.com\/wordpress\/segunda\/wp-json\/wp\/v2\/users\/12"}],"replies":[{"embeddable":true,"href":"https:\/\/www.tucomarca.com\/wordpress\/segunda\/wp-json\/wp\/v2\/comments?post=298780"}],"version-history":[{"count":0,"href":"https:\/\/www.tucomarca.com\/wordpress\/segunda\/wp-json\/wp\/v2\/posts\/298780\/revisions"}],"wp:featuredmedia":[{"embeddable":true,"href":"https:\/\/www.tucomarca.com\/wordpress\/segunda\/wp-json\/wp\/v2\/media\/298782"}],"wp:attachment":[{"href":"https:\/\/www.tucomarca.com\/wordpress\/segunda\/wp-json\/wp\/v2\/media?parent=298780"}],"wp:term":[{"taxonomy":"category","embeddable":true,"href":"https:\/\/www.tucomarca.com\/wordpress\/segunda\/wp-json\/wp\/v2\/categories?post=298780"},{"taxonomy":"post_tag","embeddable":true,"href":"https:\/\/www.tucomarca.com\/wordpress\/segunda\/wp-json\/wp\/v2\/tags?post=298780"}],"curies":[{"name":"wp","href":"https:\/\/api.w.org\/{rel}","templated":true}]}}