{"id":298802,"date":"2026-04-15T12:30:00","date_gmt":"2026-04-15T10:30:00","guid":{"rendered":"https:\/\/www.tucomarca.com\/wordpress\/segunda\/?p=298802"},"modified":"2026-04-15T21:31:27","modified_gmt":"2026-04-15T19:31:27","slug":"la-generalitat-recibe-330-peticiones-de-ayuda-de-afectados-y-familiares-de-fallecidos-en-la-dana-cuyo-plazo-de-solicitud-sigue-abierto-hasta-el-25-de-mayo","status":"publish","type":"post","link":"https:\/\/www.tucomarca.com\/wordpress\/segunda\/la-generalitat-recibe-330-peticiones-de-ayuda-de-afectados-y-familiares-de-fallecidos-en-la-dana-cuyo-plazo-de-solicitud-sigue-abierto-hasta-el-25-de-mayo\/","title":{"rendered":"La Generalitat recibe 330 peticiones de ayuda de afectados y familiares de fallecidos en la DANA cuyo plazo de solicitud sigue abierto hasta el 25 de mayo"},"content":{"rendered":"\n<h3 class=\"wp-block-heading\">Las ayudas para casos de defunci\u00f3n e incapacidad absoluta y permanente\u00a0pueden solicitarse de forma presencial o electr\u00f3nica.<\/h3>\n\n\n\n<h3 class=\"wp-block-heading\">El decreto fija para cada v\u00edctima un importe de 80.000 euros a dividir entre familiares o personas con relaci\u00f3n afectiva.<\/h3>\n\n\n\n<h3 class=\"wp-block-heading\">Las ayudas son compatibles con otras subvenciones p\u00fablicas o privadas, como indemnizaciones de seguros, y no tributan en la declaraci\u00f3n de la renta.<\/h3>\n\n\n\n<p>La Generalitat ha recibido hasta el momento 330 peticiones de ayuda de familiares de fallecidos y de afectados por la dana con incapacidad absoluta y permanente como consecuencia del temporal de viento y lluvias del 29 de octubre de 2024 en la Comunitat Valenciana.<\/p>\n\n\n\n<p>Las subvenciones podr\u00e1n pedirse hasta el pr\u00f3ximo 25 de mayo de forma presencial rellenando el correspondiente&nbsp;<a href=\"https:\/\/sede.gva.es\/es\/detall-tramit?id_proc=110300&amp;id_caso=sollicitud\" target=\"_blank\" rel=\"noreferrer noopener\">formulario<\/a>&nbsp;o telem\u00e1ticamente en la&nbsp;<a href=\"http:\/\/sede.gva.es\/es\/detall-tramit?id_proc=110300&amp;id_caso=que_es\" target=\"_blank\" rel=\"noreferrer noopener\">sede electr\u00f3nica de la GVA<\/a>.<\/p>\n\n\n\n<p>El importe de cada ayuda ser\u00e1 de 80.000 euros, de acuerdo con los criterios establecidos. As\u00ed, en caso de incapacidad absoluta y permanente, ser\u00e1 beneficiaria la persona declarada en dicha situaci\u00f3n. Por otra parte, en los supuestos de fallecimiento, podr\u00e1n ser beneficiarias, a t\u00edtulo de v\u00edctimas indirectas, familiares y personas con relaci\u00f3n de afectividad. En este \u00faltimo caso, se podr\u00e1n presentar tantas solicitudes como beneficiarios en condici\u00f3n de v\u00edctimas indirectas existan.&nbsp;<\/p>\n\n\n\n<p>Estas ayudas de concesi\u00f3n directa son compatibles con otras subvenciones e indemnizaciones procedentes de administraciones p\u00fablicas o entidades privadas, como ejemplo, seguros. Adem\u00e1s, no tributan en la declaraci\u00f3n de la renta.&nbsp;<\/p>\n\n\n\n<p><strong>Beneficiarios de las ayudas en caso v\u00edctimas mortales<\/strong><\/p>\n\n\n\n<p>En los supuestos de fallecimiento, podr\u00e1n ser beneficiarias, a t\u00edtulo de v\u00edctimas indirectas, el c\u00f3nyuge no separado legalmente o la persona que mantuviera an\u00e1loga relaci\u00f3n de afectividad; los hijos de la persona fallecida, as\u00ed como los hijos que, no si\u00e9ndolo del fallecido, lo fueran de la persona contemplada como c\u00f3nyuge o pareja; y, en su defecto, los padres. Si no existieran estos, podr\u00e1n acceder a la ayuda los ascendientes de segundo grado y, en \u00faltimo t\u00e9rmino, los hermanos.<\/p>\n\n\n\n<p>Cuando concurran varios beneficiarios en condici\u00f3n de v\u00edctimas indirectas, la distribuci\u00f3n de la ayuda se realizar\u00e1 conforme a lo previsto en el decreto. As\u00ed, en los casos de c\u00f3nyuge o pareja e hijos, la cuant\u00eda se dividir\u00e1 en dos mitades: una para el c\u00f3nyuge o persona con an\u00e1loga relaci\u00f3n de afectividad y otra para los hijos o hijas, que se repartir\u00e1 por partes iguales. En los supuestos en que resulten beneficiarios los padres, ascendientes de segundo grado o hermanos, el importe se distribuir\u00e1 entre ellos a partes iguales entre cada uno de los miembros de estos grupos.&nbsp;<\/p>\n\n\n\n<p><strong>Procedimiento<\/strong><\/p>\n\n\n\n<p>En lo que respecta al procedimiento, las solicitudes podr\u00e1n formularse en nombre propio o mediante representante y se presentar\u00e1 una solicitud por cada persona que tenga la condici\u00f3n de beneficiaria, sin perjuicio de que, cuando una misma persona re\u00fana varias causas, pueda acumularlas en una \u00fanica solicitud.&nbsp;<\/p>\n\n\n\n<p>El decreto regula tambi\u00e9n la documentaci\u00f3n que debe acompa\u00f1ar a las solicitudes, los mecanismos de comprobaci\u00f3n y verificaci\u00f3n de datos, la instrucci\u00f3n y resoluci\u00f3n del procedimiento, los plazos de notificaci\u00f3n y el pago de las ayudas, que se realizar\u00e1 en un \u00fanico abono tras la resoluci\u00f3n de concesi\u00f3n.<\/p>\n\n\n\n<p>Estas subvenciones se conceden de forma directa por concurrir razones de inter\u00e9s econ\u00f3mico, social y humanitario derivadas del car\u00e1cter excepcional y \u00fanico de los acontecimientos que motivan el procedimiento, lo que determina la improcedencia de una convocatoria p\u00fablica.<\/p>\n\n\n\n<p><strong>Plan Endavant<\/strong><\/p>\n\n\n\n<p>Este decreto nace en el marco de la nueva fase del Plan Endavant de la Generalitat iniciada en 2026, que prioriza a las personas y la atenci\u00f3n social directa junto a actuaciones en vivienda, empleo, industria, medio ambiente e infraestructuras estrat\u00e9gicas, y que considera necesario articular una respuesta espec\u00edfica para las familias de las personas fallecidas y gravemente afectadas, que se encuentran en situaciones de especial vulnerabilidad econ\u00f3mica y social derivadas de la p\u00e9rdida repentina de ingresos y de la aparici\u00f3n de gastos extraordinarios.<\/p>\n","protected":false},"excerpt":{"rendered":"<div class=\"mh-excerpt\">Las ayudas para casos de defunci\u00f3n e incapacidad absoluta y permanente\u00a0pueden solicitarse de forma presencial o electr\u00f3nica. El decreto fija para cada v\u00edctima un importe de 80.000 euros a dividir entre familiares o personas con <a class=\"mh-excerpt-more\" href=\"https:\/\/www.tucomarca.com\/wordpress\/segunda\/la-generalitat-recibe-330-peticiones-de-ayuda-de-afectados-y-familiares-de-fallecidos-en-la-dana-cuyo-plazo-de-solicitud-sigue-abierto-hasta-el-25-de-mayo\/\" title=\"La Generalitat recibe 330 peticiones de ayuda de afectados y familiares de fallecidos en la DANA cuyo plazo de solicitud sigue abierto hasta el 25 de mayo\">[+] <\/a><\/div>\n","protected":false},"author":12,"featured_media":267754,"comment_status":"closed","ping_status":"open","sticky":false,"template":"","format":"standard","meta":{"footnotes":""},"categories":[21465,128,8,72,117,142,3,116,45],"tags":[12831,10716,23038],"class_list":{"0":"post-298802","1":"post","2":"type-post","3":"status-publish","4":"format-standard","5":"has-post-thumbnail","7":"category-dana","8":"category-infraestructuras","9":"category-la-comarca","10":"category-sin-categorizar","11":"category-medio-ambiente-la-comarca","12":"category-politica-la-comarca","13":"category-seccion","14":"category-sucesos-la-comarca","15":"category-ventana","16":"tag-dana-2","17":"tag-generalitat-valenciana","18":"tag-plan-endavant"},"_links":{"self":[{"href":"https:\/\/www.tucomarca.com\/wordpress\/segunda\/wp-json\/wp\/v2\/posts\/298802","targetHints":{"allow":["GET"]}}],"collection":[{"href":"https:\/\/www.tucomarca.com\/wordpress\/segunda\/wp-json\/wp\/v2\/posts"}],"about":[{"href":"https:\/\/www.tucomarca.com\/wordpress\/segunda\/wp-json\/wp\/v2\/types\/post"}],"author":[{"embeddable":true,"href":"https:\/\/www.tucomarca.com\/wordpress\/segunda\/wp-json\/wp\/v2\/users\/12"}],"replies":[{"embeddable":true,"href":"https:\/\/www.tucomarca.com\/wordpress\/segunda\/wp-json\/wp\/v2\/comments?post=298802"}],"version-history":[{"count":0,"href":"https:\/\/www.tucomarca.com\/wordpress\/segunda\/wp-json\/wp\/v2\/posts\/298802\/revisions"}],"wp:featuredmedia":[{"embeddable":true,"href":"https:\/\/www.tucomarca.com\/wordpress\/segunda\/wp-json\/wp\/v2\/media\/267754"}],"wp:attachment":[{"href":"https:\/\/www.tucomarca.com\/wordpress\/segunda\/wp-json\/wp\/v2\/media?parent=298802"}],"wp:term":[{"taxonomy":"category","embeddable":true,"href":"https:\/\/www.tucomarca.com\/wordpress\/segunda\/wp-json\/wp\/v2\/categories?post=298802"},{"taxonomy":"post_tag","embeddable":true,"href":"https:\/\/www.tucomarca.com\/wordpress\/segunda\/wp-json\/wp\/v2\/tags?post=298802"}],"curies":[{"name":"wp","href":"https:\/\/api.w.org\/{rel}","templated":true}]}}