{"id":298810,"date":"2026-04-15T12:45:00","date_gmt":"2026-04-15T10:45:00","guid":{"rendered":"https:\/\/www.tucomarca.com\/wordpress\/segunda\/?p=298810"},"modified":"2026-04-15T21:36:45","modified_gmt":"2026-04-15T19:36:45","slug":"la-diputacio-reduce-la-duracion-del-corte-de-la-carretera-cv-425-entre-bunol-y-alborache-tras-acordar-nuevas-medidas-con-los-municipios-afectados","status":"publish","type":"post","link":"https:\/\/www.tucomarca.com\/wordpress\/segunda\/la-diputacio-reduce-la-duracion-del-corte-de-la-carretera-cv-425-entre-bunol-y-alborache-tras-acordar-nuevas-medidas-con-los-municipios-afectados\/","title":{"rendered":"La Diputaci\u00f3 reduce la duraci\u00f3n del corte de la carretera CV-425 entre Bu\u00f1ol y Alborache tras acordar nuevas medidas con los municipios afectados"},"content":{"rendered":"\n<h3 class=\"wp-block-heading\">La instituci\u00f3n provincial acuerda con Pavasal, empresa que est\u00e1 ejecutando la obra, incrementar los turnos de trabajo, incluyendo s\u00e1bados, para rebajar al m\u00e1ximo el tiempo estimado de corte.<\/h3>\n\n\n\n<h3 class=\"wp-block-heading\">El \u00e1rea provincial de Carreteras mejorar\u00e1 los itinerarios alternativos y retrasar\u00e1 la interrupci\u00f3n al 21 de junio para evitar la afectaci\u00f3n al transporte escolar.<\/h3>\n\n\n\n<p>La Diputaci\u00f3 de Val\u00e8ncia ha acordado con los ayuntamientos de de la comarca de La Hoya de Bu\u00f1ol una bater\u00eda de medidas para minimizar el impacto de las obras de mejora que se est\u00e1n ejecutando en la carretera que une los municipios de Bu\u00f1ol y Alborache.<\/p>\n\n\n\n<p>Las decisiones se han adoptado en una reuni\u00f3n celebrada este martes entre responsables t\u00e9cnicos del \u00e1rea provincial de Carreteras, representantes de la direcci\u00f3n de obra, y alcaldes y alcaldesas de la zona, con el objetivo de coordinar soluciones para minimizar el impacto sobre el tr\u00e1fico en una de las fases m\u00e1s complejas de los trabajos, en los que la Diputaci\u00f3 ha invertido m\u00e1s de 6 millones de euros.<\/p>\n\n\n\n<figure class=\"wp-block-gallery has-nested-images columns-default is-cropped wp-block-gallery-1 is-layout-flex wp-block-gallery-is-layout-flex\">\n<figure class=\"wp-block-image size-large\"><img loading=\"lazy\" decoding=\"async\" width=\"945\" height=\"638\" data-id=\"298817\" src=\"https:\/\/www.tucomarca.com\/wordpress\/segunda\/wp-content\/uploads\/2026\/04\/CV425Obras2_abril26.jpg\" alt=\"\" class=\"wp-image-298817\" srcset=\"https:\/\/www.tucomarca.com\/wordpress\/segunda\/wp-content\/uploads\/2026\/04\/CV425Obras2_abril26.jpg 945w, https:\/\/www.tucomarca.com\/wordpress\/segunda\/wp-content\/uploads\/2026\/04\/CV425Obras2_abril26-300x203.jpg 300w, https:\/\/www.tucomarca.com\/wordpress\/segunda\/wp-content\/uploads\/2026\/04\/CV425Obras2_abril26-768x519.jpg 768w\" sizes=\"auto, (max-width: 945px) 100vw, 945px\" \/><\/figure>\n\n\n\n<figure class=\"wp-block-image size-large\"><img loading=\"lazy\" decoding=\"async\" width=\"1024\" height=\"582\" data-id=\"298812\" src=\"https:\/\/www.tucomarca.com\/wordpress\/segunda\/wp-content\/uploads\/2026\/04\/Reun_Bunol_Alborache-1024x582.jpg\" alt=\"\" class=\"wp-image-298812\" srcset=\"https:\/\/www.tucomarca.com\/wordpress\/segunda\/wp-content\/uploads\/2026\/04\/Reun_Bunol_Alborache-1024x582.jpg 1024w, https:\/\/www.tucomarca.com\/wordpress\/segunda\/wp-content\/uploads\/2026\/04\/Reun_Bunol_Alborache-300x171.jpg 300w, https:\/\/www.tucomarca.com\/wordpress\/segunda\/wp-content\/uploads\/2026\/04\/Reun_Bunol_Alborache-768x437.jpg 768w, https:\/\/www.tucomarca.com\/wordpress\/segunda\/wp-content\/uploads\/2026\/04\/Reun_Bunol_Alborache-1536x874.jpg 1536w, https:\/\/www.tucomarca.com\/wordpress\/segunda\/wp-content\/uploads\/2026\/04\/Reun_Bunol_Alborache-2048x1165.jpg 2048w\" sizes=\"auto, (max-width: 1024px) 100vw, 1024px\" \/><\/figure>\n<\/figure>\n\n\n\n<p><\/p>\n\n\n\n<p>Entre las principales medidas acordadas figura el aplazamiento del inicio del corte previsto de la v\u00eda hasta el pr\u00f3ximo 21 de junio, con el fin de evitar afecciones al transporte escolar. Asimismo, la empresa adjudicataria -Pavasal- reforzar\u00e1 el ritmo de ejecuci\u00f3n mediante la incorporaci\u00f3n de un turno adicional de trabajo y la actividad durante los s\u00e1bados, lo que permitir\u00e1 reducir la duraci\u00f3n estimada de la interrupci\u00f3n total del tr\u00e1fico inicialmente prevista en un mes.<\/p>\n\n\n\n<p>La diputada de Carreteras, Reme Mazzolari, ha destacado que \u201cdesde el primer momento hemos querido escuchar a todos los alcaldes y atender sus preocupaciones, porque compartimos la necesidad de ejecutar una obra imprescindible, pero tambi\u00e9n de hacerlo causando las menores molestias posibles a vecinos, comercios y usuarios\u201d.<\/p>\n\n\n\n<p>Mazzolari ha subrayado que \u201cla Diputaci\u00f3, la direcci\u00f3n facultativa y la empresa contratista vamos a realizar un esfuerzo extraordinario para acortar plazos al m\u00e1ximo, mejorar la coordinaci\u00f3n y reforzar la seguridad durante el periodo de afecci\u00f3n\u201d.<\/p>\n\n\n\n<p><strong>Refuerzo de itinerarios alternativos y coordinaci\u00f3n de servicios esenciales<\/strong><\/p>\n\n\n\n<p>Adem\u00e1s de la reducci\u00f3n de plazos, la Diputaci\u00f3 actuar\u00e1 en las carreteras que absorber\u00e1n el tr\u00e1fico desviado durante las semanas de corte, donde se ejecutar\u00e1n mejoras de seguridad y adecuaci\u00f3n para facilitar la movilidad en las mejores condiciones posibles.<\/p>\n\n\n\n<p>De forma paralela, tambi\u00e9n se estudiar\u00e1 la implantaci\u00f3n de restricciones puntuales al tr\u00e1fico pesado y a la circulaci\u00f3n ciclista en determinados momentos, atendiendo a criterios t\u00e9cnicos y de seguridad. Igualmente, se mantendr\u00e1n contactos con los organismos competentes para minimizar la incidencia sobre el tr\u00e1nsito vinculado a la recogida y transporte de residuos.<\/p>\n\n\n\n<p>En materia asistencial, la corporaci\u00f3n provincial trasladar\u00e1 a la Conselleria de Sanidad la solicitud para habilitar un recurso sanitario con cobertura de 24 horas en un punto estrat\u00e9gico de la zona mientras duren las obras, con el fin de garantizar una respuesta r\u00e1pida ante cualquier emergencia.<\/p>\n\n\n\n<p><strong>Una intervenci\u00f3n clave para la seguridad y la movilidad<\/strong><\/p>\n\n\n\n<p>La actuaci\u00f3n sobre la carretera CV-425 entre Bu\u00f1ol y Alborache cuenta con una inversi\u00f3n superior a los seis millones de euros y permitir\u00e1 modernizar una v\u00eda esencial para la conexi\u00f3n interna de la comarca.&nbsp;<\/p>\n\n\n\n<p>El proyecto contempla la ampliaci\u00f3n de la plataforma, la mejora integral del firme y la adaptaci\u00f3n del trazado para incrementar la seguridad vial y mejorar la circulaci\u00f3n.&nbsp;<\/p>\n\n\n\n<p>Asimismo, incorpora criterios ambientales pioneros, con medidas de restauraci\u00f3n del entorno y compensaci\u00f3n de emisiones asociadas a la obra, siendo la primera actuaci\u00f3n sobre la red provincial de Carreteras en la que la Diputaci\u00f3 incluy\u00f3 criterios de adjudicaci\u00f3n basados en la sostenibilidad de los materiales de construcci\u00f3n para reducir la huella de carbono.<\/p>\n\n\n\n<p>La responsable provincial de Carreteras ha remarcado que \u201csabemos que toda obra relevante genera incomodidades temporales, pero tambi\u00e9n sabemos que esta intervenci\u00f3n mejorar\u00e1 de forma decisiva la seguridad, la conectividad y la calidad de una v\u00eda fundamental para la comarca\u201d.<\/p>\n\n\n\n<p>\u201cPor eso vamos a seguir trabajando con di\u00e1logo, coordinaci\u00f3n institucional y m\u00e1xima responsabilidad para que la actuaci\u00f3n avance con todas las garant\u00edas y finalice cuanto antes\u201d, ha concluido Mazzolari.<\/p>\n","protected":false},"excerpt":{"rendered":"<div class=\"mh-excerpt\">La instituci\u00f3n provincial acuerda con Pavasal, empresa que est\u00e1 ejecutando la obra, incrementar los turnos de trabajo, incluyendo s\u00e1bados, para rebajar al m\u00e1ximo el tiempo estimado de corte. El \u00e1rea provincial de Carreteras mejorar\u00e1 los <a class=\"mh-excerpt-more\" href=\"https:\/\/www.tucomarca.com\/wordpress\/segunda\/la-diputacio-reduce-la-duracion-del-corte-de-la-carretera-cv-425-entre-bunol-y-alborache-tras-acordar-nuevas-medidas-con-los-municipios-afectados\/\" title=\"La Diputaci\u00f3 reduce la duraci\u00f3n del corte de la carretera CV-425 entre Bu\u00f1ol y Alborache tras acordar nuevas medidas con los municipios afectados\">[+] <\/a><\/div>\n","protected":false},"author":12,"featured_media":298815,"comment_status":"closed","ping_status":"open","sticky":false,"template":"","format":"gallery","meta":{"footnotes":""},"categories":[19,18,15,128,8,10,13,117,142,3,45,11],"tags":[24128,6793,3677],"class_list":{"0":"post-298810","1":"post","2":"type-post","3":"status-publish","4":"format-gallery","5":"has-post-thumbnail","7":"category-alborache","8":"category-bunol","9":"category-dos-aguas","10":"category-infraestructuras","11":"category-la-comarca","12":"category-la-hoya","13":"category-macastre","14":"category-medio-ambiente-la-comarca","15":"category-politica-la-comarca","16":"category-seccion","17":"category-ventana","18":"category-yatova","19":"tag-corte-de-carretera","20":"tag-cv-425","21":"tag-diputacio-de-valencia","22":"post_format-post-format-gallery"},"_links":{"self":[{"href":"https:\/\/www.tucomarca.com\/wordpress\/segunda\/wp-json\/wp\/v2\/posts\/298810","targetHints":{"allow":["GET"]}}],"collection":[{"href":"https:\/\/www.tucomarca.com\/wordpress\/segunda\/wp-json\/wp\/v2\/posts"}],"about":[{"href":"https:\/\/www.tucomarca.com\/wordpress\/segunda\/wp-json\/wp\/v2\/types\/post"}],"author":[{"embeddable":true,"href":"https:\/\/www.tucomarca.com\/wordpress\/segunda\/wp-json\/wp\/v2\/users\/12"}],"replies":[{"embeddable":true,"href":"https:\/\/www.tucomarca.com\/wordpress\/segunda\/wp-json\/wp\/v2\/comments?post=298810"}],"version-history":[{"count":0,"href":"https:\/\/www.tucomarca.com\/wordpress\/segunda\/wp-json\/wp\/v2\/posts\/298810\/revisions"}],"wp:featuredmedia":[{"embeddable":true,"href":"https:\/\/www.tucomarca.com\/wordpress\/segunda\/wp-json\/wp\/v2\/media\/298815"}],"wp:attachment":[{"href":"https:\/\/www.tucomarca.com\/wordpress\/segunda\/wp-json\/wp\/v2\/media?parent=298810"}],"wp:term":[{"taxonomy":"category","embeddable":true,"href":"https:\/\/www.tucomarca.com\/wordpress\/segunda\/wp-json\/wp\/v2\/categories?post=298810"},{"taxonomy":"post_tag","embeddable":true,"href":"https:\/\/www.tucomarca.com\/wordpress\/segunda\/wp-json\/wp\/v2\/tags?post=298810"}],"curies":[{"name":"wp","href":"https:\/\/api.w.org\/{rel}","templated":true}]}}