{"id":298834,"date":"2026-04-14T11:55:00","date_gmt":"2026-04-14T09:55:00","guid":{"rendered":"https:\/\/www.tucomarca.com\/wordpress\/segunda\/?p=298834"},"modified":"2026-04-15T21:43:56","modified_gmt":"2026-04-15T19:43:56","slug":"la-diputacio-de-valencia-asigna-casi-2-millones-de-euros-a-los-ayuntamientos-de-la-canal-de-navarres-la-costera-y-la-vall-dalbaida-para-gestion-forestal-y-prevencion-de-incendios","status":"publish","type":"post","link":"https:\/\/www.tucomarca.com\/wordpress\/segunda\/la-diputacio-de-valencia-asigna-casi-2-millones-de-euros-a-los-ayuntamientos-de-la-canal-de-navarres-la-costera-y-la-vall-dalbaida-para-gestion-forestal-y-prevencion-de-incendios\/","title":{"rendered":"La Diputaci\u00f3 de Val\u00e8ncia asigna casi 2 millones de euros a los ayuntamientos de La Canal de Navarr\u00e9s, La Costera y La Vall d&#8217;Albaida para gesti\u00f3n forestal y prevenci\u00f3n de incendios\u00a0"},"content":{"rendered":"\n<h3 class=\"wp-block-heading\">El presidente Vicent Momp\u00f3 presenta ante alcaldes y alcaldesas de la provincia las novedades del programa de subvenciones del \u00e1rea de Medio Ambiente para hacerlo \u00abm\u00e1s \u00fatil, m\u00e1s inteligente y profundamente conectado con la realidad de nuestros ayuntamientos\u00bb.<\/h3>\n\n\n\n<h3 class=\"wp-block-heading\">La distribuci\u00f3n de las ayudas atiende a criterios como el tama\u00f1o del municipio, la extensi\u00f3n de masa forestal o la existencia de planes forestales.\u00a0<\/h3>\n\n\n\n<h3 class=\"wp-block-heading\">El diputado de Medio Ambiente, Avelino Mascarell, destaca como novedad de esta convocatoria \u00abla reducci\u00f3n de la burocracia para simplificar la gesti\u00f3n por parte de los ayuntamientos que permitir\u00e1 que las acciones se lleven a cabo de manera m\u00e1s \u00e1gil\u00bb.<\/h3>\n\n\n\n<p>El presidente de la Diputaci\u00f3 de Val\u00e8ncia, Vicent Momp\u00f3, ha presentado esta ma\u00f1ana, junto al diputado de Medio Ambiente, Avelino Mascarell, las novedades de la edici\u00f3n 2026 del programa de subvenciones en materia de gesti\u00f3n forestal y prevenci\u00f3n de incendios.<\/p>\n\n\n\n<p>Se trata del programa anual Gestifoc que este a\u00f1o, seg\u00fan ha anunciado el propio Momp\u00f3 \u00abha redise\u00f1ado completamente su operativa para simplificar al m\u00e1ximo la burocracia\u00bb. \u00abDe esta manera -ha explicado el propio presidente- seguimos consolidando una forma de entender la acci\u00f3n p\u00fablica m\u00e1s \u00fatil, m\u00e1s inteligente y conectada con la realidad de nuestros ayuntamientos\u00bb.<\/p>\n\n\n\n<p>En la Vall d&#8217;Albaida, la asignaci\u00f3n global del \u00e1rea de Medio Ambiente de la instituci\u00f3n provincial asciende a 848.709 euros, que se distribuir\u00e1n entre los 34 municipios de la comarca, mientras que la Canal de Navarr\u00e9s suma 522.811 euros para sus 8 ayuntamientos y la Costera, 511.000 euros en total.<\/p>\n\n\n\n<p>La asignaci\u00f3n de las cantidades que corresponden a cada ayuntamiento se han llevado a cabo seg\u00fan el baremo t\u00e9cnico que recoge, entre otros aspectos, los siguientes: tama\u00f1o del municipio (se prioriza los m\u00e1s peque\u00f1os), superficie forestal (cuanto m\u00e1s monte, m\u00e1s ayuda), planificaci\u00f3n (planes forestales o de prevenci\u00f3n de incendios), y la existencia de espacios naturales protegidos y\/o montes de utilidad p\u00fablica.<\/p>\n\n\n\n<p><strong>Caracter\u00edsticas generales del programa<\/strong><\/p>\n\n\n\n<p>Con un montante global de 8 millones de euros, la edici\u00f3n 2026 de Gestifoc presenta como novedad m\u00e1s relevante, tal como explica el diputado Avelino Mascarell, \u00abla reducci\u00f3n a la mitad de la burocracia que hasta ahora acompa\u00f1aba a este plan\u00bb y destaca que \u00abesto tiene un doble beneficio: simplifica la gesti\u00f3n por parte de los ayuntamientos, y, lo que es m\u00e1s importante, permite que las acciones preventivas se lleven a cabo de manera m\u00e1s \u00e1gil\u00bb.<\/p>\n\n\n\n<p>Tambi\u00e9n enmarcado en este proceso de simplificaci\u00f3n administrativa, el \u00e1rea de Medio Ambiente ha adelantado la convocatoria de estas subvenciones al mes de marzo, tres meses antes que en el ejercicio anterior, lo que permitir\u00e1 iniciar antes las actuaciones y mejorar su impacto preventivo.<\/p>\n\n\n\n<p>En cuanto a la modalidad de las ayudas, Gestifoc contempla dos l\u00edneas de actuaci\u00f3n. Por un lado, se destinan 2 millones de euros a los municipios propietarios de montes para desarrollar trabajos de gesti\u00f3n forestal, como tratamientos silv\u00edcolas y mejora de masas vegetales. Por otro, se movilizan 6 millones de euros para ejecutar las infraestructuras previstas en los planes locales de prevenci\u00f3n de incendios, incluyendo \u00e1reas cortafuegos, mejora de caminos forestales y puntos de agua para la extinci\u00f3n.<\/p>\n\n\n\n<p><strong>MUNICIPIOS DE LA CANAL DE NAVARR\u00c9S<\/strong><\/p>\n\n\n\n<figure class=\"wp-block-table\"><table class=\"has-fixed-layout\"><tbody><tr><td><br><\/td><td><strong>PREVENCI\u00d3N INCENDIOS<\/strong><\/td><td><strong>GESTI\u00d3N FORESTAL<\/strong><\/td><td><strong>TOTAL<\/strong><\/td><\/tr><tr><td>Anna<\/td><td>9.769,96 \u20ac<\/td><td><br><\/td><td>9.769,96 \u20ac<\/td><\/tr><tr><td>Bicorp<\/td><td>60.881,84 \u20ac<\/td><td>23.751,60 \u20ac<\/td><td>84.633,44 \u20ac<\/td><\/tr><tr><td>Bolbaite<\/td><td>33.409,94 \u20ac<\/td><td>21.327,12 \u20ac<\/td><td>54.737,06 \u20ac<\/td><\/tr><tr><td>Chella<\/td><td>33.838,46 \u20ac<\/td><td>21.463,18 \u20ac<\/td><td>55.301,64 \u20ac<\/td><\/tr><tr><td>Enguera<\/td><td>92.070,71 \u20ac<\/td><td>32.418,10 \u20ac<\/td><td>124.488,81 \u20ac<\/td><\/tr><tr><td>Millares<\/td><td>50.473,88 \u20ac<\/td><td>22.672,70 \u20ac<\/td><td>73.146,58 \u20ac<\/td><\/tr><tr><td>Navarr\u00e9s<\/td><td>32.555,66 \u20ac<\/td><td>22.769,73 \u20ac<\/td><td>55.325,39 \u20ac<\/td><\/tr><tr><td>Quesa<\/td><td>43.418,90 \u20ac<\/td><td>21.989,99 \u20ac<\/td><td>65.408,89 \u20ac<\/td><\/tr><\/tbody><\/table><\/figure>\n\n\n\n<p><strong>TOTAL CANAL DE NAVARR\u00c9S: 522.811,77 \u20ac<\/strong><\/p>\n","protected":false},"excerpt":{"rendered":"<div class=\"mh-excerpt\">El presidente Vicent Momp\u00f3 presenta ante alcaldes y alcaldesas de la provincia las novedades del programa de subvenciones del \u00e1rea de Medio Ambiente para hacerlo \u00abm\u00e1s \u00fatil, m\u00e1s inteligente y profundamente conectado con la realidad <a class=\"mh-excerpt-more\" href=\"https:\/\/www.tucomarca.com\/wordpress\/segunda\/la-diputacio-de-valencia-asigna-casi-2-millones-de-euros-a-los-ayuntamientos-de-la-canal-de-navarres-la-costera-y-la-vall-dalbaida-para-gestion-forestal-y-prevencion-de-incendios\/\" title=\"La Diputaci\u00f3 de Val\u00e8ncia asigna casi 2 millones de euros a los ayuntamientos de La Canal de Navarr\u00e9s, La Costera y La Vall d&#8217;Albaida para gesti\u00f3n forestal y prevenci\u00f3n de incendios\u00a0\">[+] <\/a><\/div>\n","protected":false},"author":12,"featured_media":298836,"comment_status":"closed","ping_status":"open","sticky":false,"template":"","format":"standard","meta":{"footnotes":""},"categories":[78,338,376,257,79,128,70,8,117,71,270,142,164,3,116,45],"tags":[3677,24130,1452],"class_list":{"0":"post-298834","1":"post","2":"type-post","3":"status-publish","4":"format-standard","5":"has-post-thumbnail","7":"category-anna","8":"category-bicorp","9":"category-bolbaite","10":"category-chella","11":"category-enguera","12":"category-infraestructuras","13":"category-la-canal-de-navarres","14":"category-la-comarca","15":"category-medio-ambiente-la-comarca","16":"category-millares","17":"category-navarres","18":"category-politica-la-comarca","19":"category-quesa","20":"category-seccion","21":"category-sucesos-la-comarca","22":"category-ventana","23":"tag-diputacio-de-valencia","24":"tag-gestifoc","25":"tag-la-canal-de-navarres-2"},"_links":{"self":[{"href":"https:\/\/www.tucomarca.com\/wordpress\/segunda\/wp-json\/wp\/v2\/posts\/298834","targetHints":{"allow":["GET"]}}],"collection":[{"href":"https:\/\/www.tucomarca.com\/wordpress\/segunda\/wp-json\/wp\/v2\/posts"}],"about":[{"href":"https:\/\/www.tucomarca.com\/wordpress\/segunda\/wp-json\/wp\/v2\/types\/post"}],"author":[{"embeddable":true,"href":"https:\/\/www.tucomarca.com\/wordpress\/segunda\/wp-json\/wp\/v2\/users\/12"}],"replies":[{"embeddable":true,"href":"https:\/\/www.tucomarca.com\/wordpress\/segunda\/wp-json\/wp\/v2\/comments?post=298834"}],"version-history":[{"count":0,"href":"https:\/\/www.tucomarca.com\/wordpress\/segunda\/wp-json\/wp\/v2\/posts\/298834\/revisions"}],"wp:featuredmedia":[{"embeddable":true,"href":"https:\/\/www.tucomarca.com\/wordpress\/segunda\/wp-json\/wp\/v2\/media\/298836"}],"wp:attachment":[{"href":"https:\/\/www.tucomarca.com\/wordpress\/segunda\/wp-json\/wp\/v2\/media?parent=298834"}],"wp:term":[{"taxonomy":"category","embeddable":true,"href":"https:\/\/www.tucomarca.com\/wordpress\/segunda\/wp-json\/wp\/v2\/categories?post=298834"},{"taxonomy":"post_tag","embeddable":true,"href":"https:\/\/www.tucomarca.com\/wordpress\/segunda\/wp-json\/wp\/v2\/tags?post=298834"}],"curies":[{"name":"wp","href":"https:\/\/api.w.org\/{rel}","templated":true}]}}