{"id":298867,"date":"2026-04-16T10:10:00","date_gmt":"2026-04-16T08:10:00","guid":{"rendered":"https:\/\/www.tucomarca.com\/wordpress\/segunda\/?p=298867"},"modified":"2026-04-16T19:16:44","modified_gmt":"2026-04-16T17:16:44","slug":"viticultores-del-cava-defiende-que-la-dop-cava-vele-para-que-los-productores-obtengan-precios-por-encima-de-los-costes","status":"publish","type":"post","link":"https:\/\/www.tucomarca.com\/wordpress\/segunda\/viticultores-del-cava-defiende-que-la-dop-cava-vele-para-que-los-productores-obtengan-precios-por-encima-de-los-costes\/","title":{"rendered":"Viticultores del Cava defiende que la DOP Cava vele para que los productores obtengan precios por encima de los costes"},"content":{"rendered":"\n<h3 class=\"wp-block-heading\">La coalici\u00f3n de Uni\u00f3 de Pagesos, Joves Agricultors i Ramaders de Catalunya y Dominio de la Vega de Requena (Valencia) presenta candidatura a las elecciones de la DOP Cava del 7 de mayo.<\/h3>\n\n\n\n<p>Uni\u00f3 de Pagesos de Catalunya, Joves Agricultors i Ramaders de Catalunya (JARC) y Dominio de la Vega de Requena (Valencia) se presentan en nueva coalici\u00f3n, con el nombre de Viticultores del Cava (<a href=\"https:\/\/campsite.bio\/viticultorsdelcava\">viticultorsdelcava.org<\/a>) y con el lema <strong>\u2018La voz de todos, la fuerza del cava\u2019<\/strong>, al censo B de elaboradores en las elecciones al Consejo Regulador de la DOP Cava del 7 de mayo. El programa de la candidatura destaca el compromiso del Consejo Regulador a la hora de velar para que los viticultores perciban siempre precios por encima de los costes de producci\u00f3n, para <strong>garantizar la viabilidad productiva<\/strong> y el cumplimiento de la Ley de la cadena alimentaria, adem\u00e1s de la agilizaci\u00f3n del pago de las liquidaciones, entre otras prioridades.<\/p>\n\n\n\n<p>La lista electoral la forman los candidatos titulares David Sendra Angl\u00e8s (Uni\u00f3 de Pagesos), Dominio de la Vega, SL (Fernando Medina) y Jaume Dom\u00e8nech Ferr\u00e9 (JARC), y los candidatos suplentes Antoni Borr\u00e0s Bes (Uni\u00f3 de Pagesos), Sergi Gavald\u00e0 Jurado (Uni\u00f3 de Pagesos) y Josep Olivella Almirall (JARC).<\/p>\n\n\n\n<p>Para Viticultors del Cava, conseguir precios en origen por encima de los costes es uno de los principales objetivos por los que trabajar\u00e1, mediante la promoci\u00f3n de <strong>contratos de larga duraci\u00f3n<\/strong> y cl\u00e1usulas de revisi\u00f3n de precios. La candidatura tambi\u00e9n se ha fijado lograr la garant\u00eda de las bodegas para que <strong>liquiden la campa\u00f1a antes del 31 de diciembre<\/strong> y, si persiste el pago a cuatro meses, que sea obligatorio el abono de intereses en concepto de demora.<\/p>\n\n\n\n<p>La coalici\u00f3n tambi\u00e9n defiende la obligatoriedad de incluir en los albaranes toda la informaci\u00f3n que condicione la retribuci\u00f3n del precio recibido, con la obtenci\u00f3n de la declaraci\u00f3n como uva apta para elaborar vino base cava.<\/p>\n\n\n\n<p>En cuanto al cumplimiento de la Ley de la Cadena Alimentaria, Viticultores del Cava propone modificar el pliego de condiciones para que, transcurridos <strong>cinco d\u00edas despu\u00e9s de la vendimia<\/strong>, <strong>el vino se considere apto para elaborar cava<\/strong> sin necesidad de depender de la inspecci\u00f3n o de que la bodega lo solicite al Consejo Regulador.<\/p>\n\n\n\n<p>La candidatura tambi\u00e9n recoge la necesidad de modificar los pliegos para poder <strong>elaborar cavas con baja graduaci\u00f3n<\/strong>. Para ello, es necesario que las elaboradoras se abastezcan exclusivamente de mosto procedente de la DOP Cava, lo que permitir\u00e1 reducir stocks y revalorizar la uva de cada campa\u00f1a.<\/p>\n\n\n\n<p>En cuanto a los <strong>peque\u00f1os elaboradores<\/strong>, con bodegas de un m\u00e1ximo de 20.000-30.000 botellas, Viticultores del Cava propone que puedan elaborar cava y vino tranquilo en las mismas instalaciones, con el objetivo de promover la entrada de nuevos agentes en la DOP Cava. Asimismo, plantea incluir nuevas variedades de uva en la elaboraci\u00f3n de cavas para nuevos productos adaptados a las tendencias de mercado.<\/p>\n\n\n\n<p>Otro punto del programa se centra en garantizar una <strong>comunicaci\u00f3n m\u00e1s eficiente entre la DOP Cava y los viticultores<\/strong>, as\u00ed como una gesti\u00f3n del Consejo Regulador m\u00e1s \u00e1gil y transparente, con respuestas r\u00e1pidas y diligentes a las solicitudes de los operadores. En esta l\u00ednea, es necesario fijar una reuni\u00f3n con los elaboradores antes de la vendimia, para preparar la campa\u00f1a, y otra despu\u00e9s, para hacer balance de la situaci\u00f3n y determinar decisiones futuras.<\/p>\n\n\n\n<p>El programa tambi\u00e9n plantea un incremento de recursos para el <strong>fomento de la calidad y la imagen del cava<\/strong>, con el objetivo de dar mayor visibilidad al producto y explicar el proceso cualitativo de su elaboraci\u00f3n para llegar a nuevos consumidores. Asimismo, prev\u00e9 la implicaci\u00f3n del Consejo Regulador en la promoci\u00f3n educativa de la cultura del cava mediante acciones formativas, t\u00e9cnicas y de investigaci\u00f3n.<\/p>\n\n\n\n<p>Entre los <strong>hitos<\/strong> de la coalici\u00f3n desde 2022, destacan <strong>la limitaci\u00f3n de la ampliaci\u00f3n de la superficie de plantaci\u00f3n<\/strong> para evitar un mayor excedente de vino, la puesta en marcha de la Previsi\u00f3n de garant\u00eda cualificada, el trabajo desde el consenso en todo el sector productor y cooperativas, y la modificaci\u00f3n de la cuota del viticultor en dos fases, en relaci\u00f3n con la producci\u00f3n obtenida y el precio recibido por la uva.<\/p>\n\n\n\n<p>Viticultors del Cava tambi\u00e9n ha organizado <strong>charlas en las zonas productoras de cava<\/strong> con el objetivo de recoger sugerencias de los productores. Hoy, mi\u00e9rcoles, se ha presentado la candidatura en el Centre \u00c0gora de Vilafranca del Pened\u00e8s, y el viernes 17 de abril a las 12h se presentar\u00e1 en Requena, en Covi\u00f1as Coop. V. La informaci\u00f3n sobre nuevas charlas estar\u00e1 actualizada en <a href=\"https:\/\/campsite.bio\/viticultorsdelcava\">viticultorsdelcava.org<\/a>.<\/p>\n","protected":false},"excerpt":{"rendered":"<div class=\"mh-excerpt\">La coalici\u00f3n de Uni\u00f3 de Pagesos, Joves Agricultors i Ramaders de Catalunya y Dominio de la Vega de Requena (Valencia) presenta candidatura a las elecciones de la DOP Cava del 7 de mayo. Uni\u00f3 de <a class=\"mh-excerpt-more\" href=\"https:\/\/www.tucomarca.com\/wordpress\/segunda\/viticultores-del-cava-defiende-que-la-dop-cava-vele-para-que-los-productores-obtengan-precios-por-encima-de-los-costes\/\" title=\"Viticultores del Cava defiende que la DOP Cava vele para que los productores obtengan precios por encima de los costes\">[+] <\/a><\/div>\n","protected":false},"author":12,"featured_media":298869,"comment_status":"closed","ping_status":"open","sticky":false,"template":"","format":"standard","meta":{"footnotes":""},"categories":[113,8,7,28,27,3],"tags":[5282,24132,10387],"class_list":{"0":"post-298867","1":"post","2":"type-post","3":"status-publish","4":"format-standard","5":"has-post-thumbnail","7":"category-vinos","8":"category-la-comarca","9":"category-ocio-y-cultura","10":"category-requena","11":"category-requena-utiel","12":"category-seccion","13":"tag-bodega-dominio-de-la-vega","14":"tag-dop-cava","15":"tag-requena-utiel"},"_links":{"self":[{"href":"https:\/\/www.tucomarca.com\/wordpress\/segunda\/wp-json\/wp\/v2\/posts\/298867","targetHints":{"allow":["GET"]}}],"collection":[{"href":"https:\/\/www.tucomarca.com\/wordpress\/segunda\/wp-json\/wp\/v2\/posts"}],"about":[{"href":"https:\/\/www.tucomarca.com\/wordpress\/segunda\/wp-json\/wp\/v2\/types\/post"}],"author":[{"embeddable":true,"href":"https:\/\/www.tucomarca.com\/wordpress\/segunda\/wp-json\/wp\/v2\/users\/12"}],"replies":[{"embeddable":true,"href":"https:\/\/www.tucomarca.com\/wordpress\/segunda\/wp-json\/wp\/v2\/comments?post=298867"}],"version-history":[{"count":0,"href":"https:\/\/www.tucomarca.com\/wordpress\/segunda\/wp-json\/wp\/v2\/posts\/298867\/revisions"}],"wp:featuredmedia":[{"embeddable":true,"href":"https:\/\/www.tucomarca.com\/wordpress\/segunda\/wp-json\/wp\/v2\/media\/298869"}],"wp:attachment":[{"href":"https:\/\/www.tucomarca.com\/wordpress\/segunda\/wp-json\/wp\/v2\/media?parent=298867"}],"wp:term":[{"taxonomy":"category","embeddable":true,"href":"https:\/\/www.tucomarca.com\/wordpress\/segunda\/wp-json\/wp\/v2\/categories?post=298867"},{"taxonomy":"post_tag","embeddable":true,"href":"https:\/\/www.tucomarca.com\/wordpress\/segunda\/wp-json\/wp\/v2\/tags?post=298867"}],"curies":[{"name":"wp","href":"https:\/\/api.w.org\/{rel}","templated":true}]}}