{"id":298873,"date":"2026-04-17T11:00:00","date_gmt":"2026-04-17T09:00:00","guid":{"rendered":"https:\/\/www.tucomarca.com\/wordpress\/segunda\/?p=298873"},"modified":"2026-04-17T20:27:46","modified_gmt":"2026-04-17T18:27:46","slug":"los-ganadores-de-la-ultima-edicion-del-iturbi-inician-su-gira-de-conciertos-por-la-provincia-y-en-roma","status":"publish","type":"post","link":"https:\/\/www.tucomarca.com\/wordpress\/segunda\/los-ganadores-de-la-ultima-edicion-del-iturbi-inician-su-gira-de-conciertos-por-la-provincia-y-en-roma\/","title":{"rendered":"Los ganadores de la \u00faltima edici\u00f3n del Iturbi inician su gira de conciertos por la provincia y en Roma"},"content":{"rendered":"\n<h3 class=\"wp-block-heading\">Los tres finalistas del concurso internacional de piano de la Diputaci\u00f3 de Val\u00e8ncia, Nabeel Hayek, Uladzislau Khandohi y Ruggiero Fiorella, ofrecer\u00e1n recitales en Ll\u00edria, X\u00e0tiva, Chelva, Sollana, Ayora, Guadassuar y Val\u00e8ncia.<\/h3>\n\n\n\n<h3 class=\"wp-block-heading\">El diputado de Cultura, Paco Teruel, se\u00f1ala que el ciclo de recitales del Concurso Internacional de Piano de Valencia \u00absonar\u00e1 tambi\u00e9n en un marco \u00fanico, la Real Academia de Espa\u00f1a en Roma\u00bb.<\/h3>\n\n\n\n<p>Los tres finalistas del Premio Iturbi 2025 de la Diputaci\u00f3 de Val\u00e8ncia, Nabeel Hayek, Uladzislau Khandohi y Ruggiero Fiorella, protagonizar\u00e1n diversos recitales en diferentes escenarios de la provincia, concretamente en el Centre Cultural La Benefic\u00e8ncia de Val\u00e8ncia y en los municipios de Ll\u00edria, X\u00e0tiva, Chelva, Sollana, Ayora y Guadassuar. &nbsp;<\/p>\n\n\n\n<figure class=\"wp-block-gallery has-nested-images columns-default is-cropped wp-block-gallery-1 is-layout-flex wp-block-gallery-is-layout-flex\">\n<figure class=\"wp-block-image size-full\"><img loading=\"lazy\" decoding=\"async\" width=\"945\" height=\"613\" data-id=\"298880\" src=\"https:\/\/www.tucomarca.com\/wordpress\/segunda\/wp-content\/uploads\/2026\/04\/Dipu_Iturbi_RuggieroFiorella.jpg\" alt=\"\" class=\"wp-image-298880\" srcset=\"https:\/\/www.tucomarca.com\/wordpress\/segunda\/wp-content\/uploads\/2026\/04\/Dipu_Iturbi_RuggieroFiorella.jpg 945w, https:\/\/www.tucomarca.com\/wordpress\/segunda\/wp-content\/uploads\/2026\/04\/Dipu_Iturbi_RuggieroFiorella-300x195.jpg 300w, https:\/\/www.tucomarca.com\/wordpress\/segunda\/wp-content\/uploads\/2026\/04\/Dipu_Iturbi_RuggieroFiorella-768x498.jpg 768w\" sizes=\"auto, (max-width: 945px) 100vw, 945px\" \/><figcaption class=\"wp-element-caption\">Ruggiero Fiorella<\/figcaption><\/figure>\n\n\n\n<figure class=\"wp-block-image size-full\"><img loading=\"lazy\" decoding=\"async\" width=\"945\" height=\"630\" data-id=\"298882\" src=\"https:\/\/www.tucomarca.com\/wordpress\/segunda\/wp-content\/uploads\/2026\/04\/Dipu_Iturbi_UladzislauKhandohi.jpg\" alt=\"\" class=\"wp-image-298882\" srcset=\"https:\/\/www.tucomarca.com\/wordpress\/segunda\/wp-content\/uploads\/2026\/04\/Dipu_Iturbi_UladzislauKhandohi.jpg 945w, https:\/\/www.tucomarca.com\/wordpress\/segunda\/wp-content\/uploads\/2026\/04\/Dipu_Iturbi_UladzislauKhandohi-300x200.jpg 300w, https:\/\/www.tucomarca.com\/wordpress\/segunda\/wp-content\/uploads\/2026\/04\/Dipu_Iturbi_UladzislauKhandohi-768x512.jpg 768w\" sizes=\"auto, (max-width: 945px) 100vw, 945px\" \/><figcaption class=\"wp-element-caption\">Uladzislau Khandohi<\/figcaption><\/figure>\n<\/figure>\n\n\n\n<p>El diputado de Cultura, Paco Teruel, ha se\u00f1alado que el objetivo de la Diputaci\u00f3 de Val\u00e8ncia es \u00abimpulsar la vertebraci\u00f3n cultural del territorio con una programaci\u00f3n multidisciplinar que recorra los diferentes municipios, y una muestra de ello es el ciclo de recitales, que dar\u00e1 comienzo el 16 de abril y se prolongar\u00e1 hasta el 26 de septiembre\u00bb. Asimismo, Teruel ha apuntado que el ciclo de conciertos \u00abenmarcado en el Concurso Iturbi, con proyecci\u00f3n internacional, sonar\u00e1 tambi\u00e9n en un marco \u00fanico, la Real Academia de Espa\u00f1a en Roma, donde el primer clasificado de la pasada edici\u00f3n, Nabeel Hayek, ofrecer\u00e1 un recital\u00bb.&nbsp;<\/p>\n\n\n\n<p>La programaci\u00f3n arrancar\u00e1 este jueves 16 de abril a las 19:30 horas con un recital de Hayek. Esta nueva edici\u00f3n de conciertos se estrenar\u00e1 en el Centre Cultural La Benefic\u00e8ncia. Asimismo, el Conservatorio Profesional de M\u00fasica de Ll\u00edria acoger\u00e1 el viernes 17 de abril un concierto del joven israel\u00ed a las 20 horas. Hayek, que interpret\u00f3 en la gran final el concierto para piano y orquesta n\u00famero 1 de Johannes Brahms, visitar\u00e1 tambi\u00e9n el escenario del Sal\u00f3 Noble de la Casa de Cultura de X\u00e0tiva el domingo 19 a las 11:30 horas. Por \u00faltimo, la Real Academia de Espa\u00f1a en Roma ser\u00e1 el escenario el domingo 24 de abril del concierto que pondr\u00e1 el broche final a la gira de conciertos del ganador del Iturbi m\u00e1s internacional, que cont\u00f3 con la presentaci\u00f3n de 200 candidatos de 40 pa\u00edses.<\/p>\n\n\n\n<p>Nabeel Hayek (Nazaret 2001) es licenciado por la Escuela de M\u00fasica Buchmann-Mehta, donde estudi\u00f3 con Arie Vardi y Asaf Zohar, y tiene un m\u00e1ster por la Juilliard School con Julian Martin. Desde 2017, Hayek tiene como mentor a Murray Perahia. Nabeel es un activo m\u00fasico de c\u00e1mara y pianista colaborador con amplia experiencia, y sigue ampliando su repertorio como solista con una gran pasi\u00f3n por la m\u00fasica contempor\u00e1nea y del siglo XX. Hayek ha ofrecido recitales en Europa, Asia y Norteam\u00e9rica, y ha actuado para la Sociedad Internacional de M\u00fasica Arthur Rubinstein y la Filarm\u00f3nica de Israel.<\/p>\n\n\n\n<p><strong>M\u00e1s recitales por la provincia<\/strong><\/p>\n\n\n\n<p>El ciclo de recitales continuar\u00e1 el mes de septiembre con varias citas en diferentes municipios a cargo del bielorruso Uladzislau Khandohi, segundo premio de la pasada edici\u00f3n del concurso internacional, y el italiano Ruggiero Fiorella, tercer clasificado. Fiorella abrir\u00e1 el calendario de septiembre con recitales en el espacio Multiusos de Chelva (18 de septiembre a las 19:30 h). La gira continuar\u00e1 en el Centre Cultural La Benefic\u00e8ncia de Val\u00e8ncia (19 de septiembre a las 19:00 horas) y continuar\u00e1 en el Centre Cultural de Sollana (20 de septiembre a las 19 horas).<\/p>\n\n\n\n<p>Tambi\u00e9n en el mes de septiembre llegar\u00e1 Uladzislau Khandohi al auditorio municipal Menc\u00eda de Mendoza de Ayora. Concretamente, el d\u00eda 24 a las 20 horas. La parroquia de Sant Vicent M\u00e0rtir de Guadassuar acoger\u00e1 tambi\u00e9n un recital del segundo clasificado el d\u00eda 25 de septiembre a las 21 horas. El int\u00e9rprete ofrecer\u00e1 tambi\u00e9n un concierto el 26 de septiembre a las 19 horas en el Centre Cultural La Benefic\u00e8ncia de Val\u00e8ncia.<\/p>\n\n\n\n<p>El acceso a los recitales que tendr\u00e1n lugar en La Benefic\u00e8ncia son de acceso libre y se requiere disponer de entrada. Las entradas se recogen en el punto de Informaci\u00f3n del centro cultural. Los conciertos en los municipios ser\u00e1n con entrada libre hasta completar aforo.<\/p>\n\n\n\n<figure class=\"wp-block-image size-large\"><img loading=\"lazy\" decoding=\"async\" width=\"740\" height=\"1024\" src=\"https:\/\/www.tucomarca.com\/wordpress\/segunda\/wp-content\/uploads\/2026\/04\/DipuCalendarioIturbi-740x1024.jpg\" alt=\"\" class=\"wp-image-298884\" srcset=\"https:\/\/www.tucomarca.com\/wordpress\/segunda\/wp-content\/uploads\/2026\/04\/DipuCalendarioIturbi-740x1024.jpg 740w, https:\/\/www.tucomarca.com\/wordpress\/segunda\/wp-content\/uploads\/2026\/04\/DipuCalendarioIturbi-217x300.jpg 217w, https:\/\/www.tucomarca.com\/wordpress\/segunda\/wp-content\/uploads\/2026\/04\/DipuCalendarioIturbi-768x1063.jpg 768w, https:\/\/www.tucomarca.com\/wordpress\/segunda\/wp-content\/uploads\/2026\/04\/DipuCalendarioIturbi-1110x1536.jpg 1110w, https:\/\/www.tucomarca.com\/wordpress\/segunda\/wp-content\/uploads\/2026\/04\/DipuCalendarioIturbi-1480x2048.jpg 1480w, https:\/\/www.tucomarca.com\/wordpress\/segunda\/wp-content\/uploads\/2026\/04\/DipuCalendarioIturbi-scaled.jpg 1850w\" sizes=\"auto, (max-width: 740px) 100vw, 740px\" \/><\/figure>\n","protected":false},"excerpt":{"rendered":"<div class=\"mh-excerpt\">Los tres finalistas del concurso internacional de piano de la Diputaci\u00f3 de Val\u00e8ncia, Nabeel Hayek, Uladzislau Khandohi y Ruggiero Fiorella, ofrecer\u00e1n recitales en Ll\u00edria, X\u00e0tiva, Chelva, Sollana, Ayora, Guadassuar y Val\u00e8ncia. El diputado de Cultura, <a class=\"mh-excerpt-more\" href=\"https:\/\/www.tucomarca.com\/wordpress\/segunda\/los-ganadores-de-la-ultima-edicion-del-iturbi-inician-su-gira-de-conciertos-por-la-provincia-y-en-roma\/\" title=\"Los ganadores de la \u00faltima edici\u00f3n del Iturbi inician su gira de conciertos por la provincia y en Roma\">[+] <\/a><\/div>\n","protected":false},"author":12,"featured_media":298878,"comment_status":"closed","ping_status":"open","sticky":false,"template":"","format":"standard","meta":{"footnotes":""},"categories":[4,39,38,46,66,188,143,8,72,42,47,59,7,3,45],"tags":[20844,3677,23973],"class_list":{"0":"post-298873","1":"post","2":"type-post","3":"status-publish","4":"format-standard","5":"has-post-thumbnail","7":"category-agenda","8":"category-ayora","9":"category-ayora-cofrentes","10":"category-camp-de-turia","11":"category-musica","12":"category-chelva","13":"category-guadassuar","14":"category-la-comarca","15":"category-sin-categorizar","16":"category-la-ribera","17":"category-lliria","18":"category-los-serranos","19":"category-ocio-y-cultura","20":"category-seccion","21":"category-ventana","22":"tag-concurso-internacional-de-piano-de-valencia","23":"tag-diputacio-de-valencia","24":"tag-iturbi"},"_links":{"self":[{"href":"https:\/\/www.tucomarca.com\/wordpress\/segunda\/wp-json\/wp\/v2\/posts\/298873","targetHints":{"allow":["GET"]}}],"collection":[{"href":"https:\/\/www.tucomarca.com\/wordpress\/segunda\/wp-json\/wp\/v2\/posts"}],"about":[{"href":"https:\/\/www.tucomarca.com\/wordpress\/segunda\/wp-json\/wp\/v2\/types\/post"}],"author":[{"embeddable":true,"href":"https:\/\/www.tucomarca.com\/wordpress\/segunda\/wp-json\/wp\/v2\/users\/12"}],"replies":[{"embeddable":true,"href":"https:\/\/www.tucomarca.com\/wordpress\/segunda\/wp-json\/wp\/v2\/comments?post=298873"}],"version-history":[{"count":0,"href":"https:\/\/www.tucomarca.com\/wordpress\/segunda\/wp-json\/wp\/v2\/posts\/298873\/revisions"}],"wp:featuredmedia":[{"embeddable":true,"href":"https:\/\/www.tucomarca.com\/wordpress\/segunda\/wp-json\/wp\/v2\/media\/298878"}],"wp:attachment":[{"href":"https:\/\/www.tucomarca.com\/wordpress\/segunda\/wp-json\/wp\/v2\/media?parent=298873"}],"wp:term":[{"taxonomy":"category","embeddable":true,"href":"https:\/\/www.tucomarca.com\/wordpress\/segunda\/wp-json\/wp\/v2\/categories?post=298873"},{"taxonomy":"post_tag","embeddable":true,"href":"https:\/\/www.tucomarca.com\/wordpress\/segunda\/wp-json\/wp\/v2\/tags?post=298873"}],"curies":[{"name":"wp","href":"https:\/\/api.w.org\/{rel}","templated":true}]}}