{"id":298899,"date":"2026-04-16T12:00:00","date_gmt":"2026-04-16T10:00:00","guid":{"rendered":"https:\/\/www.tucomarca.com\/wordpress\/segunda\/?p=298899"},"modified":"2026-04-16T19:18:07","modified_gmt":"2026-04-16T17:18:07","slug":"la-generalitat-promueve-la-proteccion-del-tejo-con-la-celebracion-en-requena-de-las-v-jornadas-internacionales-sobre-esta-especie-forestal","status":"publish","type":"post","link":"https:\/\/www.tucomarca.com\/wordpress\/segunda\/la-generalitat-promueve-la-proteccion-del-tejo-con-la-celebracion-en-requena-de-las-v-jornadas-internacionales-sobre-esta-especie-forestal\/","title":{"rendered":"La Generalitat promueve la protecci\u00f3n del tejo con la celebraci\u00f3n en Requena de las V Jornadas Internacionales sobre esta especie forestal"},"content":{"rendered":"\n<h3 class=\"wp-block-heading\">El encuentro re\u00fane hasta el 17 de abril a expertos nacionales e internacionales en conservaci\u00f3n del tejo.<\/h3>\n\n\n\n<p>La Vicepresidencia Tercera y Conselleria de Medio Ambiente, Infraestructuras, Territorio y de la Recuperaci\u00f3n ha organizado en Requena las V Jornadas Internacionales del Tejo, que se celebran desde hoy y hasta el 17 de abril con el objetivo de promover la protecci\u00f3n y conservaci\u00f3n de esta especie forestal de gran valor ecol\u00f3gico.<\/p>\n\n\n\n<p>El director general de Medio Natural y Animal, Luis Gomis, ha asistido a la inauguraci\u00f3n de este encuentro, que convierte durante estos d\u00edas a Requena en punto de referencia para especialistas y profesionales vinculados al estudio y la conservaci\u00f3n del tejo. En el acto tambi\u00e9n han estado presentes el alcalde de Requena, Mario S\u00e1nchez, y la presidenta de la Asociaci\u00f3n de Amigos del Tejo y las Tejedas, Ana Collados.<\/p>\n\n\n\n<figure class=\"wp-block-image size-full\"><img loading=\"lazy\" decoding=\"async\" width=\"945\" height=\"638\" src=\"https:\/\/www.tucomarca.com\/wordpress\/segunda\/wp-content\/uploads\/2026\/04\/TejoPNPenyagolosa.jpg\" alt=\"\" class=\"wp-image-298903\" srcset=\"https:\/\/www.tucomarca.com\/wordpress\/segunda\/wp-content\/uploads\/2026\/04\/TejoPNPenyagolosa.jpg 945w, https:\/\/www.tucomarca.com\/wordpress\/segunda\/wp-content\/uploads\/2026\/04\/TejoPNPenyagolosa-300x203.jpg 300w, https:\/\/www.tucomarca.com\/wordpress\/segunda\/wp-content\/uploads\/2026\/04\/TejoPNPenyagolosa-768x519.jpg 768w\" sizes=\"auto, (max-width: 945px) 100vw, 945px\" \/><\/figure>\n\n\n\n<p>Durante su intervenci\u00f3n, Gomis ha destacado que este foro \u201cno solo permite avanzar en el conocimiento sobre los h\u00e1bitats del tejo, sino que tambi\u00e9n supone una oportunidad para dinamizar el medio rural a trav\u00e9s de proyectos europeos como LIFE\u201d. En este sentido, ha a\u00f1adido que \u201cdesde la Direcci\u00f3n General de Medio Natural y Animal vamos a seguir sumando esfuerzos en favor de la conservaci\u00f3n, trabajando de la mano de centros como el CIEF y del conjunto del sector\u201d.<\/p>\n\n\n\n<p>El encuentro, promovido en el marco del proyecto europeo LIFE Teixeres y organizado en colaboraci\u00f3n con la Asociaci\u00f3n Amigos del Tejo y las Tejedas, ha reunido a especialistas nacionales e internacionales que comparten conocimientos cient\u00edficos y experiencias de gesti\u00f3n sobre el tejo (Taxus baccata).<\/p>\n\n\n\n<p>Cerca de un centenar de personas procedentes de distintas regiones de Espa\u00f1a y de otros pa\u00edses participan en esta cita, cuyo programa cient\u00edfico incluye m\u00e1s de 20 comunicaciones centradas en la conservaci\u00f3n de esta especie. La presencia de expertos internacionales permite, adem\u00e1s, abordar los principales retos para la preservaci\u00f3n de los bosques de tejo en el \u00e1mbito mediterr\u00e1neo desde una perspectiva cient\u00edfica y t\u00e9cnica.<\/p>\n\n\n\n<p>El programa se estructura en cuatro bloques tem\u00e1ticos: proyectos LIFE relacionados con el tejo en Espa\u00f1a, ecolog\u00eda y biogeograf\u00eda, gesti\u00f3n y conservaci\u00f3n, y cultura y participaci\u00f3n social. Asimismo, se ha organizado una salida de campo al paraje de Las Hoyuelas, en Sinarcas, donde el Centro para la Investigaci\u00f3n y Experimentaci\u00f3n Forestal&nbsp;(CIEF) impuls\u00f3 hace una d\u00e9cada un huerto semillero de tejos.<\/p>\n\n\n\n<p>La celebraci\u00f3n de este encuentro ha contado con la colaboraci\u00f3n del Ayuntamiento de Requena, la Escuela de Viticultura y Enolog\u00eda de Requena, la Fundaci\u00f3n Lucio Gil de Fagoaga y la Plataforma por la Conservaci\u00f3n de la Sierra de Chiva, entidades que contribuyen a consolidar esta cita como un referente internacional en el \u00e1mbito de la conservaci\u00f3n del tejo.<\/p>\n","protected":false},"excerpt":{"rendered":"<div class=\"mh-excerpt\">El encuentro re\u00fane hasta el 17 de abril a expertos nacionales e internacionales en conservaci\u00f3n del tejo. La Vicepresidencia Tercera y Conselleria de Medio Ambiente, Infraestructuras, Territorio y de la Recuperaci\u00f3n ha organizado en Requena <a class=\"mh-excerpt-more\" href=\"https:\/\/www.tucomarca.com\/wordpress\/segunda\/la-generalitat-promueve-la-proteccion-del-tejo-con-la-celebracion-en-requena-de-las-v-jornadas-internacionales-sobre-esta-especie-forestal\/\" title=\"La Generalitat promueve la protecci\u00f3n del tejo con la celebraci\u00f3n en Requena de las V Jornadas Internacionales sobre esta especie forestal\">[+] <\/a><\/div>\n","protected":false},"author":12,"featured_media":298901,"comment_status":"closed","ping_status":"open","sticky":false,"template":"","format":"standard","meta":{"footnotes":""},"categories":[128,8,72,117,142,28,27,3,45],"tags":[10388,10387,24138],"class_list":{"0":"post-298899","1":"post","2":"type-post","3":"status-publish","4":"format-standard","5":"has-post-thumbnail","7":"category-infraestructuras","8":"category-la-comarca","9":"category-sin-categorizar","10":"category-medio-ambiente-la-comarca","11":"category-politica-la-comarca","12":"category-requena","13":"category-requena-utiel","14":"category-seccion","15":"category-ventana","16":"tag-requena","17":"tag-requena-utiel","18":"tag-v-jornadas-internacionales-del-tejo"},"_links":{"self":[{"href":"https:\/\/www.tucomarca.com\/wordpress\/segunda\/wp-json\/wp\/v2\/posts\/298899","targetHints":{"allow":["GET"]}}],"collection":[{"href":"https:\/\/www.tucomarca.com\/wordpress\/segunda\/wp-json\/wp\/v2\/posts"}],"about":[{"href":"https:\/\/www.tucomarca.com\/wordpress\/segunda\/wp-json\/wp\/v2\/types\/post"}],"author":[{"embeddable":true,"href":"https:\/\/www.tucomarca.com\/wordpress\/segunda\/wp-json\/wp\/v2\/users\/12"}],"replies":[{"embeddable":true,"href":"https:\/\/www.tucomarca.com\/wordpress\/segunda\/wp-json\/wp\/v2\/comments?post=298899"}],"version-history":[{"count":0,"href":"https:\/\/www.tucomarca.com\/wordpress\/segunda\/wp-json\/wp\/v2\/posts\/298899\/revisions"}],"wp:featuredmedia":[{"embeddable":true,"href":"https:\/\/www.tucomarca.com\/wordpress\/segunda\/wp-json\/wp\/v2\/media\/298901"}],"wp:attachment":[{"href":"https:\/\/www.tucomarca.com\/wordpress\/segunda\/wp-json\/wp\/v2\/media?parent=298899"}],"wp:term":[{"taxonomy":"category","embeddable":true,"href":"https:\/\/www.tucomarca.com\/wordpress\/segunda\/wp-json\/wp\/v2\/categories?post=298899"},{"taxonomy":"post_tag","embeddable":true,"href":"https:\/\/www.tucomarca.com\/wordpress\/segunda\/wp-json\/wp\/v2\/tags?post=298899"}],"curies":[{"name":"wp","href":"https:\/\/api.w.org\/{rel}","templated":true}]}}