{"id":298956,"date":"2026-04-16T10:15:00","date_gmt":"2026-04-16T08:15:00","guid":{"rendered":"https:\/\/www.tucomarca.com\/wordpress\/segunda\/?p=298956"},"modified":"2026-04-16T19:09:19","modified_gmt":"2026-04-16T17:09:19","slug":"bunol-celebra-el-dia-internacional-del-libro-con-una-completa-programacion-cultural-bajo-el-titulo-abril-un-mes-entre-libros","status":"publish","type":"post","link":"https:\/\/www.tucomarca.com\/wordpress\/segunda\/bunol-celebra-el-dia-internacional-del-libro-con-una-completa-programacion-cultural-bajo-el-titulo-abril-un-mes-entre-libros\/","title":{"rendered":"Bu\u00f1ol celebra el D\u00eda Internacional del Libro con una completa programaci\u00f3n cultural bajo el t\u00edtulo \u00abAbril, un mes entre libros\u00bb"},"content":{"rendered":"\n<p>Bu\u00f1ol conmemora el D\u00eda Internacional del Libro con una amplia y variada programaci\u00f3n de actividades culturales que se desarrollar\u00e1n a lo largo del mes de abril, con propuestas para todos los p\u00fablicos que combinan literatura, m\u00fasica, teatro y divulgaci\u00f3n.<\/p>\n\n\n\n<p>La agenda arranc\u00f3 el mi\u00e9rcoles 15 de abril con la charla <em>\u201c32 segundos y 320 a\u00f1os\u201d<\/em>, a cargo de Roberto Palmer Navarro, centrada en el eclipse previsto para 2026, y con un laboratorio teatral dirigido a mayores de 18 a\u00f1os en la Sala Raga.<\/p>\n\n\n\n<p>Las actividades contin\u00faan el viernes 17 de abril con la presentaci\u00f3n del libro infantil <em>\u201cTengo una familia en la cabeza\u201d<\/em> de Luc\u00eda Villanueva Cus\u00ed, mientras que el mi\u00e9rcoles 22 tendr\u00e1 lugar el encuentro <em>Libros &amp; Cine<\/em>, conducido por Juan Le\u00f3n, que abordar\u00e1 la relaci\u00f3n entre literatura y cine.<\/p>\n\n\n\n<p>El d\u00eda grande llegar\u00e1 el jueves 23 de abril, con motivo del D\u00eda Internacional del Libro, con una programaci\u00f3n especial de Radio Bu\u00f1ol desde las 10:00 horas y un concierto recital titulado <em>\u201cEternidades: Sorolla &amp; Jim\u00e9nez\u201d<\/em>, que combinar\u00e1 m\u00fasica y poes\u00eda en la Sala Raga.<\/p>\n\n\n\n<p>La programaci\u00f3n literaria continuar\u00e1 el viernes 24 de abril con la presentaci\u00f3n de <em>\u201cSingapur\u201d<\/em>, de Alfons Cervera, seguida el s\u00e1bado 25 por <em>\u201cEl elogio del equilibrio\u201d<\/em>, de Domingo Mart\u00ednez.<\/p>\n\n\n\n<p>El martes 28 de abril se celebrar\u00e1 una nueva sesi\u00f3n del club de lectura con la obra <em>\u201cEl balc\u00f3n en invierno\u201d<\/em> de Luis Landero. Ya en la recta final del mes, el mi\u00e9rcoles 29 se presentar\u00e1 <em>\u201cEl vuelo de la nieve, traves\u00eda hacia la luz\u201d<\/em> de Denise Blais, y el jueves 30 se cerrar\u00e1 el ciclo con <em>\u201cLa \u00faltima fiesta\u201d<\/em>, con la participaci\u00f3n de Guillermo Estivalles y Ana Perell\u00f3.<\/p>\n\n\n\n<p>La mayor\u00eda de los actos se desarrollar\u00e1n en la Sala Raga.<\/p>\n\n\n\n<figure class=\"wp-block-image size-large\"><img loading=\"lazy\" decoding=\"async\" width=\"1024\" height=\"724\" src=\"https:\/\/www.tucomarca.com\/wordpress\/segunda\/wp-content\/uploads\/2026\/04\/ProgramaAbrilLibro-1024x724.jpg\" alt=\"\" class=\"wp-image-298957\" srcset=\"https:\/\/www.tucomarca.com\/wordpress\/segunda\/wp-content\/uploads\/2026\/04\/ProgramaAbrilLibro-1024x724.jpg 1024w, https:\/\/www.tucomarca.com\/wordpress\/segunda\/wp-content\/uploads\/2026\/04\/ProgramaAbrilLibro-300x212.jpg 300w, https:\/\/www.tucomarca.com\/wordpress\/segunda\/wp-content\/uploads\/2026\/04\/ProgramaAbrilLibro-768x543.jpg 768w, https:\/\/www.tucomarca.com\/wordpress\/segunda\/wp-content\/uploads\/2026\/04\/ProgramaAbrilLibro-1536x1085.jpg 1536w, https:\/\/www.tucomarca.com\/wordpress\/segunda\/wp-content\/uploads\/2026\/04\/ProgramaAbrilLibro-2048x1447.jpg 2048w\" sizes=\"auto, (max-width: 1024px) 100vw, 1024px\" \/><\/figure>\n","protected":false},"excerpt":{"rendered":"<div class=\"mh-excerpt\">Bu\u00f1ol conmemora el D\u00eda Internacional del Libro con una amplia y variada programaci\u00f3n de actividades culturales que se desarrollar\u00e1n a lo largo del mes de abril, con propuestas para todos los p\u00fablicos que combinan literatura, <a class=\"mh-excerpt-more\" href=\"https:\/\/www.tucomarca.com\/wordpress\/segunda\/bunol-celebra-el-dia-internacional-del-libro-con-una-completa-programacion-cultural-bajo-el-titulo-abril-un-mes-entre-libros\/\" title=\"Bu\u00f1ol celebra el D\u00eda Internacional del Libro con una completa programaci\u00f3n cultural bajo el t\u00edtulo \u00abAbril, un mes entre libros\u00bb\">[+] <\/a><\/div>\n","protected":false},"author":12,"featured_media":298960,"comment_status":"closed","ping_status":"open","sticky":false,"template":"","format":"standard","meta":{"footnotes":""},"categories":[4,18,8,10,7,3],"tags":[24140,10385,14543,5952],"class_list":{"0":"post-298956","1":"post","2":"type-post","3":"status-publish","4":"format-standard","5":"has-post-thumbnail","7":"category-agenda","8":"category-bunol","9":"category-la-comarca","10":"category-la-hoya","11":"category-ocio-y-cultura","12":"category-seccion","13":"tag-abril-un-mes-entre-libros","14":"tag-bunol","15":"tag-dia-internacional-del-libro","16":"tag-la-hoya-de-bunol-chiva"},"_links":{"self":[{"href":"https:\/\/www.tucomarca.com\/wordpress\/segunda\/wp-json\/wp\/v2\/posts\/298956","targetHints":{"allow":["GET"]}}],"collection":[{"href":"https:\/\/www.tucomarca.com\/wordpress\/segunda\/wp-json\/wp\/v2\/posts"}],"about":[{"href":"https:\/\/www.tucomarca.com\/wordpress\/segunda\/wp-json\/wp\/v2\/types\/post"}],"author":[{"embeddable":true,"href":"https:\/\/www.tucomarca.com\/wordpress\/segunda\/wp-json\/wp\/v2\/users\/12"}],"replies":[{"embeddable":true,"href":"https:\/\/www.tucomarca.com\/wordpress\/segunda\/wp-json\/wp\/v2\/comments?post=298956"}],"version-history":[{"count":0,"href":"https:\/\/www.tucomarca.com\/wordpress\/segunda\/wp-json\/wp\/v2\/posts\/298956\/revisions"}],"wp:featuredmedia":[{"embeddable":true,"href":"https:\/\/www.tucomarca.com\/wordpress\/segunda\/wp-json\/wp\/v2\/media\/298960"}],"wp:attachment":[{"href":"https:\/\/www.tucomarca.com\/wordpress\/segunda\/wp-json\/wp\/v2\/media?parent=298956"}],"wp:term":[{"taxonomy":"category","embeddable":true,"href":"https:\/\/www.tucomarca.com\/wordpress\/segunda\/wp-json\/wp\/v2\/categories?post=298956"},{"taxonomy":"post_tag","embeddable":true,"href":"https:\/\/www.tucomarca.com\/wordpress\/segunda\/wp-json\/wp\/v2\/tags?post=298956"}],"curies":[{"name":"wp","href":"https:\/\/api.w.org\/{rel}","templated":true}]}}