{"id":298969,"date":"2026-04-16T10:00:00","date_gmt":"2026-04-16T08:00:00","guid":{"rendered":"https:\/\/www.tucomarca.com\/wordpress\/segunda\/?p=298969"},"modified":"2026-04-16T19:01:27","modified_gmt":"2026-04-16T17:01:27","slug":"benaguasil-lanza-una-nueva-edicion-de-anem-de-ruta","status":"publish","type":"post","link":"https:\/\/www.tucomarca.com\/wordpress\/segunda\/benaguasil-lanza-una-nueva-edicion-de-anem-de-ruta\/","title":{"rendered":"Benaguasil lanza una nueva edici\u00f3n de \u201cAnem de ruta\u201d"},"content":{"rendered":"\n<h3 class=\"wp-block-heading\">El programa municipal de senderismo incluye cuatro salidas guiadas hasta finales de mayo.<\/h3>\n\n\n\n<p>El Ayuntamiento de Benaguasil, a trav\u00e9s del \u00e1rea de Deportes, vuelve a poner en marcha el programa municipal de senderismo \u201cAnem de ruta\u201d, una iniciativa que busca fomentar la actividad f\u00edsica al aire libre y el contacto con la naturaleza entre la ciudadan\u00eda.<\/p>\n\n\n\n<p>La programaci\u00f3n de caminatas se extender\u00e1 hasta finales de mayo, ofreciendo a los participantes varias oportunidades para disfrutar de entornos naturales cercanos. La primera salida tendr\u00e1 lugar el pr\u00f3ximo 26 de abril y recorrer\u00e1 el itinerario Olocau\u2013Puntal dels Llops, una ruta de aproximadamente 7 kil\u00f3metros de longitud y de dificultad baja, pensada para que pueda ser disfrutada por personas de diferentes niveles.<\/p>\n\n\n\n<p>El calendario continuar\u00e1 con nuevas rutas los d\u00edas 3, 17 y 31 de mayo, completando as\u00ed una propuesta variada que permitir\u00e1 redescubrir algunos de los espacios naturales m\u00e1s emblem\u00e1ticos del entorno de Benaguasil.<\/p>\n\n\n\n<p>Desde el Consistorio destacan que este programa no solo promueve la pr\u00e1ctica deportiva, sino que tambi\u00e9n busca acercar el patrimonio natural a los vecinos y fomentar h\u00e1bitos de vida saludables a trav\u00e9s del ejercicio en grupo.<\/p>\n\n\n\n<p>Las personas interesadas en participar en cualquiera de las rutas pueden formalizar su inscripci\u00f3n en la Oficina de Atenci\u00f3n Ciudadana (OAC) del Ayuntamiento.&nbsp;<\/p>\n","protected":false},"excerpt":{"rendered":"<div class=\"mh-excerpt\">El programa municipal de senderismo incluye cuatro salidas guiadas hasta finales de mayo. El Ayuntamiento de Benaguasil, a trav\u00e9s del \u00e1rea de Deportes, vuelve a poner en marcha el programa municipal de senderismo \u201cAnem de <a class=\"mh-excerpt-more\" href=\"https:\/\/www.tucomarca.com\/wordpress\/segunda\/benaguasil-lanza-una-nueva-edicion-de-anem-de-ruta\/\" title=\"Benaguasil lanza una nueva edici\u00f3n de \u201cAnem de ruta\u201d\">[+] <\/a><\/div>\n","protected":false},"author":12,"featured_media":298971,"comment_status":"closed","ping_status":"open","sticky":false,"template":"","format":"standard","meta":{"footnotes":""},"categories":[4,172,46,6,8,7,199,3],"tags":[24142,10429,10395],"class_list":{"0":"post-298969","1":"post","2":"type-post","3":"status-publish","4":"format-standard","5":"has-post-thumbnail","7":"category-agenda","8":"category-benaguasil","9":"category-camp-de-turia","10":"category-deportes","11":"category-la-comarca","12":"category-ocio-y-cultura","13":"category-polideportivo","14":"category-seccion","15":"tag-anem-de-ruta","16":"tag-benaguasil","17":"tag-camp-de-turia"},"_links":{"self":[{"href":"https:\/\/www.tucomarca.com\/wordpress\/segunda\/wp-json\/wp\/v2\/posts\/298969","targetHints":{"allow":["GET"]}}],"collection":[{"href":"https:\/\/www.tucomarca.com\/wordpress\/segunda\/wp-json\/wp\/v2\/posts"}],"about":[{"href":"https:\/\/www.tucomarca.com\/wordpress\/segunda\/wp-json\/wp\/v2\/types\/post"}],"author":[{"embeddable":true,"href":"https:\/\/www.tucomarca.com\/wordpress\/segunda\/wp-json\/wp\/v2\/users\/12"}],"replies":[{"embeddable":true,"href":"https:\/\/www.tucomarca.com\/wordpress\/segunda\/wp-json\/wp\/v2\/comments?post=298969"}],"version-history":[{"count":0,"href":"https:\/\/www.tucomarca.com\/wordpress\/segunda\/wp-json\/wp\/v2\/posts\/298969\/revisions"}],"wp:featuredmedia":[{"embeddable":true,"href":"https:\/\/www.tucomarca.com\/wordpress\/segunda\/wp-json\/wp\/v2\/media\/298971"}],"wp:attachment":[{"href":"https:\/\/www.tucomarca.com\/wordpress\/segunda\/wp-json\/wp\/v2\/media?parent=298969"}],"wp:term":[{"taxonomy":"category","embeddable":true,"href":"https:\/\/www.tucomarca.com\/wordpress\/segunda\/wp-json\/wp\/v2\/categories?post=298969"},{"taxonomy":"post_tag","embeddable":true,"href":"https:\/\/www.tucomarca.com\/wordpress\/segunda\/wp-json\/wp\/v2\/tags?post=298969"}],"curies":[{"name":"wp","href":"https:\/\/api.w.org\/{rel}","templated":true}]}}