{"id":298976,"date":"2026-04-16T10:40:00","date_gmt":"2026-04-16T08:40:00","guid":{"rendered":"https:\/\/www.tucomarca.com\/wordpress\/segunda\/?p=298976"},"modified":"2026-04-16T21:50:24","modified_gmt":"2026-04-16T19:50:24","slug":"el-zorricos-fest-regresa-este-fin-de-semana-a-alborache-con-circo-en-la-calle-y-el-gran-dinamic-show-en-el-auditorio-municipal","status":"publish","type":"post","link":"https:\/\/www.tucomarca.com\/wordpress\/segunda\/el-zorricos-fest-regresa-este-fin-de-semana-a-alborache-con-circo-en-la-calle-y-el-gran-dinamic-show-en-el-auditorio-municipal\/","title":{"rendered":"El Zorricos Fest regresa este fin de semana a Alborache con circo en la calle y el gran Dinamic Show en el Auditorio Municipal"},"content":{"rendered":"\n<h3 class=\"wp-block-heading\">Uno de los momentos m\u00e1s destacados llegar\u00e1 el s\u00e1bado por la noche con el Dinamic Show en el Auditorio Municipal Jos\u00e9 Mar\u00eda Cervera.<\/h3>\n\n\n\n<p>Alborache se prepara para vivir un fin de semana lleno de espect\u00e1culo con la llegada del Zorricos Fest, que celebra su nueva edici\u00f3n este fin de semana. Tras el \u00e9xito de a\u00f1os anteriores, el festival vuelve con una propuesta m\u00e1s ambiciosa que convertir\u00e1 el municipio en un gran escenario al aire libre pensado para disfrutar en familia.<\/p>\n\n\n\n<p>Durante tres d\u00edas, las calles del pueblo acoger\u00e1n una intensa programaci\u00f3n de circo con actuaciones repartidas en distintos espacios. Malabaristas, acr\u00f3batas, equilibristas y payasos ofrecer\u00e1n espect\u00e1culos para todos los p\u00fablicos, consolidando esta cita como uno de los eventos culturales m\u00e1s atractivos de la comarca.<\/p>\n\n\n\n<p>Uno de los momentos m\u00e1s destacados llegar\u00e1 el s\u00e1bado por la noche con el Dinamic Show en el Auditorio Municipal Jos\u00e9 Mar\u00eda Cervera, una propuesta especial que promete sorprender con una puesta en escena din\u00e1mica, visual y llena de energ\u00eda, convirti\u00e9ndose en uno de los platos fuertes del festival.<\/p>\n\n\n\n<p>Adem\u00e1s, esta edici\u00f3n incorpora novedades como una zona de merchandising oficial del Zorricos Fest y un espacio ampliado de artesan\u00eda, donde el p\u00fablico podr\u00e1 descubrir productos \u00fanicos elaborados a mano. La oferta gastron\u00f3mica tambi\u00e9n se refuerza con la presencia de food trucks que ofrecer\u00e1n opciones variadas, incluyendo alternativas sin gluten y vegetarianas.<\/p>\n\n\n\n<p>El programa se completa con talleres de circo dirigidos al p\u00fablico infantil, donde los m\u00e1s peque\u00f1os podr\u00e1n iniciarse en disciplinas como los malabares o el equilibrio, as\u00ed como con un pasacalles participativo que recorrer\u00e1 las calles implicando tanto a artistas como a asistentes.<\/p>\n\n\n\n<p>El Ayuntamiento de Alborache y la organizaci\u00f3n invitan a vecinos y visitantes a sumarse a esta tercera edici\u00f3n de un festival que sigue creciendo y que apuesta por la cultura, el arte en la calle y la dinamizaci\u00f3n del entorno rural. Un fin de semana para dejarse sorprender por la magia del circo.<\/p>\n","protected":false},"excerpt":{"rendered":"<div class=\"mh-excerpt\">Uno de los momentos m\u00e1s destacados llegar\u00e1 el s\u00e1bado por la noche con el Dinamic Show en el Auditorio Municipal Jos\u00e9 Mar\u00eda Cervera. Alborache se prepara para vivir un fin de semana lleno de espect\u00e1culo <a class=\"mh-excerpt-more\" href=\"https:\/\/www.tucomarca.com\/wordpress\/segunda\/el-zorricos-fest-regresa-este-fin-de-semana-a-alborache-con-circo-en-la-calle-y-el-gran-dinamic-show-en-el-auditorio-municipal\/\" title=\"El Zorricos Fest regresa este fin de semana a Alborache con circo en la calle y el gran Dinamic Show en el Auditorio Municipal\">[+] <\/a><\/div>\n","protected":false},"author":12,"featured_media":298556,"comment_status":"closed","ping_status":"open","sticky":false,"template":"","format":"standard","meta":{"footnotes":""},"categories":[4,19,8,10,7,3],"tags":[10386,5952,19924],"class_list":{"0":"post-298976","1":"post","2":"type-post","3":"status-publish","4":"format-standard","5":"has-post-thumbnail","7":"category-agenda","8":"category-alborache","9":"category-la-comarca","10":"category-la-hoya","11":"category-ocio-y-cultura","12":"category-seccion","13":"tag-alborache","14":"tag-la-hoya-de-bunol-chiva","15":"tag-zorricos-fest"},"_links":{"self":[{"href":"https:\/\/www.tucomarca.com\/wordpress\/segunda\/wp-json\/wp\/v2\/posts\/298976","targetHints":{"allow":["GET"]}}],"collection":[{"href":"https:\/\/www.tucomarca.com\/wordpress\/segunda\/wp-json\/wp\/v2\/posts"}],"about":[{"href":"https:\/\/www.tucomarca.com\/wordpress\/segunda\/wp-json\/wp\/v2\/types\/post"}],"author":[{"embeddable":true,"href":"https:\/\/www.tucomarca.com\/wordpress\/segunda\/wp-json\/wp\/v2\/users\/12"}],"replies":[{"embeddable":true,"href":"https:\/\/www.tucomarca.com\/wordpress\/segunda\/wp-json\/wp\/v2\/comments?post=298976"}],"version-history":[{"count":0,"href":"https:\/\/www.tucomarca.com\/wordpress\/segunda\/wp-json\/wp\/v2\/posts\/298976\/revisions"}],"wp:featuredmedia":[{"embeddable":true,"href":"https:\/\/www.tucomarca.com\/wordpress\/segunda\/wp-json\/wp\/v2\/media\/298556"}],"wp:attachment":[{"href":"https:\/\/www.tucomarca.com\/wordpress\/segunda\/wp-json\/wp\/v2\/media?parent=298976"}],"wp:term":[{"taxonomy":"category","embeddable":true,"href":"https:\/\/www.tucomarca.com\/wordpress\/segunda\/wp-json\/wp\/v2\/categories?post=298976"},{"taxonomy":"post_tag","embeddable":true,"href":"https:\/\/www.tucomarca.com\/wordpress\/segunda\/wp-json\/wp\/v2\/tags?post=298976"}],"curies":[{"name":"wp","href":"https:\/\/api.w.org\/{rel}","templated":true}]}}