{"id":298991,"date":"2026-04-16T10:20:00","date_gmt":"2026-04-16T08:20:00","guid":{"rendered":"https:\/\/www.tucomarca.com\/wordpress\/segunda\/?p=298991"},"modified":"2026-04-16T19:36:00","modified_gmt":"2026-04-16T17:36:00","slug":"esquerra-unida-y-el-pce-de-bunol-conmemoran-el-95-aniversario-de-la-ii-republica-con-un-acto-en-el-puente-de-la-republica","status":"publish","type":"post","link":"https:\/\/www.tucomarca.com\/wordpress\/segunda\/esquerra-unida-y-el-pce-de-bunol-conmemoran-el-95-aniversario-de-la-ii-republica-con-un-acto-en-el-puente-de-la-republica\/","title":{"rendered":"Esquerra Unida y el PCE de Bu\u00f1ol conmemoran el 95 aniversario de la II Rep\u00fablica con un acto en el Puente de la Rep\u00fablica"},"content":{"rendered":"\n<p>Esquerra Unida y el PCE de Bu\u00f1ol han celebrado un acto conmemorativo con motivo del 95 aniversario de la II Rep\u00fablica Espa\u00f1ola, depositando un centro floral en el Puente de la Rep\u00fablica, en un gesto simb\u00f3lico que repiten cada a\u00f1o.<\/p>\n\n\n\n<p>Desde ambas formaciones han destacado la importancia de este sencillo homenaje como una forma de recordar el significado hist\u00f3rico y pol\u00edtico de la II Rep\u00fablica, especialmente para las personas dem\u00f3cratas y, de manera particular, para quienes se identifican con el ideario comunista.<\/p>\n\n\n\n<p>Durante el acto, han reafirmado su defensa del republicanismo como modelo de Estado, al tiempo que han puesto en valor los avances sociales impulsados durante el periodo republicano entre 1931 y 1936. En este sentido, han recordado reformas clave en \u00e1mbitos como la Constituci\u00f3n, la agricultura, el sistema educativo o los derechos laborales, subrayando que la II Rep\u00fablica supuso un proceso de democratizaci\u00f3n y de impulso hacia la igualdad en Espa\u00f1a.<\/p>\n\n\n\n<p>Asimismo, han se\u00f1alado que esta conmemoraci\u00f3n responde a una \u201cobligaci\u00f3n c\u00edvica\u201d que pretende mantener viva la memoria democr\u00e1tica. Entre sus reivindicaciones, han destacado la defensa de la Ley de Memoria Democr\u00e1tica, la necesidad de seguir trabajando en la localizaci\u00f3n de personas desaparecidas y enterradas en cunetas, as\u00ed como el reconocimiento a quienes lucharon, sufrieron y dieron su vida por las libertades y por la Rep\u00fablica.<\/p>\n\n\n\n<p>El acto concluy\u00f3 con un mensaje de reivindicaci\u00f3n y recuerdo a los valores republicanos que siguen vigentes en la actualidad:<\/p>\n\n\n\n<ul class=\"wp-block-list\">\n<li>\u00ab<strong>La importancia de este sencillo acto que hacemos todos los a\u00f1os para recordar lo que significa la II Rep\u00fablica para la gente dem\u00f3crata en general y para nosotros los comunistas en particular.<\/strong><\/li>\n\n\n\n<li><strong>La confirmaci\u00f3n de nuestra permanente defensa de nuestro Republicanismo como mejor sistema de Estado.<\/strong><\/li>\n<\/ul>\n\n\n\n<p>Recordar los avances sociales de la II Rep\u00fablica del a\u00f1o 1931 al 36 como expresi\u00f3n democr\u00e1tica y de reformas sociales.<\/p>\n\n\n\n<ul class=\"wp-block-list\">\n<li><strong>Reformas Constitucionales, Agrarias, del sistema educativo, de los derechos laborales etc.<\/strong><\/li>\n\n\n\n<li><strong>La II Rep\u00fablica signific\u00f3 la democratizaci\u00f3n de Espa\u00f1a y la lucha por la igualdad.<\/strong><\/li>\n<\/ul>\n\n\n\n<p>Y finalmente decir que este acto de conmemoraci\u00f3n de la II Rep\u00fablica es una obligaci\u00f3n c\u00edvica que hacemos todos los a\u00f1os para defender:&nbsp;<\/p>\n\n\n\n<ul class=\"wp-block-list\">\n<li><strong>La ley de memoria democr\u00e1tica.<\/strong><\/li>\n\n\n\n<li><strong>La lucha por todos los hoy todav\u00eda est\u00e1n desaparecidos y enterrados<\/strong> <strong>en las cunetas.<\/strong><\/li>\n\n\n\n<li><strong>La memoria de los hombres y mujeres que lucharon, sufrieron y<\/strong> <strong>dieron la vida por las libertades y por la Rep\u00fablica\u00bb.<\/strong><\/li>\n<\/ul>\n\n\n\n<figure class=\"wp-block-gallery has-nested-images columns-default is-cropped wp-block-gallery-1 is-layout-flex wp-block-gallery-is-layout-flex\">\n<figure class=\"wp-block-image size-large\"><img loading=\"lazy\" decoding=\"async\" width=\"627\" height=\"1024\" data-id=\"298999\" src=\"https:\/\/www.tucomarca.com\/wordpress\/segunda\/wp-content\/uploads\/2026\/04\/PHOTO-2026-04-15-13-15-34-627x1024.jpg\" alt=\"\" class=\"wp-image-298999\" srcset=\"https:\/\/www.tucomarca.com\/wordpress\/segunda\/wp-content\/uploads\/2026\/04\/PHOTO-2026-04-15-13-15-34-627x1024.jpg 627w, https:\/\/www.tucomarca.com\/wordpress\/segunda\/wp-content\/uploads\/2026\/04\/PHOTO-2026-04-15-13-15-34-184x300.jpg 184w, https:\/\/www.tucomarca.com\/wordpress\/segunda\/wp-content\/uploads\/2026\/04\/PHOTO-2026-04-15-13-15-34-768x1255.jpg 768w, https:\/\/www.tucomarca.com\/wordpress\/segunda\/wp-content\/uploads\/2026\/04\/PHOTO-2026-04-15-13-15-34-940x1536.jpg 940w, https:\/\/www.tucomarca.com\/wordpress\/segunda\/wp-content\/uploads\/2026\/04\/PHOTO-2026-04-15-13-15-34.jpg 979w\" sizes=\"auto, (max-width: 627px) 100vw, 627px\" \/><\/figure>\n\n\n\n<figure class=\"wp-block-image size-large\"><img loading=\"lazy\" decoding=\"async\" width=\"661\" height=\"1024\" data-id=\"298997\" src=\"https:\/\/www.tucomarca.com\/wordpress\/segunda\/wp-content\/uploads\/2026\/04\/PHOTO-2026-04-15-13-15-40-661x1024.jpg\" alt=\"\" class=\"wp-image-298997\" srcset=\"https:\/\/www.tucomarca.com\/wordpress\/segunda\/wp-content\/uploads\/2026\/04\/PHOTO-2026-04-15-13-15-40-661x1024.jpg 661w, https:\/\/www.tucomarca.com\/wordpress\/segunda\/wp-content\/uploads\/2026\/04\/PHOTO-2026-04-15-13-15-40-194x300.jpg 194w, https:\/\/www.tucomarca.com\/wordpress\/segunda\/wp-content\/uploads\/2026\/04\/PHOTO-2026-04-15-13-15-40-768x1189.jpg 768w, https:\/\/www.tucomarca.com\/wordpress\/segunda\/wp-content\/uploads\/2026\/04\/PHOTO-2026-04-15-13-15-40.jpg 832w\" sizes=\"auto, (max-width: 661px) 100vw, 661px\" \/><\/figure>\n<\/figure>\n","protected":false},"excerpt":{"rendered":"<div class=\"mh-excerpt\">Esquerra Unida y el PCE de Bu\u00f1ol han celebrado un acto conmemorativo con motivo del 95 aniversario de la II Rep\u00fablica Espa\u00f1ola, depositando un centro floral en el Puente de la Rep\u00fablica, en un gesto <a class=\"mh-excerpt-more\" href=\"https:\/\/www.tucomarca.com\/wordpress\/segunda\/esquerra-unida-y-el-pce-de-bunol-conmemoran-el-95-aniversario-de-la-ii-republica-con-un-acto-en-el-puente-de-la-republica\/\" title=\"Esquerra Unida y el PCE de Bu\u00f1ol conmemoran el 95 aniversario de la II Rep\u00fablica con un acto en el Puente de la Rep\u00fablica\">[+] <\/a><\/div>\n","protected":false},"author":12,"featured_media":298995,"comment_status":"closed","ping_status":"open","sticky":false,"template":"","format":"gallery","meta":{"footnotes":""},"categories":[18,8,10,142,3],"tags":[10314,10385,11568,827,5952,20304],"class_list":{"0":"post-298991","1":"post","2":"type-post","3":"status-publish","4":"format-gallery","5":"has-post-thumbnail","7":"category-bunol","8":"category-la-comarca","9":"category-la-hoya","10":"category-politica-la-comarca","11":"category-seccion","12":"tag-14-de-abril","13":"tag-bunol","14":"tag-esquerra-unida-bunol","15":"tag-ii-republica","16":"tag-la-hoya-de-bunol-chiva","17":"tag-pce-bunol","18":"post_format-post-format-gallery"},"_links":{"self":[{"href":"https:\/\/www.tucomarca.com\/wordpress\/segunda\/wp-json\/wp\/v2\/posts\/298991","targetHints":{"allow":["GET"]}}],"collection":[{"href":"https:\/\/www.tucomarca.com\/wordpress\/segunda\/wp-json\/wp\/v2\/posts"}],"about":[{"href":"https:\/\/www.tucomarca.com\/wordpress\/segunda\/wp-json\/wp\/v2\/types\/post"}],"author":[{"embeddable":true,"href":"https:\/\/www.tucomarca.com\/wordpress\/segunda\/wp-json\/wp\/v2\/users\/12"}],"replies":[{"embeddable":true,"href":"https:\/\/www.tucomarca.com\/wordpress\/segunda\/wp-json\/wp\/v2\/comments?post=298991"}],"version-history":[{"count":0,"href":"https:\/\/www.tucomarca.com\/wordpress\/segunda\/wp-json\/wp\/v2\/posts\/298991\/revisions"}],"wp:featuredmedia":[{"embeddable":true,"href":"https:\/\/www.tucomarca.com\/wordpress\/segunda\/wp-json\/wp\/v2\/media\/298995"}],"wp:attachment":[{"href":"https:\/\/www.tucomarca.com\/wordpress\/segunda\/wp-json\/wp\/v2\/media?parent=298991"}],"wp:term":[{"taxonomy":"category","embeddable":true,"href":"https:\/\/www.tucomarca.com\/wordpress\/segunda\/wp-json\/wp\/v2\/categories?post=298991"},{"taxonomy":"post_tag","embeddable":true,"href":"https:\/\/www.tucomarca.com\/wordpress\/segunda\/wp-json\/wp\/v2\/tags?post=298991"}],"curies":[{"name":"wp","href":"https:\/\/api.w.org\/{rel}","templated":true}]}}