{"id":299014,"date":"2026-04-17T12:00:00","date_gmt":"2026-04-17T10:00:00","guid":{"rendered":"https:\/\/www.tucomarca.com\/wordpress\/segunda\/?p=299014"},"modified":"2026-04-17T20:32:39","modified_gmt":"2026-04-17T18:32:39","slug":"el-hospital-de-manises-reduce-mas-de-un-18-sus-emisiones-de-gases-de-efecto-invernadero-gracias-a-un-modelo-de-anestesia-sostenible","status":"publish","type":"post","link":"https:\/\/www.tucomarca.com\/wordpress\/segunda\/el-hospital-de-manises-reduce-mas-de-un-18-sus-emisiones-de-gases-de-efecto-invernadero-gracias-a-un-modelo-de-anestesia-sostenible\/","title":{"rendered":"El Hospital de Manises reduce m\u00e1s de un 18% sus emisiones de gases de efecto invernadero gracias a un modelo de anestesia sostenible"},"content":{"rendered":"\n<h3 class=\"wp-block-heading\">El Servicio de Anestesiolog\u00eda y Reanimaci\u00f3n evoluciona su pr\u00e1ctica cl\u00ednica anest\u00e9sica hacia un modelo basado en la anulaci\u00f3n del \u00f3xido nitroso, uno de los gases con mayor impacto ambiental.<\/h3>\n\n\n\n<p>El Hospital Universitario de Manises ha logrado reducir un 18,2% las emisiones de gases de efecto invernadero derivadas de su actividad respecto a 2023. Los datos, correspondientes al a\u00f1o 2024, han sido auditados y verificados a finales de 2025.<\/p>\n\n\n\n<p>La principal medida que ha permitido esta reducci\u00f3n de emisiones ha sido impulsada por el Servicio de Anestesiolog\u00eda y Reanimaci\u00f3n, que ha evolucionado su pr\u00e1ctica cl\u00ednica anest\u00e9sica hacia un modelo m\u00e1s sostenible basado en la anulaci\u00f3n del \u00f3xido nitroso, uno de los gases con mayor impacto ambiental.<\/p>\n\n\n\n<p>El proyecto ha incluido, adem\u00e1s, la renovaci\u00f3n de los equipos de anestesia y la incorporaci\u00f3n de tecnolog\u00eda m\u00e1s precisa para controlar los flujos de gas, lo que permite trabajar con menores cantidades y mejorar la eficiencia.<\/p>\n\n\n\n<p>Tambi\u00e9n se han implantado sistemas para monitorizar la profundidad anest\u00e9sica en todos los quir\u00f3fanos y se han adquirido nuevas estaciones de anestesia. De este modo, se dispone de un sistema de extracci\u00f3n pasiva de gases con el acople de un cartucho absorbente que captura los vapores anest\u00e9sicos de sevoflurano y desflurano antes de su liberaci\u00f3n a la atm\u00f3sfera.&nbsp;<\/p>\n\n\n\n<p>Por \u00faltimo, se ha ampliado el uso de anestesia intravenosa con sistemas para ajustar y monitorizar el efecto hipn\u00f3tico de forma m\u00e1s segura y racional.<\/p>\n\n\n\n<p>Gracias a estas medidas, las emisiones asociadas a gases anest\u00e9sicos se han reducido un 49,11% respecto a 2023, con descensos concretos del 61% en el uso de \u00f3xido nitroso, del 46% en el de desflurano y del 16% en el sevoflurano.&nbsp;<\/p>\n\n\n\n<p>La jefa de servicio de Anestesiolog\u00eda, Alma Casasempere, ha se\u00f1alado que \u201ceste proyecto evidencia que la sostenibilidad puede integrarse de forma efectiva en la pr\u00e1ctica asistencial sin comprometer la seguridad ni la calidad\u201d.<\/p>\n\n\n\n<p>Estas actuaciones forman parte del Plan Estrat\u00e9gico del Departamento de Salud de Manises, centrado en el bienestar comunitario. En este sentido, la gerente del departamento, la doctora Beratriz G\u00f3mez, ha destacado que \u201ccuidar del entorno es tambi\u00e9n cuidar de la salud de las personas ya que se reducen los riesgos asociados al cambio clim\u00e1tico\u201d&nbsp;<\/p>\n\n\n\n<p>El Departamento de Salud de Manises presta cobertura y asistencia sanitaria, tanto ambulatoria como domiciliaria, a m\u00e1s de 216.000 personas de 14 localidades. Este departamento forma parte de la Agrupaci\u00f3n Sanitaria Interdepartamental Valencia-Oeste a la que tambi\u00e9n pertenecen los departamentos de salud Valencia-Hospital General y Requena.<\/p>\n\n\n\n<p>Su red asistencial est\u00e1 integrada por el propio hospital de agudos, nueve centros de salud, once consultorios auxiliares, dos centros de especialidades y un centro de salud integrado.<\/p>\n","protected":false},"excerpt":{"rendered":"<div class=\"mh-excerpt\">El Servicio de Anestesiolog\u00eda y Reanimaci\u00f3n evoluciona su pr\u00e1ctica cl\u00ednica anest\u00e9sica hacia un modelo basado en la anulaci\u00f3n del \u00f3xido nitroso, uno de los gases con mayor impacto ambiental. El Hospital Universitario de Manises ha <a class=\"mh-excerpt-more\" href=\"https:\/\/www.tucomarca.com\/wordpress\/segunda\/el-hospital-de-manises-reduce-mas-de-un-18-sus-emisiones-de-gases-de-efecto-invernadero-gracias-a-un-modelo-de-anestesia-sostenible\/\" title=\"El Hospital de Manises reduce m\u00e1s de un 18% sus emisiones de gases de efecto invernadero gracias a un modelo de anestesia sostenible\">[+] <\/a><\/div>\n","protected":false},"author":12,"featured_media":299016,"comment_status":"closed","ping_status":"open","sticky":false,"template":"","format":"standard","meta":{"footnotes":""},"categories":[46,119,8,72,10,117,3,43],"tags":[24144,136],"class_list":{"0":"post-299014","1":"post","2":"type-post","3":"status-publish","4":"format-standard","5":"has-post-thumbnail","7":"category-camp-de-turia","8":"category-sanidad-la-comarca","9":"category-la-comarca","10":"category-sin-categorizar","11":"category-la-hoya","12":"category-medio-ambiente-la-comarca","13":"category-seccion","14":"category-turis","15":"tag-anestesia-sostenible","16":"tag-hospital-de-manises"},"_links":{"self":[{"href":"https:\/\/www.tucomarca.com\/wordpress\/segunda\/wp-json\/wp\/v2\/posts\/299014","targetHints":{"allow":["GET"]}}],"collection":[{"href":"https:\/\/www.tucomarca.com\/wordpress\/segunda\/wp-json\/wp\/v2\/posts"}],"about":[{"href":"https:\/\/www.tucomarca.com\/wordpress\/segunda\/wp-json\/wp\/v2\/types\/post"}],"author":[{"embeddable":true,"href":"https:\/\/www.tucomarca.com\/wordpress\/segunda\/wp-json\/wp\/v2\/users\/12"}],"replies":[{"embeddable":true,"href":"https:\/\/www.tucomarca.com\/wordpress\/segunda\/wp-json\/wp\/v2\/comments?post=299014"}],"version-history":[{"count":0,"href":"https:\/\/www.tucomarca.com\/wordpress\/segunda\/wp-json\/wp\/v2\/posts\/299014\/revisions"}],"wp:featuredmedia":[{"embeddable":true,"href":"https:\/\/www.tucomarca.com\/wordpress\/segunda\/wp-json\/wp\/v2\/media\/299016"}],"wp:attachment":[{"href":"https:\/\/www.tucomarca.com\/wordpress\/segunda\/wp-json\/wp\/v2\/media?parent=299014"}],"wp:term":[{"taxonomy":"category","embeddable":true,"href":"https:\/\/www.tucomarca.com\/wordpress\/segunda\/wp-json\/wp\/v2\/categories?post=299014"},{"taxonomy":"post_tag","embeddable":true,"href":"https:\/\/www.tucomarca.com\/wordpress\/segunda\/wp-json\/wp\/v2\/tags?post=299014"}],"curies":[{"name":"wp","href":"https:\/\/api.w.org\/{rel}","templated":true}]}}