{"id":299024,"date":"2026-04-16T11:15:00","date_gmt":"2026-04-16T09:15:00","guid":{"rendered":"https:\/\/www.tucomarca.com\/wordpress\/segunda\/?p=299024"},"modified":"2026-04-16T19:49:09","modified_gmt":"2026-04-16T17:49:09","slug":"casa-47-adjudica-la-redaccion-del-proyecto-para-la-construccion-de-30-viviendas-destinadas-al-alquiler-asequible-en-utiel","status":"publish","type":"post","link":"https:\/\/www.tucomarca.com\/wordpress\/segunda\/casa-47-adjudica-la-redaccion-del-proyecto-para-la-construccion-de-30-viviendas-destinadas-al-alquiler-asequible-en-utiel\/","title":{"rendered":"CASA 47 adjudica la redacci\u00f3n del proyecto para la construcci\u00f3n de 30 viviendas destinadas al alquiler asequible en Utiel"},"content":{"rendered":"\n<h3 class=\"wp-block-heading\"><strong>La adjudicataria es una UTE formada por LOURDES GARC\u00cdA SOGO &amp; ASOCIADOS S.L.P. y MODUS CMESTUDIO S.L.P., por un importe de 136.661,40 euros, impuestos excluidos<\/strong>.<\/h3>\n\n\n\n<h3 class=\"wp-block-heading\"><strong>Se trata de una promoci\u00f3n de viviendas ubicada en la zona residencial denominada \u2018La Celadilla\u2019, en una parcela con una superficie total de 738 metros cuadrados<\/strong>.<\/h3>\n\n\n\n<h3 class=\"wp-block-heading\"><strong>Estas viviendas pasar\u00e1n a formar parte del parque estatal de vivienda asequible de manera permanente<\/strong>.<\/h3>\n\n\n\n<figure class=\"wp-block-image size-large\"><img loading=\"lazy\" decoding=\"async\" width=\"1024\" height=\"686\" src=\"https:\/\/www.tucomarca.com\/wordpress\/segunda\/wp-content\/uploads\/2026\/04\/ProyectoCasasUtielDanab-1024x686.jpeg\" alt=\"\" class=\"wp-image-299029\" srcset=\"https:\/\/www.tucomarca.com\/wordpress\/segunda\/wp-content\/uploads\/2026\/04\/ProyectoCasasUtielDanab-1024x686.jpeg 1024w, https:\/\/www.tucomarca.com\/wordpress\/segunda\/wp-content\/uploads\/2026\/04\/ProyectoCasasUtielDanab-300x201.jpeg 300w, https:\/\/www.tucomarca.com\/wordpress\/segunda\/wp-content\/uploads\/2026\/04\/ProyectoCasasUtielDanab-768x515.jpeg 768w, https:\/\/www.tucomarca.com\/wordpress\/segunda\/wp-content\/uploads\/2026\/04\/ProyectoCasasUtielDanab-1536x1030.jpeg 1536w, https:\/\/www.tucomarca.com\/wordpress\/segunda\/wp-content\/uploads\/2026\/04\/ProyectoCasasUtielDanab-2048x1373.jpeg 2048w\" sizes=\"auto, (max-width: 1024px) 100vw, 1024px\" \/><\/figure>\n\n\n\n<p><\/p>\n\n\n\n<p>Casa 47 Entidad Estatal de Vivienda, adscrita al Ministerio de Vivienda y Agenda Urbana, ha adjudicado la redacci\u00f3n del proyecto de edificaci\u00f3n de una promoci\u00f3n de 30 viviendas destinadas a alquiler asequible en Utiel.<\/p>\n\n\n\n<p>El proyecto de edificaci\u00f3n, en sus modalidades b\u00e1sico y de ejecuci\u00f3n, ha sido adjudicado a una Uni\u00f3n Temporal de Empresas, formada por LOURDES GARC\u00cdA SOGO &amp; ASOCIADOS S.L.P. y MODUS CMESTUDIO S.L.P., por un importe de 136.661,40 euros, impuestos excluidos.<\/p>\n\n\n\n<p>Se trata de una promoci\u00f3n de viviendas ubicada en la zona residencial denominada \u2018La Celadilla\u2019, concretamente en la avenida Tejeda, n\u00ba 2, en una parcela rectangular con una superficie de 738,33 m\u00b2.<\/p>\n\n\n\n<p><strong>Caracter\u00edsticas del proyecto arquitect\u00f3nico<\/strong><\/p>\n\n\n\n<p>El edificio cuenta con cuatro plantas y una cubierta plana transitable, que se convierte en espacio de encuentro y convivencia de la comunidad.<strong>&nbsp;<\/strong>El bloque presenta una apertura en su fachada en la avenida Tejeda hacia el \u00e1rea ajardinada, potenciada por su orientaci\u00f3n suroeste, que favorece su integraci\u00f3n visual y ambiental con el entorno, siendo este el punto de acceso a la edificaci\u00f3n.<\/p>\n\n\n\n<p>La estructura de la planta baja facilita la circulaci\u00f3n central a lo largo del eje longitudinal del edificio, que permite que este espacio pueda iluminarse y ventilarse de forma natural, con unos patios verticales que recorren el volumen desde la cubierta hasta la planta baja, con entrada de luz y aire al interior del edificio.<\/p>\n\n\n\n<p>De esta manera, las viviendas se articulan en torno a este eje central y a cada una de las fachadas longitudinales, que facilitan la habitabilidad de los espacios interiores y garantizan que todas ellas dispongan de ventilaci\u00f3n cruzada a trav\u00e9s de los patios generados.<\/p>\n\n\n\n<p><strong>Vivienda asequible y protegida para siempre<\/strong><\/p>\n\n\n\n<p>Estas viviendas, proyectadas en uno de los municipios afectados por la dana, pasar\u00e1n a formar parte del parque estatal de vivienda asequible de manera permanente. Un parque gestionado por la entidad estatal de vivienda Casa 47, que actuar\u00e1 en el ciclo residencial completo desde la disposici\u00f3n y urbanizaci\u00f3n de los suelos hasta la edificaci\u00f3n, entrega de llaves y gesti\u00f3n de las viviendas con el objetivo de garantizar el acceso a una vivienda digna para toda la ciudadan\u00eda.<\/p>\n","protected":false},"excerpt":{"rendered":"<div class=\"mh-excerpt\">La adjudicataria es una UTE formada por LOURDES GARC\u00cdA SOGO &amp; ASOCIADOS S.L.P. y MODUS CMESTUDIO S.L.P., por un importe de 136.661,40 euros, impuestos excluidos. Se trata de una promoci\u00f3n de viviendas ubicada en la <a class=\"mh-excerpt-more\" href=\"https:\/\/www.tucomarca.com\/wordpress\/segunda\/casa-47-adjudica-la-redaccion-del-proyecto-para-la-construccion-de-30-viviendas-destinadas-al-alquiler-asequible-en-utiel\/\" title=\"CASA 47 adjudica la redacci\u00f3n del proyecto para la construcci\u00f3n de 30 viviendas destinadas al alquiler asequible en Utiel\">[+] <\/a><\/div>\n","protected":false},"author":1,"featured_media":299029,"comment_status":"closed","ping_status":"open","sticky":false,"template":"","format":"standard","meta":{"footnotes":""},"categories":[21465,128,8,72,117,142,27,3,116,29,45],"tags":[12831,10387,10389],"class_list":{"0":"post-299024","1":"post","2":"type-post","3":"status-publish","4":"format-standard","5":"has-post-thumbnail","7":"category-dana","8":"category-infraestructuras","9":"category-la-comarca","10":"category-sin-categorizar","11":"category-medio-ambiente-la-comarca","12":"category-politica-la-comarca","13":"category-requena-utiel","14":"category-seccion","15":"category-sucesos-la-comarca","16":"category-utiel","17":"category-ventana","18":"tag-dana-2","19":"tag-requena-utiel","20":"tag-utiel"},"_links":{"self":[{"href":"https:\/\/www.tucomarca.com\/wordpress\/segunda\/wp-json\/wp\/v2\/posts\/299024","targetHints":{"allow":["GET"]}}],"collection":[{"href":"https:\/\/www.tucomarca.com\/wordpress\/segunda\/wp-json\/wp\/v2\/posts"}],"about":[{"href":"https:\/\/www.tucomarca.com\/wordpress\/segunda\/wp-json\/wp\/v2\/types\/post"}],"author":[{"embeddable":true,"href":"https:\/\/www.tucomarca.com\/wordpress\/segunda\/wp-json\/wp\/v2\/users\/1"}],"replies":[{"embeddable":true,"href":"https:\/\/www.tucomarca.com\/wordpress\/segunda\/wp-json\/wp\/v2\/comments?post=299024"}],"version-history":[{"count":0,"href":"https:\/\/www.tucomarca.com\/wordpress\/segunda\/wp-json\/wp\/v2\/posts\/299024\/revisions"}],"wp:featuredmedia":[{"embeddable":true,"href":"https:\/\/www.tucomarca.com\/wordpress\/segunda\/wp-json\/wp\/v2\/media\/299029"}],"wp:attachment":[{"href":"https:\/\/www.tucomarca.com\/wordpress\/segunda\/wp-json\/wp\/v2\/media?parent=299024"}],"wp:term":[{"taxonomy":"category","embeddable":true,"href":"https:\/\/www.tucomarca.com\/wordpress\/segunda\/wp-json\/wp\/v2\/categories?post=299024"},{"taxonomy":"post_tag","embeddable":true,"href":"https:\/\/www.tucomarca.com\/wordpress\/segunda\/wp-json\/wp\/v2\/tags?post=299024"}],"curies":[{"name":"wp","href":"https:\/\/api.w.org\/{rel}","templated":true}]}}