{"id":299055,"date":"2026-04-17T12:30:00","date_gmt":"2026-04-17T10:30:00","guid":{"rendered":"https:\/\/www.tucomarca.com\/wordpress\/segunda\/?p=299055"},"modified":"2026-04-17T20:37:29","modified_gmt":"2026-04-17T18:37:29","slug":"labora-impulsa-talleres-de-empleo-juvenil-para-la-reconstruccion-de-municipios-afectados-por-la-dana","status":"publish","type":"post","link":"https:\/\/www.tucomarca.com\/wordpress\/segunda\/labora-impulsa-talleres-de-empleo-juvenil-para-la-reconstruccion-de-municipios-afectados-por-la-dana\/","title":{"rendered":"Labora impulsa talleres de empleo juvenil para la reconstrucci\u00f3n de municipios afectados por la dana"},"content":{"rendered":"\n<h3 class=\"wp-block-heading\">Talento Joven Garant\u00eda Juvenil es un programa mixto de empleo y formaci\u00f3n que incluye, adem\u00e1s, formaci\u00f3n en emprendimiento, y que est\u00e1 dirigido a personas j\u00f3venes menores de 30 a\u00f1os.<\/h3>\n\n\n\n<h3 class=\"wp-block-heading\">El programa cuenta con una dotaci\u00f3n de cerca de 10 millones y est\u00e1 enmarcado en el Plan de Formaci\u00f3n 2026 de Labora, orientado a adaptar la cualificaci\u00f3n a las necesidades del mercado laboral.<\/h3>\n\n\n\n<p>Labora, el Servicio Valenciano de Empleo y Formaci\u00f3n, ha publicado la&nbsp;<a href=\"https:\/\/labora.gva.es\/es\/entitats-col-laboradores-de-formacio\/2026\/-\/asset_publisher\/5SwBcVKviIUd\/content\/convocatoria-del-programa-mixto-de-empleo-formacion-talento-joven-garantia-juvenil-para-la-recuperacion-de-los-municipios-de-la-comunitat-valenciana-a?redirect=https%3A%2F%2Flabora.gva.es%2Fes%2Fentitats-col-laboradores-de-formacio%2F2026%3Fp_p_id%3D101_INSTANCE_5SwBcVKviIUd%26p_p_lifecycle%3D0%26p_p_state%3Dnormal%26p_p_mode%3Dview%26p_p_col_id%3D_118_INSTANCE_KMf3UKW4OKqX__column-2%26p_p_col_count%3D1%26_101_INSTANCE_5SwBcVKviIUd_currentURL%3D%252Fes%252Fentitats-col-laboradores-de-formacio%252F2026%26_101_INSTANCE_5SwBcVKviIUd_portletAjaxable%3D1\">convocatoria del programa mixto de empleo-formaci\u00f3n Talento Joven Garant\u00eda Juvenil para la recuperaci\u00f3n de los municipios de la Comunitat Valenciana afectados por la&nbsp;<\/a><a href=\"http:\/\/labora.gva.es\/es\/entitats-col-laboradores-de-formacio\/2026\/-\/asset_publisher\/5SwBcVKviIUd\/content\/convocatoria-del-programa-mixto-de-empleo-formacion-talento-joven-garantia-juvenil-para-la-recuperacion-de-los-municipios-de-la-comunitat-valenciana-a?redirect=https%3A%2F%2Flabora.gva.es%2Fes%2Fentitats-col-laboradores-de-formacio%2F2026%3Fp_p_id%3D101_INSTANCE_5SwBcVKviIUd%26p_p_lifecycle%3D0%26p_p_state%3Dnormal%26p_p_mode%3Dview%26p_p_col_id%3D_118_INSTANCE_KMf3UKW4OKqX__column-2%26p_p_col_count%3D1%26_101_INSTANCE_5SwBcVKviIUd_currentURL%3D%252Fes%252Fentitats-col-laboradores-de-formacio%252F2026%26_101_INSTANCE_5SwBcVKviIUd_portletAjaxable%3D1\">dana<\/a>, con el objetivo de mejorar la cualificaci\u00f3n profesional de las personas j\u00f3venes y favorecer su inserci\u00f3n laboral.<\/p>\n\n\n\n<p>El programa, que cuenta con una dotaci\u00f3n global de 9,9 millones de euros tal y como anunci\u00f3 el pasado lunes la vicepresidenta Susana Camarero, permitir\u00e1 desarrollar proyectos en municipios afectados por este episodio, combinando formaci\u00f3n y empleo en actuaciones vinculadas a la recuperaci\u00f3n del territorio.<\/p>\n\n\n\n<p>Talento Joven Garant\u00eda Juvenil es un programa mixto de empleo y formaci\u00f3n que incluye, adem\u00e1s, formaci\u00f3n en emprendimiento, y que est\u00e1 dirigido a personas j\u00f3venes menores de 30 a\u00f1os inscritas en el Sistema Nacional de Garant\u00eda Juvenil.<\/p>\n\n\n\n<p><strong>Formaci\u00f3n y empleo para j\u00f3venes en zonas afectadas<\/strong><\/p>\n\n\n\n<p>Los proyectos tendr\u00e1n una duraci\u00f3n de doce meses y permitir\u00e1n a las personas participantes obtener certificados profesionales completos, al tiempo que adquieren experiencia laboral mediante la realizaci\u00f3n de obras o servicios de inter\u00e9s general y social vinculados a la reconstrucci\u00f3n de los municipios afectados.<\/p>\n\n\n\n<p>Estas acciones permiten que las personas j\u00f3venes se formen en un oficio mientras trabajan en actuaciones reales vinculadas a la reconstrucci\u00f3n de los municipios afectados, lo que les permite adquirir experiencia profesional y mejorar de forma significativa sus oportunidades de acceso al mercado laboral.<\/p>\n\n\n\n<p>El programa incorpora formaci\u00f3n complementaria en inserci\u00f3n laboral, igualdad de g\u00e9nero, competencias digitales, prevenci\u00f3n de riesgos laborales y emprendimiento, con el objetivo de ofrecer una preparaci\u00f3n integral que facilite el acceso al mercado laboral.<\/p>\n\n\n\n<p>Esta iniciativa se dirige a j\u00f3venes de entre 16 y 30 a\u00f1os empadronados en los municipios afectados por la DANA, que deber\u00e1n estar inscritos en el Sistema Nacional de Garant\u00eda Juvenil y cumplir los requisitos establecidos para acceder a contratos de formaci\u00f3n en alternancia.<\/p>\n\n\n\n<p><strong>Apoyo a la reconstrucci\u00f3n y al empleo juvenil<\/strong><\/p>\n\n\n\n<p>Con esta convocatoria, Labora refuerza su apuesta por los programas mixtos de empleo-formaci\u00f3n como herramienta para mejorar la empleabilidad, especialmente entre las personas j\u00f3venes, al tiempo que contribuye a la recuperaci\u00f3n econ\u00f3mica y social de los municipios afectados.<\/p>\n\n\n\n<p>Estos programas permiten a las personas participantes formarse en un oficio mientras trabajan en proyectos reales, lo que incrementa de forma significativa sus oportunidades de inserci\u00f3n laboral y facilita su acceso a un empleo.<\/p>\n\n\n\n<p>Esta convocatoria se enmarca en el Plan de Formaci\u00f3n 2026 de Labora, una estrategia dotada con cerca de 200 millones de euros que permitir\u00e1 desarrollar m\u00e1s de 4.100 acciones formativas y ofrecer formaci\u00f3n a m\u00e1s de 58.000 personas en la Comunitat Valenciana.<\/p>\n\n\n\n<p><strong>Entidades beneficiarias<\/strong><\/p>\n\n\n\n<p>Podr\u00e1n ser beneficiarias de estas ayudas las entidades locales de la Comunitat Valenciana, sus organismos aut\u00f3nomos y entidades dependientes, as\u00ed como asociaciones, fundaciones y otras entidades sin \u00e1nimo de lucro, adem\u00e1s de entidades vinculadas a pactos territoriales por el empleo.<\/p>\n\n\n\n<p>Estas entidades ser\u00e1n las encargadas de desarrollar los proyectos en el \u00e1mbito territorial de los municipios afectados, contribuyendo tanto a la mejora de la cualificaci\u00f3n de las personas j\u00f3venes como a la recuperaci\u00f3n del entorno.<\/p>\n\n\n\n<p><strong>C\u00f3mo participar<\/strong><\/p>\n\n\n\n<p>Para poder participar en estos programas es necesario que las personas est\u00e9n inscritas como demandante de empleo en Labora y figurar como beneficiaria activa en el Sistema Nacional de Garant\u00eda Juvenil.<\/p>\n\n\n\n<p>Las personas j\u00f3venes interesadas deben solicitar cita en su Espai Labora, donde el personal orientador les informar\u00e1 sobre los requisitos de acceso y les acompa\u00f1ar\u00e1 en su itinerario de inserci\u00f3n.<\/p>\n\n\n\n<p>Labora realizar\u00e1 la selecci\u00f3n de las personas participantes entre aquellas inscritas que cumplan los perfiles requeridos para cada proyecto.<\/p>\n","protected":false},"excerpt":{"rendered":"<div class=\"mh-excerpt\">Talento Joven Garant\u00eda Juvenil es un programa mixto de empleo y formaci\u00f3n que incluye, adem\u00e1s, formaci\u00f3n en emprendimiento, y que est\u00e1 dirigido a personas j\u00f3venes menores de 30 a\u00f1os. El programa cuenta con una dotaci\u00f3n <a class=\"mh-excerpt-more\" href=\"https:\/\/www.tucomarca.com\/wordpress\/segunda\/labora-impulsa-talleres-de-empleo-juvenil-para-la-reconstruccion-de-municipios-afectados-por-la-dana\/\" title=\"Labora impulsa talleres de empleo juvenil para la reconstrucci\u00f3n de municipios afectados por la dana\">[+] <\/a><\/div>\n","protected":false},"author":12,"featured_media":237312,"comment_status":"closed","ping_status":"open","sticky":false,"template":"","format":"standard","meta":{"footnotes":""},"categories":[21465,128,8,72,10,42,117,142,3,116,45],"tags":[12831,10716,11484,24148],"class_list":{"0":"post-299055","1":"post","2":"type-post","3":"status-publish","4":"format-standard","5":"has-post-thumbnail","7":"category-dana","8":"category-infraestructuras","9":"category-la-comarca","10":"category-sin-categorizar","11":"category-la-hoya","12":"category-la-ribera","13":"category-medio-ambiente-la-comarca","14":"category-politica-la-comarca","15":"category-seccion","16":"category-sucesos-la-comarca","17":"category-ventana","18":"tag-dana-2","19":"tag-generalitat-valenciana","20":"tag-labora","21":"tag-talento-joven-garantia-juvenil"},"_links":{"self":[{"href":"https:\/\/www.tucomarca.com\/wordpress\/segunda\/wp-json\/wp\/v2\/posts\/299055","targetHints":{"allow":["GET"]}}],"collection":[{"href":"https:\/\/www.tucomarca.com\/wordpress\/segunda\/wp-json\/wp\/v2\/posts"}],"about":[{"href":"https:\/\/www.tucomarca.com\/wordpress\/segunda\/wp-json\/wp\/v2\/types\/post"}],"author":[{"embeddable":true,"href":"https:\/\/www.tucomarca.com\/wordpress\/segunda\/wp-json\/wp\/v2\/users\/12"}],"replies":[{"embeddable":true,"href":"https:\/\/www.tucomarca.com\/wordpress\/segunda\/wp-json\/wp\/v2\/comments?post=299055"}],"version-history":[{"count":0,"href":"https:\/\/www.tucomarca.com\/wordpress\/segunda\/wp-json\/wp\/v2\/posts\/299055\/revisions"}],"wp:featuredmedia":[{"embeddable":true,"href":"https:\/\/www.tucomarca.com\/wordpress\/segunda\/wp-json\/wp\/v2\/media\/237312"}],"wp:attachment":[{"href":"https:\/\/www.tucomarca.com\/wordpress\/segunda\/wp-json\/wp\/v2\/media?parent=299055"}],"wp:term":[{"taxonomy":"category","embeddable":true,"href":"https:\/\/www.tucomarca.com\/wordpress\/segunda\/wp-json\/wp\/v2\/categories?post=299055"},{"taxonomy":"post_tag","embeddable":true,"href":"https:\/\/www.tucomarca.com\/wordpress\/segunda\/wp-json\/wp\/v2\/tags?post=299055"}],"curies":[{"name":"wp","href":"https:\/\/api.w.org\/{rel}","templated":true}]}}