{"id":299065,"date":"2026-04-18T10:30:00","date_gmt":"2026-04-18T08:30:00","guid":{"rendered":"https:\/\/www.tucomarca.com\/wordpress\/segunda\/?p=299065"},"modified":"2026-04-18T11:23:37","modified_gmt":"2026-04-18T09:23:37","slug":"nando-pastor-frente-al-infierno-fiscal-de-sanchez-ya-somos-la-autonomia-que-mas-ayuda-al-bolsillo-de-sus-ciudadanos","status":"publish","type":"post","link":"https:\/\/www.tucomarca.com\/wordpress\/segunda\/nando-pastor-frente-al-infierno-fiscal-de-sanchez-ya-somos-la-autonomia-que-mas-ayuda-al-bolsillo-de-sus-ciudadanos\/","title":{"rendered":"Nando Pastor:\u00a0\u00abFrente al infierno fiscal de S\u00e1nchez ya somos \u00a0la autonom\u00eda que m\u00e1s ayuda al bolsillo de sus ciudadanos\u00bb"},"content":{"rendered":"\n<p>El portavoz del Grupo Parlamentario Popular en Les Corts, Fernando Pastor y los diputados Elena Bastidas, Mari Carmen Contelles y Jos\u00e9 For\u00e9s han mantenido diversas reuniones con ciudadanos y comerciantes del municipio para explicarles personalmente, las deducciones fiscales de las que se pueden beneficiar en la actual campa\u00f1a de la Renta. A lo largo de la jornada la comitiva ha visitado un centro de atenci\u00f3n a enfermos de Alzheimer y distintos establecimientos como \u00f3pticas, gimnasios, cl\u00ednicas dentales y de venta de instrumentos musicales.<\/p>\n\n\n\n<p>En declaraciones a los medios, el sindico popular ha destacado como \u00ab<strong>hemos pasado, de ser en 2023, hace tan solo dos a\u00f1os y medio, la comunidad donde mayor presi\u00f3n fiscal hab\u00eda de Espa\u00f1a a ser la comunidad que encabeza el ranking nacional de deducciones y a uno del PP le satisface y le llena de orgullo poder venir Alzira a decirlo as\u00ed de claro\u00bb.&nbsp;<\/strong>&nbsp;Del mill\u00f3n de beneficiaros en toda la Comunitat \u00abgran parte de ellos son familias de Alzira y de la Ribera que en este momento est\u00e9n percibiendo rentas entre 0\u20ac y 60.000\u20ac\u00bb.&nbsp; Cabe recordar que solo las deducciones de salud bucodental, visual, deporte y salud mental suponen 550 euros de ahorro, de 700 euros si adem\u00e1s se es m\u00fasico o de hasta 1.000 euros \u00absi hablamos de enfermedades raras, cr\u00f3nicas, Alzheimer o da\u00f1o cerebral adquirido\u00bb<\/p>\n\n\n\n<p>Para la ex alcaldesa de Alzira y portavoz de Pol\u00edtica Social del Grupo Parlamentario Popular en Les Corts Elena Bastidas \u00ab<strong>estamos ante dos modelos antag\u00f3nicos: El del infierno fiscal de S\u00e1nchez basado en exprimir los bolsillos de los contribuyentes -cada hogar paga de media 1.657 euros m\u00e1s al a\u00f1o en impuestos desde que es presidente- a la pol\u00edtica \u00fatil que es la de bajar impuestos y proteger a quienes m\u00e1s lo necesitan\u00bb.<\/strong>&nbsp;Este a\u00f1o, un mill\u00f3n de valencianos van a pagar menos impuestos, lo que demuestra&nbsp;<strong>\u00abque es posible aliviar la presi\u00f3n fiscal y ayudar a las familias frente a una inflaci\u00f3n que S\u00e1nchez no ha sabido controlar con una cesta de la compra que se ha encarecido un 34.1% en los \u00faltimos 5 a\u00f1os\u00bb&nbsp;<\/strong>ha concluido.<\/p>\n\n\n\n<p>Por lo que respecta al retraso de la AEAT en activar las casillas de deducciones de Castilla-La Mancha y Comunitat Valenciana la portavoz de Econom\u00eda del GPP en Les Corts, Mari Carmen Contelles, ha calificado como&nbsp;<strong>\u00abdemencial que los contribuyentes valencianos hayan estado m\u00e1s de una semana sin poder aplicarlas por la lentitud del Ministerio de Hacienda<\/strong>\u00ab.&nbsp; No obstante, la diputada ha hecho un llamamiento a la calma de aquellas personas que ya hayan presentado la declaraci\u00f3n, se\u00f1alando que&nbsp;<strong>\u00abpueden hacer una correcci\u00f3n de esta y aplicarse as\u00ed las deducciones\u00bb.<\/strong><\/p>\n\n\n\n<figure class=\"wp-block-gallery has-nested-images columns-2 is-cropped wp-block-gallery-1 is-layout-flex wp-block-gallery-is-layout-flex\">\n<figure class=\"wp-block-image size-large\"><img loading=\"lazy\" decoding=\"async\" width=\"1024\" height=\"682\" data-id=\"299073\" src=\"https:\/\/www.tucomarca.com\/wordpress\/segunda\/wp-content\/uploads\/2026\/04\/AlziraNandoPP4-1024x682.jpeg\" alt=\"\" class=\"wp-image-299073\" srcset=\"https:\/\/www.tucomarca.com\/wordpress\/segunda\/wp-content\/uploads\/2026\/04\/AlziraNandoPP4-1024x682.jpeg 1024w, https:\/\/www.tucomarca.com\/wordpress\/segunda\/wp-content\/uploads\/2026\/04\/AlziraNandoPP4-300x200.jpeg 300w, https:\/\/www.tucomarca.com\/wordpress\/segunda\/wp-content\/uploads\/2026\/04\/AlziraNandoPP4-768x512.jpeg 768w, https:\/\/www.tucomarca.com\/wordpress\/segunda\/wp-content\/uploads\/2026\/04\/AlziraNandoPP4-1536x1023.jpeg 1536w, https:\/\/www.tucomarca.com\/wordpress\/segunda\/wp-content\/uploads\/2026\/04\/AlziraNandoPP4.jpeg 1600w\" sizes=\"auto, (max-width: 1024px) 100vw, 1024px\" \/><\/figure>\n\n\n\n<figure class=\"wp-block-image size-large\"><img loading=\"lazy\" decoding=\"async\" width=\"1024\" height=\"682\" data-id=\"299071\" src=\"https:\/\/www.tucomarca.com\/wordpress\/segunda\/wp-content\/uploads\/2026\/04\/AlziraNandoPP3-1024x682.jpeg\" alt=\"\" class=\"wp-image-299071\" srcset=\"https:\/\/www.tucomarca.com\/wordpress\/segunda\/wp-content\/uploads\/2026\/04\/AlziraNandoPP3-1024x682.jpeg 1024w, https:\/\/www.tucomarca.com\/wordpress\/segunda\/wp-content\/uploads\/2026\/04\/AlziraNandoPP3-300x200.jpeg 300w, https:\/\/www.tucomarca.com\/wordpress\/segunda\/wp-content\/uploads\/2026\/04\/AlziraNandoPP3-768x512.jpeg 768w, https:\/\/www.tucomarca.com\/wordpress\/segunda\/wp-content\/uploads\/2026\/04\/AlziraNandoPP3-1536x1023.jpeg 1536w, https:\/\/www.tucomarca.com\/wordpress\/segunda\/wp-content\/uploads\/2026\/04\/AlziraNandoPP3.jpeg 1600w\" sizes=\"auto, (max-width: 1024px) 100vw, 1024px\" \/><\/figure>\n\n\n\n<figure class=\"wp-block-image size-large\"><img loading=\"lazy\" decoding=\"async\" width=\"1024\" height=\"682\" data-id=\"299067\" src=\"https:\/\/www.tucomarca.com\/wordpress\/segunda\/wp-content\/uploads\/2026\/04\/AlziraNandoPP-1024x682.jpeg\" alt=\"\" class=\"wp-image-299067\" srcset=\"https:\/\/www.tucomarca.com\/wordpress\/segunda\/wp-content\/uploads\/2026\/04\/AlziraNandoPP-1024x682.jpeg 1024w, https:\/\/www.tucomarca.com\/wordpress\/segunda\/wp-content\/uploads\/2026\/04\/AlziraNandoPP-300x200.jpeg 300w, https:\/\/www.tucomarca.com\/wordpress\/segunda\/wp-content\/uploads\/2026\/04\/AlziraNandoPP-768x512.jpeg 768w, https:\/\/www.tucomarca.com\/wordpress\/segunda\/wp-content\/uploads\/2026\/04\/AlziraNandoPP-1536x1023.jpeg 1536w, https:\/\/www.tucomarca.com\/wordpress\/segunda\/wp-content\/uploads\/2026\/04\/AlziraNandoPP.jpeg 1600w\" sizes=\"auto, (max-width: 1024px) 100vw, 1024px\" \/><\/figure>\n<\/figure>\n","protected":false},"excerpt":{"rendered":"<div class=\"mh-excerpt\">El portavoz del Grupo Parlamentario Popular en Les Corts, Fernando Pastor y los diputados Elena Bastidas, Mari Carmen Contelles y Jos\u00e9 For\u00e9s han mantenido diversas reuniones con ciudadanos y comerciantes del municipio para explicarles personalmente, <a class=\"mh-excerpt-more\" href=\"https:\/\/www.tucomarca.com\/wordpress\/segunda\/nando-pastor-frente-al-infierno-fiscal-de-sanchez-ya-somos-la-autonomia-que-mas-ayuda-al-bolsillo-de-sus-ciudadanos\/\" title=\"Nando Pastor:\u00a0\u00abFrente al infierno fiscal de S\u00e1nchez ya somos \u00a0la autonom\u00eda que m\u00e1s ayuda al bolsillo de sus ciudadanos\u00bb\">[+] <\/a><\/div>\n","protected":false},"author":1,"featured_media":299069,"comment_status":"closed","ping_status":"open","sticky":false,"template":"","format":"gallery","meta":{"footnotes":""},"categories":[69,128,8,72,42,142,3,45],"tags":[2142,3640,7279,63],"class_list":{"0":"post-299065","1":"post","2":"type-post","3":"status-publish","4":"format-gallery","5":"has-post-thumbnail","7":"category-alzira","8":"category-infraestructuras","9":"category-la-comarca","10":"category-sin-categorizar","11":"category-la-ribera","12":"category-politica-la-comarca","13":"category-seccion","14":"category-ventana","15":"tag-la-comunitat","16":"tag-la-ribera-alta","17":"tag-partido-popular","18":"tag-pp","19":"post_format-post-format-gallery"},"_links":{"self":[{"href":"https:\/\/www.tucomarca.com\/wordpress\/segunda\/wp-json\/wp\/v2\/posts\/299065","targetHints":{"allow":["GET"]}}],"collection":[{"href":"https:\/\/www.tucomarca.com\/wordpress\/segunda\/wp-json\/wp\/v2\/posts"}],"about":[{"href":"https:\/\/www.tucomarca.com\/wordpress\/segunda\/wp-json\/wp\/v2\/types\/post"}],"author":[{"embeddable":true,"href":"https:\/\/www.tucomarca.com\/wordpress\/segunda\/wp-json\/wp\/v2\/users\/1"}],"replies":[{"embeddable":true,"href":"https:\/\/www.tucomarca.com\/wordpress\/segunda\/wp-json\/wp\/v2\/comments?post=299065"}],"version-history":[{"count":0,"href":"https:\/\/www.tucomarca.com\/wordpress\/segunda\/wp-json\/wp\/v2\/posts\/299065\/revisions"}],"wp:featuredmedia":[{"embeddable":true,"href":"https:\/\/www.tucomarca.com\/wordpress\/segunda\/wp-json\/wp\/v2\/media\/299069"}],"wp:attachment":[{"href":"https:\/\/www.tucomarca.com\/wordpress\/segunda\/wp-json\/wp\/v2\/media?parent=299065"}],"wp:term":[{"taxonomy":"category","embeddable":true,"href":"https:\/\/www.tucomarca.com\/wordpress\/segunda\/wp-json\/wp\/v2\/categories?post=299065"},{"taxonomy":"post_tag","embeddable":true,"href":"https:\/\/www.tucomarca.com\/wordpress\/segunda\/wp-json\/wp\/v2\/tags?post=299065"}],"curies":[{"name":"wp","href":"https:\/\/api.w.org\/{rel}","templated":true}]}}