{"id":299125,"date":"2026-04-18T22:00:00","date_gmt":"2026-04-18T20:00:00","guid":{"rendered":"https:\/\/www.tucomarca.com\/wordpress\/segunda\/?p=299125"},"modified":"2026-04-19T13:19:07","modified_gmt":"2026-04-19T11:19:07","slug":"perez-llorca-exige-al-ministerio-de-hacienda-que-devuelva-a-los-afectados-por-la-dana-el-dinero-tributado-en-la-renta-de-2024","status":"publish","type":"post","link":"https:\/\/www.tucomarca.com\/wordpress\/segunda\/perez-llorca-exige-al-ministerio-de-hacienda-que-devuelva-a-los-afectados-por-la-dana-el-dinero-tributado-en-la-renta-de-2024\/","title":{"rendered":"P\u00e9rez Llorca exige al Ministerio de Hacienda que devuelva a los afectados por la DANA el dinero tributado en la renta de 2024"},"content":{"rendered":"\n<h3 class=\"wp-block-heading\">El president afirma que si las ayudas auton\u00f3micas est\u00e1n exentas en la renta de 2025 \u201cno puede ni debe producirse un agravio comparativo con aquellas personas que s\u00ed las tributaron en la renta anterior\u201d.<\/h3>\n\n\n\n<h3 class=\"wp-block-heading\">\u201cLas deducciones sociosanitarias y deportivas van a aliviar la carga fiscal de un mill\u00f3n de valencianos en cuestiones tan del d\u00eda a d\u00eda como comprarse unas gafas, ir al dentista, al gimnasio o sufragar los gastos de enfermedades raras\u201d, ha recordado.<\/h3>\n\n\n\n<p>El president de la Generalitat, Juanfran P\u00e9rez Llorca, ha exigido al Ministerio de Hacienda que devuelva a los afectados por la dana el dinero que tributaron en la campa\u00f1a de la renta de 2024.&nbsp;<\/p>\n\n\n\n<p>En este sentido, ha indicado que, si las ayudas auton\u00f3micas van a estar exentas de IRPF en la renta de 2025, \u201cno puede ni debe producirse un agravio comparativo con aquellas personas que s\u00ed tributaron en la renta anterior\u201d.&nbsp;<\/p>\n\n\n\n<p>\u201cParece l\u00f3gico, pues, que haya una igualdad de condiciones y que si las ayudas no tributan en la renta de 2025 tampoco deber\u00edan haberlo hecho en la de 2024, por lo que tendr\u00eda todo el sentido que se reconociera tambi\u00e9n la exenci\u00f3n de estas\u201d, ha a\u00f1adido.&nbsp;<\/p>\n\n\n\n<p>El jefe del Consell ha incidido en que si el Gobierno de Espa\u00f1a ha declarado las ayudas exentas este a\u00f1o \u201csolo era cuesti\u00f3n de voluntad pol\u00edtica hacerlo el a\u00f1o anterior\u201d, por lo que ha instado a que \u201cd\u00e9 ese paso\u201d.&nbsp;<\/p>\n\n\n\n<p>Asimismo, ha lamentado que la Agencia Tributaria (AEAT), organismo adscrito al Ministerio de Hacienda, \u201chaya tardado ocho d\u00edas en activar en el programa Renta Web las casillas para aplicar las \u00faltimas deducciones fiscales sociosanitarias aprobadas por la Generalitat, a las que tienen derecho alrededor de un mill\u00f3n de valencianos, as\u00ed como las deducciones por formaci\u00f3n musical\u201d.<\/p>\n\n\n\n<p>En este sentido, ha criticado un retraso que ha perjudicado a los valencianos y ha recordado que el decreto de las deducciones se public\u00f3 el 3 de marzo, \u201cpor lo que consideramos que la AEAT pod\u00eda haber tenido la aplicaci\u00f3n inform\u00e1tica preparada para el inicio de la campa\u00f1a\u201d.&nbsp;<\/p>\n\n\n\n<p>En concreto, el Diari Oficial de la Generalitat (DOGV) public\u00f3 el Decreto Ley 1\/2026, de 27 de febrero, del Consell, de modificaci\u00f3n de la Ley 13\/1997, de 23 de diciembre, por la que se regula el tramo auton\u00f3mico del impuesto sobre la renta de las personas f\u00edsicas y restantes tributos cedidos. Este decreto refleja la modificaci\u00f3n del Consell por el que se ha incrementado para la Renta de 2025 los umbrales de renta hasta 60.000 euros en tributaci\u00f3n individual y 78.000 euros en tributaci\u00f3n conjunta.<\/p>\n\n\n\n<p>\u201cUna vez que est\u00e1 corregido no podemos perder el foco de lo realmente importante, y es que estas deducciones sociosanitarias y deportivas van a aliviar la carga fiscal de un mill\u00f3n de valencianos en cuestiones tan del d\u00eda a d\u00eda como comprarse unas gafas, ir al dentista, al gimnasio o sufragar los gastos de enfermedades raras\u201d, ha indicado. Adem\u00e1s, ha recordado que las personas que presentaron la declaraci\u00f3n en los primeros d\u00edas de la renta y no pudieron acogerse a esas deducciones pueden realizar ahora una modificaci\u00f3n. &nbsp;<\/p>\n\n\n\n<p>Por \u00faltimo, P\u00e9rez Llorca ha resaltado que la Comunitat Valenciana \u201ces la autonom\u00eda con m\u00e1s deducciones en el IRPF, ya que desde el Gobierno valenciano se est\u00e1 apostando por un modelo fiscal que alivie los bolsillos de las rentas medias trabajadoras\u201d.<\/p>\n","protected":false},"excerpt":{"rendered":"<div class=\"mh-excerpt\">El president afirma que si las ayudas auton\u00f3micas est\u00e1n exentas en la renta de 2025 \u201cno puede ni debe producirse un agravio comparativo con aquellas personas que s\u00ed las tributaron en la renta anterior\u201d. \u201cLas <a class=\"mh-excerpt-more\" href=\"https:\/\/www.tucomarca.com\/wordpress\/segunda\/perez-llorca-exige-al-ministerio-de-hacienda-que-devuelva-a-los-afectados-por-la-dana-el-dinero-tributado-en-la-renta-de-2024\/\" title=\"P\u00e9rez Llorca exige al Ministerio de Hacienda que devuelva a los afectados por la DANA el dinero tributado en la renta de 2024\">[+] <\/a><\/div>\n","protected":false},"author":1,"featured_media":298364,"comment_status":"closed","ping_status":"open","sticky":false,"template":"","format":"standard","meta":{"footnotes":""},"categories":[21465,128,8,72,59,117,142,27,3,116,45],"tags":[12831,23465,2142],"class_list":{"0":"post-299125","1":"post","2":"type-post","3":"status-publish","4":"format-standard","5":"has-post-thumbnail","7":"category-dana","8":"category-infraestructuras","9":"category-la-comarca","10":"category-sin-categorizar","11":"category-los-serranos","12":"category-medio-ambiente-la-comarca","13":"category-politica-la-comarca","14":"category-requena-utiel","15":"category-seccion","16":"category-sucesos-la-comarca","17":"category-ventana","18":"tag-dana-2","19":"tag-juanfran-perez-llorca","20":"tag-la-comunitat"},"_links":{"self":[{"href":"https:\/\/www.tucomarca.com\/wordpress\/segunda\/wp-json\/wp\/v2\/posts\/299125","targetHints":{"allow":["GET"]}}],"collection":[{"href":"https:\/\/www.tucomarca.com\/wordpress\/segunda\/wp-json\/wp\/v2\/posts"}],"about":[{"href":"https:\/\/www.tucomarca.com\/wordpress\/segunda\/wp-json\/wp\/v2\/types\/post"}],"author":[{"embeddable":true,"href":"https:\/\/www.tucomarca.com\/wordpress\/segunda\/wp-json\/wp\/v2\/users\/1"}],"replies":[{"embeddable":true,"href":"https:\/\/www.tucomarca.com\/wordpress\/segunda\/wp-json\/wp\/v2\/comments?post=299125"}],"version-history":[{"count":0,"href":"https:\/\/www.tucomarca.com\/wordpress\/segunda\/wp-json\/wp\/v2\/posts\/299125\/revisions"}],"wp:featuredmedia":[{"embeddable":true,"href":"https:\/\/www.tucomarca.com\/wordpress\/segunda\/wp-json\/wp\/v2\/media\/298364"}],"wp:attachment":[{"href":"https:\/\/www.tucomarca.com\/wordpress\/segunda\/wp-json\/wp\/v2\/media?parent=299125"}],"wp:term":[{"taxonomy":"category","embeddable":true,"href":"https:\/\/www.tucomarca.com\/wordpress\/segunda\/wp-json\/wp\/v2\/categories?post=299125"},{"taxonomy":"post_tag","embeddable":true,"href":"https:\/\/www.tucomarca.com\/wordpress\/segunda\/wp-json\/wp\/v2\/tags?post=299125"}],"curies":[{"name":"wp","href":"https:\/\/api.w.org\/{rel}","templated":true}]}}