{"id":299143,"date":"2026-04-20T09:00:00","date_gmt":"2026-04-20T07:00:00","guid":{"rendered":"https:\/\/www.tucomarca.com\/wordpress\/segunda\/?p=299143"},"modified":"2026-04-20T17:49:49","modified_gmt":"2026-04-20T15:49:49","slug":"la-guia-penin-2027-destaca-la-excelencia-de-los-vinos-de-vinas-viejas-de-covinas","status":"publish","type":"post","link":"https:\/\/www.tucomarca.com\/wordpress\/segunda\/la-guia-penin-2027-destaca-la-excelencia-de-los-vinos-de-vinas-viejas-de-covinas\/","title":{"rendered":"La Gu\u00eda Pe\u00f1\u00edn 2027 destaca la excelencia\u00a0de los vinos de vi\u00f1as viejas de Covi\u00f1as"},"content":{"rendered":"\n<h3 class=\"wp-block-heading\">Reconoce con 90 puntos el car\u00e1cter \u00fanico de Veterum Tinajas 2022 y Adnos Bobal Alta Expresi\u00f3n 2021, dos referencias que ponen en valor el compromiso de la bodega de Requena y sus agricultores con el patrimonio vitivin\u00edcola de la comarca; un legado que custodian, preservan y protegen.<\/h3>\n\n\n\n<p><strong>Covi\u00f1as<\/strong>, bodega referente de la Denominaci\u00f3n de Origen UtielRequena, celebra el reconocimiento de la Gu\u00eda Pe\u00f1\u00edn de los Vinos de Espa\u00f1a 2027 a la excelencia de dos de sus vinos m\u00e1s singulares: <strong>Veterum Tinajas 2022 <\/strong>y <strong>Adnos Bobal Alta Expresi\u00f3n 2021<\/strong>. Ambas referencias han alcanzado la calificaci\u00f3n de 90 puntos en este prestigioso manual, el m\u00e1s\u00a0completo y actualizado\u00a0de vino espa\u00f1ol, consolidado como referente a nivel nacional e internacional.<\/p>\n\n\n\n<p>Dos propuestas premium de la bodega, dirigidas a un consumidor que valora la diferenciaci\u00f3n y busca vinos con alma. Elaborados con uva bobal, variedad aut\u00f3ctona de la comarca, reflejan el compromiso de Covi\u00f1as con la sostenibilidad y las vi\u00f1as viejas y expresan la esencia de un territorio de tradici\u00f3n vin\u00edcola milenaria. En sus campos arraigan las ra\u00edces de algunas de las cepas m\u00e1s antiguas de Espa\u00f1a, a\u00fan en producci\u00f3n, que superan los 100 a\u00f1os de vida. De estos vi\u00f1edos brotan racimos de uvas muy valoradas que aportan caracter\u00edsticas diferenciales y una calidad excelente y de cuyo fruto nacen vinos \u00fanicos. La Gu\u00eda Pe\u00f1\u00edn as\u00ed lo ha reconocido.&nbsp;<\/p>\n\n\n<div class=\"wp-block-image\">\n<figure class=\"alignleft size-large is-resized\"><img loading=\"lazy\" decoding=\"async\" width=\"635\" height=\"1024\" src=\"https:\/\/www.tucomarca.com\/wordpress\/segunda\/wp-content\/uploads\/2026\/04\/VeterumTinajasCovinas-635x1024.jpg\" alt=\"\" class=\"wp-image-299151\" style=\"aspect-ratio:0.6201232032854209;width:266px;height:auto\" srcset=\"https:\/\/www.tucomarca.com\/wordpress\/segunda\/wp-content\/uploads\/2026\/04\/VeterumTinajasCovinas-635x1024.jpg 635w, https:\/\/www.tucomarca.com\/wordpress\/segunda\/wp-content\/uploads\/2026\/04\/VeterumTinajasCovinas-186x300.jpg 186w, https:\/\/www.tucomarca.com\/wordpress\/segunda\/wp-content\/uploads\/2026\/04\/VeterumTinajasCovinas-768x1239.jpg 768w, https:\/\/www.tucomarca.com\/wordpress\/segunda\/wp-content\/uploads\/2026\/04\/VeterumTinajasCovinas.jpg 886w\" sizes=\"auto, (max-width: 635px) 100vw, 635px\" \/><\/figure>\n<\/div>\n\n\n<p><strong>Veterum Tinajas 2022: autenticidad y origen&nbsp;<\/strong><\/p>\n\n\n\n<p>De edici\u00f3n limitada, Veterum Tinajas 2022 nace de una forma de entender el vino basada en el respeto por el origen, la historia y la variedad aut\u00f3ctona. Elaborado con uva bobal procedente de vi\u00f1as viejas con una edad media de&nbsp;80 a\u00f1os y una disposici\u00f3n en vaso,&nbsp;recupera la tradici\u00f3n de las tinajas de barro. Este proceso de crianza artesanal aporta una complejidad y profundidad excepcionales&nbsp;que reflejan con autenticidad el terroir de la comarca. Veterum Tinajas es un vino con alma, aut\u00e9ntico, sin artificios, y profundamente honesto. Ideal para disfrutar desde la calma y la quietud junto a propuestas gastron\u00f3micas que respeten su car\u00e1cter: arroces de monta\u00f1a, charcuter\u00eda ib\u00e9rica o pescados grasos como el at\u00fan rojo.<\/p>\n\n\n\n<p><strong>Adnos Bobal de Alta Expresi\u00f3n 2021: identidad territorial<\/strong><\/p>\n\n\n\n<p>Un tinto profundamente territorial, complejo y elegante, que nace de bobal de vi\u00f1edos viejos de m\u00e1s de 70 a\u00f1os, sometidos a una viticultura de estr\u00e9s extremo. Tras una cuidadosa elaboraci\u00f3n tradicional y una crianza de 24 meses en roble franc\u00e9s y americano, este tinto \u00fanico adquiere una estructura y personalidad que garantizan su longevidad. Expresi\u00f3n pura del terru\u00f1o, perfecto para maridar con carnes rojas y de caza, guisos tradicionales y estofados, arroces de monta\u00f1a o quesos curados de oveja.<\/p>\n\n\n\n<p><strong>Jorge Srougi<\/strong>, <strong>director general de Covi\u00f1as<\/strong>, ha mostrado su satisfacci\u00f3n por este doble reconocimiento y ha destacado que <em>\u201cla vi\u00f1a vieja se reivindica como un valioso patrimonio que nos ofrece referencias \u00fanicas de gran expresividad como las calificadas con 90 puntos por la Gu\u00eda Pe\u00f1\u00edn 2027; dos propuestas que proyectan nuestro compromiso con la elaboraci\u00f3n de vinos que ponen en valor un legado que perdura, el terru\u00f1o y lo aut\u00f3ctono\u201d.<\/em><\/p>\n","protected":false},"excerpt":{"rendered":"<div class=\"mh-excerpt\">Reconoce con 90 puntos el car\u00e1cter \u00fanico de Veterum Tinajas 2022 y Adnos Bobal Alta Expresi\u00f3n 2021, dos referencias que ponen en valor el compromiso de la bodega de Requena y sus agricultores con el <a class=\"mh-excerpt-more\" href=\"https:\/\/www.tucomarca.com\/wordpress\/segunda\/la-guia-penin-2027-destaca-la-excelencia-de-los-vinos-de-vinas-viejas-de-covinas\/\" title=\"La Gu\u00eda Pe\u00f1\u00edn 2027 destaca la excelencia\u00a0de los vinos de vi\u00f1as viejas de Covi\u00f1as\">[+] <\/a><\/div>\n","protected":false},"author":12,"featured_media":299149,"comment_status":"closed","ping_status":"open","sticky":false,"template":"","format":"standard","meta":{"footnotes":""},"categories":[113,8,7,28,27,3],"tags":[20588,1989,10387],"class_list":{"0":"post-299143","1":"post","2":"type-post","3":"status-publish","4":"format-standard","5":"has-post-thumbnail","7":"category-vinos","8":"category-la-comarca","9":"category-ocio-y-cultura","10":"category-requena","11":"category-requena-utiel","12":"category-seccion","13":"tag-bodegas-covinas","14":"tag-guia-penin","15":"tag-requena-utiel"},"_links":{"self":[{"href":"https:\/\/www.tucomarca.com\/wordpress\/segunda\/wp-json\/wp\/v2\/posts\/299143","targetHints":{"allow":["GET"]}}],"collection":[{"href":"https:\/\/www.tucomarca.com\/wordpress\/segunda\/wp-json\/wp\/v2\/posts"}],"about":[{"href":"https:\/\/www.tucomarca.com\/wordpress\/segunda\/wp-json\/wp\/v2\/types\/post"}],"author":[{"embeddable":true,"href":"https:\/\/www.tucomarca.com\/wordpress\/segunda\/wp-json\/wp\/v2\/users\/12"}],"replies":[{"embeddable":true,"href":"https:\/\/www.tucomarca.com\/wordpress\/segunda\/wp-json\/wp\/v2\/comments?post=299143"}],"version-history":[{"count":3,"href":"https:\/\/www.tucomarca.com\/wordpress\/segunda\/wp-json\/wp\/v2\/posts\/299143\/revisions"}],"predecessor-version":[{"id":299153,"href":"https:\/\/www.tucomarca.com\/wordpress\/segunda\/wp-json\/wp\/v2\/posts\/299143\/revisions\/299153"}],"wp:featuredmedia":[{"embeddable":true,"href":"https:\/\/www.tucomarca.com\/wordpress\/segunda\/wp-json\/wp\/v2\/media\/299149"}],"wp:attachment":[{"href":"https:\/\/www.tucomarca.com\/wordpress\/segunda\/wp-json\/wp\/v2\/media?parent=299143"}],"wp:term":[{"taxonomy":"category","embeddable":true,"href":"https:\/\/www.tucomarca.com\/wordpress\/segunda\/wp-json\/wp\/v2\/categories?post=299143"},{"taxonomy":"post_tag","embeddable":true,"href":"https:\/\/www.tucomarca.com\/wordpress\/segunda\/wp-json\/wp\/v2\/tags?post=299143"}],"curies":[{"name":"wp","href":"https:\/\/api.w.org\/{rel}","templated":true}]}}