{"id":299156,"date":"2026-04-20T10:00:00","date_gmt":"2026-04-20T08:00:00","guid":{"rendered":"https:\/\/www.tucomarca.com\/wordpress\/segunda\/?p=299156"},"modified":"2026-04-20T11:42:34","modified_gmt":"2026-04-20T09:42:34","slug":"la-bunolense-ariadna-fuentes-seleccionada-para-la-seleccion-valenciana-de-gimnasia-ritmica","status":"publish","type":"post","link":"https:\/\/www.tucomarca.com\/wordpress\/segunda\/la-bunolense-ariadna-fuentes-seleccionada-para-la-seleccion-valenciana-de-gimnasia-ritmica\/","title":{"rendered":"La bu\u00f1olense Ariadna Fuentes, seleccionada para la Selecci\u00f3n Valenciana de Gimnasia R\u00edtmica"},"content":{"rendered":"\n<p>La gimnasta de Bu\u00f1ol Ariadna Fuentes Valero ha sido seleccionada para formar parte de la Selecci\u00f3n Valenciana de Gimnasia R\u00edtmica tras superar el exigente control t\u00e9cnico organizado por la Federaci\u00f3n de Gimnasia de la Comunitat Valenciana, celebrado el pasado 29 de marzo.<\/p>\n\n\n\n<p>Gracias a esta convocatoria, Ariadna representar\u00e1 a la Comunitat Valenciana en el CESA (Campeonato de Espa\u00f1a de Selecciones Auton\u00f3micas en Edad Escolar), una de las competiciones de mayor nivel dentro del deporte base a nivel estatal, impulsada por el Consejo Superior de Deportes.<\/p>\n\n\n\n<p>El campeonato se celebrar\u00e1 en Oviedo del 4 al 7 de junio y reunir\u00e1 a las mejores gimnastas en edad escolar de todas las comunidades aut\u00f3nomas, convirti\u00e9ndose en un escaparate del talento emergente de la gimnasia r\u00edtmica en Espa\u00f1a.<\/p>\n\n\n\n<p>Desde Bu\u00f1ol se seguir\u00e1 con orgullo la participaci\u00f3n de la joven deportista, que defender\u00e1 los colores de la Comunitat Valenciana en esta importante cita nacional. Una oportunidad destacada para seguir creciendo en su trayectoria deportiva.<\/p>\n\n\n\n<p>\u00a1Enhorabuena y mucha suerte, Ariadna!<\/p>\n\n\n\n<figure class=\"wp-block-gallery has-nested-images columns-default is-cropped wp-block-gallery-1 is-layout-flex wp-block-gallery-is-layout-flex\">\n<figure class=\"wp-block-image size-large\"><img loading=\"lazy\" decoding=\"async\" width=\"682\" height=\"1024\" data-id=\"299160\" src=\"https:\/\/www.tucomarca.com\/wordpress\/segunda\/wp-content\/uploads\/2026\/04\/Ariadna2-682x1024.jpg\" alt=\"\" class=\"wp-image-299160\" srcset=\"https:\/\/www.tucomarca.com\/wordpress\/segunda\/wp-content\/uploads\/2026\/04\/Ariadna2-682x1024.jpg 682w, https:\/\/www.tucomarca.com\/wordpress\/segunda\/wp-content\/uploads\/2026\/04\/Ariadna2-200x300.jpg 200w, https:\/\/www.tucomarca.com\/wordpress\/segunda\/wp-content\/uploads\/2026\/04\/Ariadna2-768x1153.jpg 768w, https:\/\/www.tucomarca.com\/wordpress\/segunda\/wp-content\/uploads\/2026\/04\/Ariadna2-1023x1536.jpg 1023w, https:\/\/www.tucomarca.com\/wordpress\/segunda\/wp-content\/uploads\/2026\/04\/Ariadna2.jpg 1066w\" sizes=\"auto, (max-width: 682px) 100vw, 682px\" \/><\/figure>\n\n\n\n<figure class=\"wp-block-image size-large\"><img loading=\"lazy\" decoding=\"async\" width=\"1024\" height=\"680\" data-id=\"299162\" src=\"https:\/\/www.tucomarca.com\/wordpress\/segunda\/wp-content\/uploads\/2026\/04\/Ariadna3-1024x680.jpg\" alt=\"\" class=\"wp-image-299162\" srcset=\"https:\/\/www.tucomarca.com\/wordpress\/segunda\/wp-content\/uploads\/2026\/04\/Ariadna3-1024x680.jpg 1024w, https:\/\/www.tucomarca.com\/wordpress\/segunda\/wp-content\/uploads\/2026\/04\/Ariadna3-300x199.jpg 300w, https:\/\/www.tucomarca.com\/wordpress\/segunda\/wp-content\/uploads\/2026\/04\/Ariadna3-768x510.jpg 768w, https:\/\/www.tucomarca.com\/wordpress\/segunda\/wp-content\/uploads\/2026\/04\/Ariadna3-1536x1020.jpg 1536w, https:\/\/www.tucomarca.com\/wordpress\/segunda\/wp-content\/uploads\/2026\/04\/Ariadna3.jpg 1600w\" sizes=\"auto, (max-width: 1024px) 100vw, 1024px\" \/><\/figure>\n<\/figure>\n","protected":false},"excerpt":{"rendered":"<div class=\"mh-excerpt\">La gimnasta de Bu\u00f1ol Ariadna Fuentes Valero ha sido seleccionada para formar parte de la Selecci\u00f3n Valenciana de Gimnasia R\u00edtmica tras superar el exigente control t\u00e9cnico organizado por la Federaci\u00f3n de Gimnasia de la Comunitat <a class=\"mh-excerpt-more\" href=\"https:\/\/www.tucomarca.com\/wordpress\/segunda\/la-bunolense-ariadna-fuentes-seleccionada-para-la-seleccion-valenciana-de-gimnasia-ritmica\/\" title=\"La bu\u00f1olense Ariadna Fuentes, seleccionada para la Selecci\u00f3n Valenciana de Gimnasia R\u00edtmica\">[+] <\/a><\/div>\n","protected":false},"author":12,"featured_media":299158,"comment_status":"closed","ping_status":"open","sticky":false,"template":"","format":"gallery","meta":{"footnotes":""},"categories":[18,6,8,10,199,3],"tags":[18966,10385,5952],"class_list":{"0":"post-299156","1":"post","2":"type-post","3":"status-publish","4":"format-gallery","5":"has-post-thumbnail","7":"category-bunol","8":"category-deportes","9":"category-la-comarca","10":"category-la-hoya","11":"category-polideportivo","12":"category-seccion","13":"tag-ariadna-fuentes","14":"tag-bunol","15":"tag-la-hoya-de-bunol-chiva","16":"post_format-post-format-gallery"},"_links":{"self":[{"href":"https:\/\/www.tucomarca.com\/wordpress\/segunda\/wp-json\/wp\/v2\/posts\/299156","targetHints":{"allow":["GET"]}}],"collection":[{"href":"https:\/\/www.tucomarca.com\/wordpress\/segunda\/wp-json\/wp\/v2\/posts"}],"about":[{"href":"https:\/\/www.tucomarca.com\/wordpress\/segunda\/wp-json\/wp\/v2\/types\/post"}],"author":[{"embeddable":true,"href":"https:\/\/www.tucomarca.com\/wordpress\/segunda\/wp-json\/wp\/v2\/users\/12"}],"replies":[{"embeddable":true,"href":"https:\/\/www.tucomarca.com\/wordpress\/segunda\/wp-json\/wp\/v2\/comments?post=299156"}],"version-history":[{"count":4,"href":"https:\/\/www.tucomarca.com\/wordpress\/segunda\/wp-json\/wp\/v2\/posts\/299156\/revisions"}],"predecessor-version":[{"id":299212,"href":"https:\/\/www.tucomarca.com\/wordpress\/segunda\/wp-json\/wp\/v2\/posts\/299156\/revisions\/299212"}],"wp:featuredmedia":[{"embeddable":true,"href":"https:\/\/www.tucomarca.com\/wordpress\/segunda\/wp-json\/wp\/v2\/media\/299158"}],"wp:attachment":[{"href":"https:\/\/www.tucomarca.com\/wordpress\/segunda\/wp-json\/wp\/v2\/media?parent=299156"}],"wp:term":[{"taxonomy":"category","embeddable":true,"href":"https:\/\/www.tucomarca.com\/wordpress\/segunda\/wp-json\/wp\/v2\/categories?post=299156"},{"taxonomy":"post_tag","embeddable":true,"href":"https:\/\/www.tucomarca.com\/wordpress\/segunda\/wp-json\/wp\/v2\/tags?post=299156"}],"curies":[{"name":"wp","href":"https:\/\/api.w.org\/{rel}","templated":true}]}}