{"id":299170,"date":"2026-04-20T10:30:00","date_gmt":"2026-04-20T08:30:00","guid":{"rendered":"https:\/\/www.tucomarca.com\/wordpress\/segunda\/?p=299170"},"modified":"2026-04-20T18:37:40","modified_gmt":"2026-04-20T16:37:40","slug":"guillermo-estiballes-presenta-en-bunol-su-nueva-novela-la-ultima-fiesta-ambientada-en-esta-localidad","status":"publish","type":"post","link":"https:\/\/www.tucomarca.com\/wordpress\/segunda\/guillermo-estiballes-presenta-en-bunol-su-nueva-novela-la-ultima-fiesta-ambientada-en-esta-localidad\/","title":{"rendered":"Guillermo Estiballes presenta en Bu\u00f1ol su nueva novela \u00abLa \u00faltima fiesta\u00bb, ambientada en esta localidad"},"content":{"rendered":"\n<h3 class=\"wp-block-heading\">La nueva novela de Guillermo Estiballes, ambientada en Bu\u00f1ol, se presentar\u00e1 al p\u00fablico en la sala Raga de la Biblioteca Municipal el pr\u00f3ximo 30 de abril.<\/h3>\n\n\n<div class=\"wp-block-image\">\n<figure class=\"alignleft size-large is-resized\"><img loading=\"lazy\" decoding=\"async\" width=\"877\" height=\"1024\" src=\"https:\/\/www.tucomarca.com\/wordpress\/segunda\/wp-content\/uploads\/2026\/04\/GuillermoEstiballes-877x1024.jpg\" alt=\"\" class=\"wp-image-299174\" style=\"aspect-ratio:0.8564464482006022;width:342px;height:auto\" srcset=\"https:\/\/www.tucomarca.com\/wordpress\/segunda\/wp-content\/uploads\/2026\/04\/GuillermoEstiballes-877x1024.jpg 877w, https:\/\/www.tucomarca.com\/wordpress\/segunda\/wp-content\/uploads\/2026\/04\/GuillermoEstiballes-257x300.jpg 257w, https:\/\/www.tucomarca.com\/wordpress\/segunda\/wp-content\/uploads\/2026\/04\/GuillermoEstiballes-768x896.jpg 768w, https:\/\/www.tucomarca.com\/wordpress\/segunda\/wp-content\/uploads\/2026\/04\/GuillermoEstiballes.jpg 886w\" sizes=\"auto, (max-width: 877px) 100vw, 877px\" \/><\/figure>\n<\/div>\n\n\n<p>El escritor <strong>Guillermo Estiballes<\/strong> (Bilbao, 1980), afincado en Bu\u00f1ol desde hace cerca de dos d\u00e9cadas, contin\u00faa consolidando su trayectoria literaria con un nuevo giro creativo. Tras una carrera marcada por la versatilidad de g\u00e9neros y registros, el autor bilba\u00edno se adentra por primera vez en la novela negra con <strong><em>La \u00faltima fiesta<\/em><\/strong>, publicada en marzo de 2026 por Roca Penguin Random House.<\/p>\n\n\n\n<p>La obra ser\u00e1 presentada el pr\u00f3ximo <strong>jueves, 30 de abril, a las 19,00<\/strong> horas en la <strong>sala Raga de la Biblioteca Municipal<\/strong> de Bu\u00f1ol y ser\u00e1 respaldada por <em>La librer\u00eda de do\u00f1a Le<\/em>o, donde desde hace unas semanas se pueden adquirir ejemplares.<\/p>\n\n\n\n<p>El acto contar\u00e1 con la participaci\u00f3n del propio Estiballes, <strong>acompa\u00f1ado por Ana Perell\u00f3<\/strong>, antigua colaboradora radiof\u00f3nica en el programa <em>Palabras en el aire<\/em> y exbibliotecaria de la localidad, en lo que se prev\u00e9 como un <strong>encuentro cercano<\/strong> con los lectores.<\/p>\n\n\n\n<p>Con una producci\u00f3n literaria que incluye<strong>cinco novelas y numerosos relatos<\/strong> publicados en plataformas digitales, Estiballes ha cultivado un <strong>estilo caracterizado por el eclecticismo<\/strong>. A lo largo de su trayectoria ha transitado por la novela social, la Ciencia Ficci\u00f3n, el costumbrismo o el realismo m\u00e1gico, consolidando una voz narrativa flexible y reconocible. Entre sus obras destacan <strong><em>Imagina que eres dios<\/em><\/strong>(2016), galardonada con el IV Premio de Novela Tandaia; <strong><em>Las reliquias de Dirce<\/em><\/strong> (2018), y <strong><em>Las escamas del primigenio<\/em><\/strong> (2019), ambas pertenecientes a la saga <strong><em>Secretos de Pompeya<\/em><\/strong>; as\u00ed como <strong><em>Otra luna enterrada<\/em><\/strong> (2020), ambientada tambi\u00e9n en Bu\u00f1ol.<\/p>\n\n\n\n<p>Adem\u00e1s, ha colaborado en medios radiof\u00f3nicos especializados en misterio y cultura, y ha participado en proyectos creativos con el grupo vizca\u00edno La Kontra.<\/p>\n\n\n<div class=\"wp-block-image\">\n<figure class=\"alignleft size-large is-resized\"><img loading=\"lazy\" decoding=\"async\" width=\"674\" height=\"1024\" src=\"https:\/\/www.tucomarca.com\/wordpress\/segunda\/wp-content\/uploads\/2026\/04\/LaUltimaFiesta-674x1024.jpg\" alt=\"\" class=\"wp-image-299176\" style=\"width:319px;height:auto\" srcset=\"https:\/\/www.tucomarca.com\/wordpress\/segunda\/wp-content\/uploads\/2026\/04\/LaUltimaFiesta-674x1024.jpg 674w, https:\/\/www.tucomarca.com\/wordpress\/segunda\/wp-content\/uploads\/2026\/04\/LaUltimaFiesta-197x300.jpg 197w, https:\/\/www.tucomarca.com\/wordpress\/segunda\/wp-content\/uploads\/2026\/04\/LaUltimaFiesta-768x1167.jpg 768w, https:\/\/www.tucomarca.com\/wordpress\/segunda\/wp-content\/uploads\/2026\/04\/LaUltimaFiesta.jpg 886w\" sizes=\"auto, (max-width: 674px) 100vw, 674px\" \/><\/figure>\n<\/div>\n\n\n<p>En <strong><em>La \u00faltima fiesta<\/em><\/strong>, el autor traslada su mirada narrativa al terreno del <strong><em>noir contempor\u00e1neo<\/em><\/strong> con una propuesta que <strong>se aleja de los c\u00f3digos m\u00e1s oscuros y violentos<\/strong> del g\u00e9nero. La novela plantea <strong>una trama \u00e1gil y directa<\/strong>: la aparici\u00f3n sin vida de la escritora Rosa Grillaud en la cementera abandonada de la villa de Bu\u00f1ol desencadena una investigaci\u00f3n policial liderada por el sargento <strong>Mateo Masmano<\/strong>. Lo que en un principio parece un suceso aislado pronto revela conexiones m\u00e1s complejas, con nuevos cad\u00e1veres y una red de indicios que apuntan a un plan cuidadosamente dise\u00f1ado.<\/p>\n\n\n\n<p>Sin embargo, m\u00e1s all\u00e1 de la intriga criminal, la obra pone el foco en <strong>elementos humanos y sociales<\/strong>. Estiballes construye una historia donde destacan las <strong>relaciones personales<\/strong>, los <strong>v\u00ednculos familiares<\/strong> y las tensiones derivadas de la <strong>dificultad para conciliar<\/strong> la vida laboral y la afectiva en la actualidad. La novela se sit\u00faa en la <strong>primavera de 2025<\/strong> y se nutre de un entorno reconocible \u00ad\u2014<strong>Bu\u00f1ol, Valencia y sus alrededores<\/strong>\u2014, incorporando referencias a hechos recientes como la dana que azot\u00f3 la provincia en octubre de 2024.<\/p>\n\n\n\n<p><strong>Lejos del tono sombr\u00edo que domina<\/strong> buena parte de la novela negra actual, <em>La \u00faltima fiesta<\/em> apuesta por una <strong>narrativa luminosa<\/strong>, con <strong>ritmo trepidante<\/strong> y una <strong>prosa accesible<\/strong> que prioriza la cercan\u00eda con el lector. El resultado es una obra que combina <strong>intriga y cotidianeidad<\/strong>, con <strong>personajes definidos<\/strong> por su car\u00e1cter y un contexto que act\u00faa como elemento clave de la historia.<\/p>\n\n\n\n<p><strong>La presentaci\u00f3n en Bu\u00f1ol<\/strong> supone, adem\u00e1s, un <strong>regreso <\/strong>simb\u00f3lico del autor <strong>al escenario que inspira su m\u00e1s reciente obra<\/strong>, reforzando el v\u00ednculo entre creaci\u00f3n literaria y territorio. Un evento que se perfila como <strong>una oportunidad para descubrir<\/strong> una <strong>faceta in\u00e9dita <\/strong>de Estiballes y para acercarse a una novela que, desde lo local, aspira a conectar con <strong>preocupaciones universales<\/strong>.<\/p>\n","protected":false},"excerpt":{"rendered":"<div class=\"mh-excerpt\">La nueva novela de Guillermo Estiballes, ambientada en Bu\u00f1ol, se presentar\u00e1 al p\u00fablico en la sala Raga de la Biblioteca Municipal el pr\u00f3ximo 30 de abril. El escritor Guillermo Estiballes (Bilbao, 1980), afincado en Bu\u00f1ol <a class=\"mh-excerpt-more\" href=\"https:\/\/www.tucomarca.com\/wordpress\/segunda\/guillermo-estiballes-presenta-en-bunol-su-nueva-novela-la-ultima-fiesta-ambientada-en-esta-localidad\/\" title=\"Guillermo Estiballes presenta en Bu\u00f1ol su nueva novela \u00abLa \u00faltima fiesta\u00bb, ambientada en esta localidad\">[+] <\/a><\/div>\n","protected":false},"author":12,"featured_media":299238,"comment_status":"closed","ping_status":"open","sticky":false,"template":"","format":"standard","meta":{"footnotes":""},"categories":[4,18,8,10,7,3,45],"tags":[10385,5952],"class_list":{"0":"post-299170","1":"post","2":"type-post","3":"status-publish","4":"format-standard","5":"has-post-thumbnail","7":"category-agenda","8":"category-bunol","9":"category-la-comarca","10":"category-la-hoya","11":"category-ocio-y-cultura","12":"category-seccion","13":"category-ventana","14":"tag-bunol","15":"tag-la-hoya-de-bunol-chiva"},"_links":{"self":[{"href":"https:\/\/www.tucomarca.com\/wordpress\/segunda\/wp-json\/wp\/v2\/posts\/299170","targetHints":{"allow":["GET"]}}],"collection":[{"href":"https:\/\/www.tucomarca.com\/wordpress\/segunda\/wp-json\/wp\/v2\/posts"}],"about":[{"href":"https:\/\/www.tucomarca.com\/wordpress\/segunda\/wp-json\/wp\/v2\/types\/post"}],"author":[{"embeddable":true,"href":"https:\/\/www.tucomarca.com\/wordpress\/segunda\/wp-json\/wp\/v2\/users\/12"}],"replies":[{"embeddable":true,"href":"https:\/\/www.tucomarca.com\/wordpress\/segunda\/wp-json\/wp\/v2\/comments?post=299170"}],"version-history":[{"count":6,"href":"https:\/\/www.tucomarca.com\/wordpress\/segunda\/wp-json\/wp\/v2\/posts\/299170\/revisions"}],"predecessor-version":[{"id":299232,"href":"https:\/\/www.tucomarca.com\/wordpress\/segunda\/wp-json\/wp\/v2\/posts\/299170\/revisions\/299232"}],"wp:featuredmedia":[{"embeddable":true,"href":"https:\/\/www.tucomarca.com\/wordpress\/segunda\/wp-json\/wp\/v2\/media\/299238"}],"wp:attachment":[{"href":"https:\/\/www.tucomarca.com\/wordpress\/segunda\/wp-json\/wp\/v2\/media?parent=299170"}],"wp:term":[{"taxonomy":"category","embeddable":true,"href":"https:\/\/www.tucomarca.com\/wordpress\/segunda\/wp-json\/wp\/v2\/categories?post=299170"},{"taxonomy":"post_tag","embeddable":true,"href":"https:\/\/www.tucomarca.com\/wordpress\/segunda\/wp-json\/wp\/v2\/tags?post=299170"}],"curies":[{"name":"wp","href":"https:\/\/api.w.org\/{rel}","templated":true}]}}