{"id":299179,"date":"2026-04-20T09:30:00","date_gmt":"2026-04-20T07:30:00","guid":{"rendered":"https:\/\/www.tucomarca.com\/wordpress\/segunda\/?p=299179"},"modified":"2026-04-20T18:33:22","modified_gmt":"2026-04-20T16:33:22","slug":"bunol-continua-su-agenda-cultural-durante-este-mes-de-abril-con-musica-teatro-literatura-y-cine","status":"publish","type":"post","link":"https:\/\/www.tucomarca.com\/wordpress\/segunda\/bunol-continua-su-agenda-cultural-durante-este-mes-de-abril-con-musica-teatro-literatura-y-cine\/","title":{"rendered":"Bu\u00f1ol contin\u00faa su agenda cultural durante este mes de abril con m\u00fasica, teatro, literatura y cine"},"content":{"rendered":"\n<h3 class=\"wp-block-heading\">Bu\u00f1ol prosigue con los actos de su agenda cultural durante este mes de abril con una programaci\u00f3n diversa que abarca m\u00fasica, teatro, literatura y cine.<\/h3>\n\n\n\n<p>Entre el 17 y el 30 de abril se desarrolla el ciclo \u201cAbril, un mes entre libros\u201d, que incluye presentaciones literarias, charlas y encuentros, reforzando la programaci\u00f3n cultural en torno al fomento de la lectura.<\/p>\n\n\n\n<p>En el apartado teatral, el martes 21 de abril la Sala Tomatina acoger\u00e1 la representaci\u00f3n infantil \u201cLa Biblioteca perdida\u201d, dirigida a ni\u00f1os y ni\u00f1as de entre 2 y 6 a\u00f1os, con entrada gratuita hasta completar aforo.<\/p>\n\n\n\n<p>Ese mismo fin de semana, del 24 al 26 de abril, el Parque de San Luis ser\u00e1 escenario de la tradicional Feria de Abril, organizada por la Falla Reyes Cat\u00f3licos y adyacentes.<\/p>\n\n\n\n<p>El viernes 24 de abril continuar\u00e1 la programaci\u00f3n musical en el Teatro Montecarlo con un concierto coral en el que participar\u00e1n diversas agrupaciones, mientras que el s\u00e1bado 25 el Palacio de la M\u00fasica acoger\u00e1 el concierto de la Banda Juvenil \u201cCinemagia: Sinfon\u00edas de la Pantalla\u201d, con un repertorio inspirado en bandas sonoras de cine.<\/p>\n\n\n\n<p>El cine tambi\u00e9n tendr\u00e1 un papel destacado con el ciclo \u201cVivir de Cine\u201d, que se desarrollar\u00e1 del 30 de abril al 11 de junio. La inauguraci\u00f3n, prevista para el jueves 30 de abril en el Cine Palacio, estar\u00e1 dedicada al centenario de Marilyn Monroe con la proyecci\u00f3n de la pel\u00edcula \u201cCon faldas y a lo loco\u201d.<\/p>\n\n\n\n<p>La agenda refleja la implicaci\u00f3n de distintas entidades locales, desde sociedades musicales hasta asociaciones culturales y la propia Concejal\u00eda de Cultura, en una programaci\u00f3n que combina tradici\u00f3n, participaci\u00f3n ciudadana y propuestas culturales contempor\u00e1neas.<\/p>\n\n\n\n<figure class=\"wp-block-image size-large\"><img loading=\"lazy\" decoding=\"async\" width=\"710\" height=\"1024\" src=\"https:\/\/www.tucomarca.com\/wordpress\/segunda\/wp-content\/uploads\/2026\/04\/BunolActuaabril26-710x1024.jpg\" alt=\"\" class=\"wp-image-299181\" srcset=\"https:\/\/www.tucomarca.com\/wordpress\/segunda\/wp-content\/uploads\/2026\/04\/BunolActuaabril26-710x1024.jpg 710w, https:\/\/www.tucomarca.com\/wordpress\/segunda\/wp-content\/uploads\/2026\/04\/BunolActuaabril26-208x300.jpg 208w, https:\/\/www.tucomarca.com\/wordpress\/segunda\/wp-content\/uploads\/2026\/04\/BunolActuaabril26-768x1107.jpg 768w, https:\/\/www.tucomarca.com\/wordpress\/segunda\/wp-content\/uploads\/2026\/04\/BunolActuaabril26.jpg 886w\" sizes=\"auto, (max-width: 710px) 100vw, 710px\" \/><\/figure>\n","protected":false},"excerpt":{"rendered":"<div class=\"mh-excerpt\">Bu\u00f1ol prosigue con los actos de su agenda cultural durante este mes de abril con una programaci\u00f3n diversa que abarca m\u00fasica, teatro, literatura y cine. Entre el 17 y el 30 de abril se desarrolla <a class=\"mh-excerpt-more\" href=\"https:\/\/www.tucomarca.com\/wordpress\/segunda\/bunol-continua-su-agenda-cultural-durante-este-mes-de-abril-con-musica-teatro-literatura-y-cine\/\" title=\"Bu\u00f1ol contin\u00faa su agenda cultural durante este mes de abril con m\u00fasica, teatro, literatura y cine\">[+] <\/a><\/div>\n","protected":false},"author":12,"featured_media":299181,"comment_status":"closed","ping_status":"open","sticky":false,"template":"","format":"standard","meta":{"footnotes":""},"categories":[4,18,8,10,7,3],"tags":[13227,10385,14721,5952],"class_list":{"0":"post-299179","1":"post","2":"type-post","3":"status-publish","4":"format-standard","5":"has-post-thumbnail","7":"category-agenda","8":"category-bunol","9":"category-la-comarca","10":"category-la-hoya","11":"category-ocio-y-cultura","12":"category-seccion","13":"tag-agenda-cultural","14":"tag-bunol","15":"tag-bunol-actua","16":"tag-la-hoya-de-bunol-chiva"},"_links":{"self":[{"href":"https:\/\/www.tucomarca.com\/wordpress\/segunda\/wp-json\/wp\/v2\/posts\/299179","targetHints":{"allow":["GET"]}}],"collection":[{"href":"https:\/\/www.tucomarca.com\/wordpress\/segunda\/wp-json\/wp\/v2\/posts"}],"about":[{"href":"https:\/\/www.tucomarca.com\/wordpress\/segunda\/wp-json\/wp\/v2\/types\/post"}],"author":[{"embeddable":true,"href":"https:\/\/www.tucomarca.com\/wordpress\/segunda\/wp-json\/wp\/v2\/users\/12"}],"replies":[{"embeddable":true,"href":"https:\/\/www.tucomarca.com\/wordpress\/segunda\/wp-json\/wp\/v2\/comments?post=299179"}],"version-history":[{"count":4,"href":"https:\/\/www.tucomarca.com\/wordpress\/segunda\/wp-json\/wp\/v2\/posts\/299179\/revisions"}],"predecessor-version":[{"id":299297,"href":"https:\/\/www.tucomarca.com\/wordpress\/segunda\/wp-json\/wp\/v2\/posts\/299179\/revisions\/299297"}],"wp:featuredmedia":[{"embeddable":true,"href":"https:\/\/www.tucomarca.com\/wordpress\/segunda\/wp-json\/wp\/v2\/media\/299181"}],"wp:attachment":[{"href":"https:\/\/www.tucomarca.com\/wordpress\/segunda\/wp-json\/wp\/v2\/media?parent=299179"}],"wp:term":[{"taxonomy":"category","embeddable":true,"href":"https:\/\/www.tucomarca.com\/wordpress\/segunda\/wp-json\/wp\/v2\/categories?post=299179"},{"taxonomy":"post_tag","embeddable":true,"href":"https:\/\/www.tucomarca.com\/wordpress\/segunda\/wp-json\/wp\/v2\/tags?post=299179"}],"curies":[{"name":"wp","href":"https:\/\/api.w.org\/{rel}","templated":true}]}}