{"id":2992,"date":"2012-06-05T13:41:21","date_gmt":"2012-06-05T11:41:21","guid":{"rendered":"http:\/\/www.tucomarca.com\/wordpress\/segunda\/?p=2992"},"modified":"2012-06-05T13:50:29","modified_gmt":"2012-06-05T11:50:29","slug":"los-populares-de-bunol-se-reuniran-este-miercoles-con-el-alcalde-eu-para-tratar-el-plan-de-ajuste-de-bunol","status":"publish","type":"post","link":"https:\/\/www.tucomarca.com\/wordpress\/segunda\/los-populares-de-bunol-se-reuniran-este-miercoles-con-el-alcalde-eu-para-tratar-el-plan-de-ajuste-de-bunol\/","title":{"rendered":"Los populares de Bu\u00f1ol se reunir\u00e1n este mi\u00e9rcoles con el alcalde (EU) para tratar el Plan de Ajuste de Bu\u00f1ol"},"content":{"rendered":"<figure id=\"attachment_2994\" aria-describedby=\"caption-attachment-2994\" style=\"width: 418px\" class=\"wp-caption alignleft\"><a href=\"https:\/\/www.tucomarca.com\/wordpress\/segunda\/wp-content\/uploads\/2012\/06\/Registro.jpg\"><img loading=\"lazy\" decoding=\"async\" class=\"size-full wp-image-2994 \" title=\"Registro\" src=\"https:\/\/www.tucomarca.com\/wordpress\/segunda\/wp-content\/uploads\/2012\/06\/Registro.jpg\" alt=\"Escrito presentado por registro  de entrada del Ayuntamiento de Bu\u00f1ol y facilitado por el PP.\" width=\"418\" height=\"560\" srcset=\"https:\/\/www.tucomarca.com\/wordpress\/segunda\/wp-content\/uploads\/2012\/06\/Registro.jpg 597w, https:\/\/www.tucomarca.com\/wordpress\/segunda\/wp-content\/uploads\/2012\/06\/Registro-223x300.jpg 223w\" sizes=\"auto, (max-width: 418px) 100vw, 418px\" \/><\/a><figcaption id=\"caption-attachment-2994\" class=\"wp-caption-text\">Escrito presentado por registro  de entrada del Ayuntamiento de Bu\u00f1ol y facilitado por el PP.<\/figcaption><\/figure>\n<p>El Partido Popular de Bu\u00f1ol ha informado que este mi\u00e9rcoles, 6 de junio, est\u00e1 previsto que se lleve a cabo la reuni\u00f3n, propuesta a instancias del PP, entre la citada formaci\u00f3n pol\u00edtica y el alcalde de la localidad, Joaqu\u00edn Masmano (Esquerra Unida), \u00abtal como ya avanzamos el lunes\u00bb, han recalcado desde el PP, cuyos portavoces han asegurado adem\u00e1s \u00abno entender por qu\u00e9 desde Esquerra Unida, su coordinador local, Rafael P\u00e9rez, ha salido en prensa diciendo que no se les hab\u00eda convocado, cuando ya se les hab\u00eda remitido una solicitud por registro de entrada el mismo lunes por la ma\u00f1ana\u00bb.<\/p>\n<p>Desde el PP no han querido abundar en este tema, aunque s\u00ed han adelantado que la reuni\u00f3n se desarrollar\u00e1 \u00abeste mi\u00e9rcoles, como estaba prevista, y a partir de las 18,00 horas; y en ella esperamos que tanto el alcalde como el resto de miembros de EU muestren la misma predisposici\u00f3n que tenemos los integrantes del Partido Popular para llegar a acuerdos y consensos que beneficien a todas las ciudadanas y ciudadanos de Bu\u00f1ol, por encima de cualquier inter\u00e9s partidista\u00bb.<\/p>\n<p>Entre las primeras propuestas que ya se han conocido por parte de los Populares de Bu\u00f1ol, se encuentra que el servicio de recaudaci\u00f3n \u00abactualmente privatizado, se lleve por personal propio del Ayuntamiento, para evitar pagar altas sumas de dinero y tratar de evitar cierre de servicios p\u00fablicos como el de la piscina municipal, acordado por el tripartito. El discurso del actual gobierno en minor\u00eda de EU-PSOE-IAB\u00a0 est\u00e1 cargado de una doble moral al decir que defienden los servicios p\u00fablicos y aquellos que tienen a su cargo los privatizan, como el servicio de recaudaci\u00f3n municipal que est\u00e1 siendo llevado por una empresa privada\u00bb, han segurado los populares.<\/p>\n<p>\u00abCon este servicio de recaudaci\u00f3n privatizado el Ayuntamiento de Bu\u00f1ol ha llegado a pagar algunos a\u00f1os m\u00e1s de 100.000 euros del presupuesto municipal, cantidad que se podr\u00eda destinar a sufragar y mantener otro tipo de servicios p\u00fablicos deficitarios como el de la piscina, del que se benefician alrededor de 600 usuarios\u00bb, han a\u00f1adido desde el PP.<\/p>\n<p>Los Populares de Bu\u00f1ol consideran que se deben \u00abaportar nuevas f\u00f3rmulas de gesti\u00f3n para evitar los recortes antisociales propuestos por el tripartito, que originan el cierre de servicios y el despido de personal. Por lo que el Partido Popular espera que esta propuesta de reducci\u00f3n de gasto, con la asunci\u00f3n del servicio de recaudaci\u00f3n por parte de personal propio del Ayuntamiento de Bu\u00f1ol, sea asumida por el tripartito\u00bb.<\/p>\n<p>Finalmente, desde el Partido Popular han asegurado \u00abcreer que el tripartito debe dejar de lado su postura beligerante y de crispaci\u00f3n continua, para tratar de ocultar sus errores\u00a0 y su incapacidad de gesti\u00f3n, y empezar a asumir las posturas del Partido Popular que benefician al pueblo de Bu\u00f1ol, dej\u00e1ndose de partidismos est\u00e9riles y trasnochados propios del siglo XIX m\u00e1s que de la nueva \u00e9poca que nos toca vivir. Para lo cual el Partido Popular tambi\u00e9n desea que el resto de partidos del plenario, est\u00e9n dispuestos a anteponer los intereses del pueblo de Bu\u00f1ol, por encima de cualquier criterio pol\u00edtico o partidista\u00bb.<\/p>\n","protected":false},"excerpt":{"rendered":"<div class=\"mh-excerpt\">El Partido Popular de Bu\u00f1ol ha informado que este mi\u00e9rcoles, 6 de junio, est\u00e1 previsto que se lleve a cabo la reuni\u00f3n, propuesta a instancias del PP, entre la citada formaci\u00f3n pol\u00edtica y el alcalde <a class=\"mh-excerpt-more\" href=\"https:\/\/www.tucomarca.com\/wordpress\/segunda\/los-populares-de-bunol-se-reuniran-este-miercoles-con-el-alcalde-eu-para-tratar-el-plan-de-ajuste-de-bunol\/\" title=\"Los populares de Bu\u00f1ol se reunir\u00e1n este mi\u00e9rcoles con el alcalde (EU) para tratar el Plan de Ajuste de Bu\u00f1ol\">[+] <\/a><\/div>\n","protected":false},"author":1,"featured_media":2994,"comment_status":"open","ping_status":"open","sticky":false,"template":"","format":"standard","meta":{"footnotes":""},"categories":[18,8,10,142,3],"tags":[],"class_list":{"0":"post-2992","1":"post","2":"type-post","3":"status-publish","4":"format-standard","5":"has-post-thumbnail","7":"category-bunol","8":"category-la-comarca","9":"category-la-hoya","10":"category-politica-la-comarca","11":"category-seccion"},"_links":{"self":[{"href":"https:\/\/www.tucomarca.com\/wordpress\/segunda\/wp-json\/wp\/v2\/posts\/2992","targetHints":{"allow":["GET"]}}],"collection":[{"href":"https:\/\/www.tucomarca.com\/wordpress\/segunda\/wp-json\/wp\/v2\/posts"}],"about":[{"href":"https:\/\/www.tucomarca.com\/wordpress\/segunda\/wp-json\/wp\/v2\/types\/post"}],"author":[{"embeddable":true,"href":"https:\/\/www.tucomarca.com\/wordpress\/segunda\/wp-json\/wp\/v2\/users\/1"}],"replies":[{"embeddable":true,"href":"https:\/\/www.tucomarca.com\/wordpress\/segunda\/wp-json\/wp\/v2\/comments?post=2992"}],"version-history":[{"count":0,"href":"https:\/\/www.tucomarca.com\/wordpress\/segunda\/wp-json\/wp\/v2\/posts\/2992\/revisions"}],"wp:featuredmedia":[{"embeddable":true,"href":"https:\/\/www.tucomarca.com\/wordpress\/segunda\/wp-json\/wp\/v2\/media\/2994"}],"wp:attachment":[{"href":"https:\/\/www.tucomarca.com\/wordpress\/segunda\/wp-json\/wp\/v2\/media?parent=2992"}],"wp:term":[{"taxonomy":"category","embeddable":true,"href":"https:\/\/www.tucomarca.com\/wordpress\/segunda\/wp-json\/wp\/v2\/categories?post=2992"},{"taxonomy":"post_tag","embeddable":true,"href":"https:\/\/www.tucomarca.com\/wordpress\/segunda\/wp-json\/wp\/v2\/tags?post=2992"}],"curies":[{"name":"wp","href":"https:\/\/api.w.org\/{rel}","templated":true}]}}