{"id":299208,"date":"2026-04-19T08:00:00","date_gmt":"2026-04-19T06:00:00","guid":{"rendered":"https:\/\/www.tucomarca.com\/wordpress\/segunda\/?p=299208"},"modified":"2026-04-20T18:29:45","modified_gmt":"2026-04-20T16:29:45","slug":"el-psoe-de-bunol-acusa-al-pp-de-mentir-sobre-el-conservatorio-para-tapar-su-falta-de-gestion","status":"publish","type":"post","link":"https:\/\/www.tucomarca.com\/wordpress\/segunda\/el-psoe-de-bunol-acusa-al-pp-de-mentir-sobre-el-conservatorio-para-tapar-su-falta-de-gestion\/","title":{"rendered":"El PSOE de Bu\u00f1ol acusa al PP de \u00abmentir sobre el Conservatorio para tapar su falta de gesti\u00f3n\u00bb"},"content":{"rendered":"\n<p>El PSOE de Bu\u00f1ol ha desmentido las declaraciones de la alcaldesa del Partido Popular sobre el proyecto del Conservatorio y su inclusi\u00f3n en el Plan Edificant, calific\u00e1ndolas de \u00abuna manipulaci\u00f3n interesada para justificar la paralizaci\u00f3n de una iniciativa viable y necesaria para el municipio\u00bb, seg\u00fan han manifestado.<\/p>\n\n\n\n<p>El Grupo Municipal Socialista considera \u00abgrav\u00edsimo que la alcaldesa asegure en redes sociales que el PSOE minti\u00f3 y que hay informes t\u00e9cnicos que lo acreditan\u00bb. Los socialistas rechazan \u00abde plano que el Plan Edificant no contemplara la actuaci\u00f3n planteada. Es falso. El edificio es propiedad de la Generalitat Valenciana y estaba cedido al Ayuntamiento, lo que permit\u00eda perfectamente su inclusi\u00f3n en el programa, m\u00e1s a\u00fan integrando usos educativos como la EPA, la EOI y el Conservatorio\u00bb, explican. \u00abAs\u00ed se valid\u00f3 en su momento y as\u00ed se tramit\u00f3, con todos los informes y procedimientos en regla\u00bb, tal como a\u00f1aden.<\/p>\n\n\n\n<p>\u00abFrente a la afirmaci\u00f3n del PP de que no hab\u00eda respaldo t\u00e9cnico ni legal, el PSOE es claro: El expediente existe, es s\u00f3lido y demuestra exactamente lo contrario\u00bb; y recuerdan \u00abque se licit\u00f3 y adjudic\u00f3 la redacci\u00f3n del proyecto, que fue desarrollada por el equipo t\u00e9cnico correspondiente y financiada por el propio Plan Edificant. Si realmente no fuera viable, nunca se habr\u00eda llegado a ese punto\u00bb.<\/p>\n\n\n\n<p>Los socialistas tambi\u00e9n quieren \u00abdesmontar el argumento de la paralizaci\u00f3n: No se fren\u00f3 por falta de informes favorables, sino por el incremento extraordinario de costes derivado de la guerra de Ucrania, que oblig\u00f3 a revisar el proyecto como ocurri\u00f3 en toda Espa\u00f1a\u00bb. En este sentido, subrayan \u00abque el problema nunca fue jur\u00eddico ni t\u00e9cnico, sino una coyuntura econ\u00f3mica que requer\u00eda adaptaci\u00f3n y continuidad pol\u00edtica\u00bb.<\/p>\n\n\n\n<p>Sobre el anuncio del actual equipo de gobierno, el PSOE advierte \u00abde que no han desbloqueado nada nuevo. Lo que est\u00e1n haciendo es intentar reapropiarse de un trabajo ya hecho\u00bb.<\/p>\n\n\n\n<p>Por su parte, la concejala socialista Mar\u00eda Vall\u00e9s ha asegurado \u00abque la alcaldesa del PP est\u00e1 intentando confundir a la ciudadan\u00eda. El problema no es t\u00e9cnico, es pol\u00edtico. Han paralizado un proyecto \u00fatil, viable y necesario para Bu\u00f1ol y ahora buscan justificar su inacci\u00f3n mintiendo sobre las gestiones del anterior gobierno. Lo que falta no son informes: lo que falta es voluntad\u00bb.<\/p>\n\n\n\n<p>El PSOE de Bu\u00f1ol ha recalcado que seguir\u00e1 \u00abdefendiendo una pol\u00edtica \u00fatil, basada en la verdad, la responsabilidad y el compromiso con el futuro educativo del municipio. Bu\u00f1ol necesita soluciones, no excusas\u00bb, han concluido.<\/p>\n\n\n\n<figure class=\"wp-block-image size-full\"><img loading=\"lazy\" decoding=\"async\" width=\"940\" height=\"788\" src=\"https:\/\/www.tucomarca.com\/wordpress\/segunda\/wp-content\/uploads\/2026\/04\/PSOE.jpeg\" alt=\"\" class=\"wp-image-299209\" srcset=\"https:\/\/www.tucomarca.com\/wordpress\/segunda\/wp-content\/uploads\/2026\/04\/PSOE.jpeg 940w, https:\/\/www.tucomarca.com\/wordpress\/segunda\/wp-content\/uploads\/2026\/04\/PSOE-300x251.jpeg 300w, https:\/\/www.tucomarca.com\/wordpress\/segunda\/wp-content\/uploads\/2026\/04\/PSOE-768x644.jpeg 768w\" sizes=\"auto, (max-width: 940px) 100vw, 940px\" \/><\/figure>\n","protected":false},"excerpt":{"rendered":"<div class=\"mh-excerpt\">El PSOE de Bu\u00f1ol ha desmentido las declaraciones de la alcaldesa del Partido Popular sobre el proyecto del Conservatorio y su inclusi\u00f3n en el Plan Edificant, calific\u00e1ndolas de \u00abuna manipulaci\u00f3n interesada para justificar la paralizaci\u00f3n <a class=\"mh-excerpt-more\" href=\"https:\/\/www.tucomarca.com\/wordpress\/segunda\/el-psoe-de-bunol-acusa-al-pp-de-mentir-sobre-el-conservatorio-para-tapar-su-falta-de-gestion\/\" title=\"El PSOE de Bu\u00f1ol acusa al PP de \u00abmentir sobre el Conservatorio para tapar su falta de gesti\u00f3n\u00bb\">[+] <\/a><\/div>\n","protected":false},"author":12,"featured_media":69059,"comment_status":"closed","ping_status":"open","sticky":false,"template":"","format":"standard","meta":{"footnotes":""},"categories":[18,128,8,10,142,3],"tags":[10385,5952,11380],"class_list":{"0":"post-299208","1":"post","2":"type-post","3":"status-publish","4":"format-standard","5":"has-post-thumbnail","7":"category-bunol","8":"category-infraestructuras","9":"category-la-comarca","10":"category-la-hoya","11":"category-politica-la-comarca","12":"category-seccion","13":"tag-bunol","14":"tag-la-hoya-de-bunol-chiva","15":"tag-pspv-psoe-bunol"},"_links":{"self":[{"href":"https:\/\/www.tucomarca.com\/wordpress\/segunda\/wp-json\/wp\/v2\/posts\/299208","targetHints":{"allow":["GET"]}}],"collection":[{"href":"https:\/\/www.tucomarca.com\/wordpress\/segunda\/wp-json\/wp\/v2\/posts"}],"about":[{"href":"https:\/\/www.tucomarca.com\/wordpress\/segunda\/wp-json\/wp\/v2\/types\/post"}],"author":[{"embeddable":true,"href":"https:\/\/www.tucomarca.com\/wordpress\/segunda\/wp-json\/wp\/v2\/users\/12"}],"replies":[{"embeddable":true,"href":"https:\/\/www.tucomarca.com\/wordpress\/segunda\/wp-json\/wp\/v2\/comments?post=299208"}],"version-history":[{"count":4,"href":"https:\/\/www.tucomarca.com\/wordpress\/segunda\/wp-json\/wp\/v2\/posts\/299208\/revisions"}],"predecessor-version":[{"id":299237,"href":"https:\/\/www.tucomarca.com\/wordpress\/segunda\/wp-json\/wp\/v2\/posts\/299208\/revisions\/299237"}],"wp:featuredmedia":[{"embeddable":true,"href":"https:\/\/www.tucomarca.com\/wordpress\/segunda\/wp-json\/wp\/v2\/media\/69059"}],"wp:attachment":[{"href":"https:\/\/www.tucomarca.com\/wordpress\/segunda\/wp-json\/wp\/v2\/media?parent=299208"}],"wp:term":[{"taxonomy":"category","embeddable":true,"href":"https:\/\/www.tucomarca.com\/wordpress\/segunda\/wp-json\/wp\/v2\/categories?post=299208"},{"taxonomy":"post_tag","embeddable":true,"href":"https:\/\/www.tucomarca.com\/wordpress\/segunda\/wp-json\/wp\/v2\/tags?post=299208"}],"curies":[{"name":"wp","href":"https:\/\/api.w.org\/{rel}","templated":true}]}}