{"id":299218,"date":"2026-04-20T12:45:00","date_gmt":"2026-04-20T10:45:00","guid":{"rendered":"https:\/\/www.tucomarca.com\/wordpress\/segunda\/?p=299218"},"modified":"2026-04-20T20:01:43","modified_gmt":"2026-04-20T18:01:43","slug":"los-sindicatos-de-funcionarios-csif-y-staj-denuncian-las-condiciones-de-accesibilidad-del-juzgado-de-paz-de-chiva","status":"publish","type":"post","link":"https:\/\/www.tucomarca.com\/wordpress\/segunda\/los-sindicatos-de-funcionarios-csif-y-staj-denuncian-las-condiciones-de-accesibilidad-del-juzgado-de-paz-de-chiva\/","title":{"rendered":"Los sindicatos de funcionarios CSIF y STAJ denuncian las condiciones de accesibilidad del Juzgado de Paz de Chiva"},"content":{"rendered":"\n<p>Desde los sindicatos CSIF y STAJ se viene a denunciar las condiciones de las instalaciones y accesibilidad del Juzgado de Paz de Chiva. Estas instalaciones obligan a subir dos pisos de escaleras consideradas por los delegados sindicales, funcionarios y ciudadanos como anticuadas y poco accesibles y potencialmente peligrosas. El edificio, que carece de ascensor y hace necesario ascender varias plantas por una escalera estrecha y empinada, ha generado preocupaci\u00f3n creciente entre los ciudadanos que acuden a realizar tr\u00e1mites a dicho juzgado de paz, que depende del Ayuntamiento de Chiva.<\/p>\n\n\n\n<p>La situaci\u00f3n se ha vuelto especialmente relevante despu\u00e9s de que una funcionaria sufriera una ca\u00edda por las escaleras, accidente que le ha provocado una baja laboral.<\/p>\n\n\n\n<p>Los funcionarios y ciudadanos ya han se\u00f1alado en varias ocasiones que las escaleras representan una barrera importante, especialmente para personas mayores, con movilidad reducida o que acuden para hacer tr\u00e1mites importantes de registro civil.<\/p>\n\n\n\n<p>Por este motivo, desde CSIF y STAJ se solicita al Ayuntamiento de Chiva una revisi\u00f3n de las condiciones del edificio y la posibilidad de trasladar el servicio a un espacio m\u00e1s moderno, seguro y amplio, ya que los funcionarios trabajan con las mesas demasiado juntas sin nada de accesibilidad.<\/p>\n\n\n\n<figure class=\"wp-block-gallery has-nested-images columns-default is-cropped wp-block-gallery-1 is-layout-flex wp-block-gallery-is-layout-flex\">\n<figure class=\"wp-block-image size-large\"><img loading=\"lazy\" decoding=\"async\" width=\"768\" height=\"1024\" data-id=\"299222\" src=\"https:\/\/www.tucomarca.com\/wordpress\/segunda\/wp-content\/uploads\/2026\/04\/JuzgadoPazChiva2-768x1024.jpg\" alt=\"\" class=\"wp-image-299222\" srcset=\"https:\/\/www.tucomarca.com\/wordpress\/segunda\/wp-content\/uploads\/2026\/04\/JuzgadoPazChiva2-768x1024.jpg 768w, https:\/\/www.tucomarca.com\/wordpress\/segunda\/wp-content\/uploads\/2026\/04\/JuzgadoPazChiva2-225x300.jpg 225w, https:\/\/www.tucomarca.com\/wordpress\/segunda\/wp-content\/uploads\/2026\/04\/JuzgadoPazChiva2.jpg 886w\" sizes=\"auto, (max-width: 768px) 100vw, 768px\" \/><\/figure>\n\n\n\n<figure class=\"wp-block-image size-large\"><img loading=\"lazy\" decoding=\"async\" width=\"768\" height=\"1024\" data-id=\"299224\" src=\"https:\/\/www.tucomarca.com\/wordpress\/segunda\/wp-content\/uploads\/2026\/04\/JuzgadoPazChiva3-768x1024.jpg\" alt=\"\" class=\"wp-image-299224\" srcset=\"https:\/\/www.tucomarca.com\/wordpress\/segunda\/wp-content\/uploads\/2026\/04\/JuzgadoPazChiva3-768x1024.jpg 768w, https:\/\/www.tucomarca.com\/wordpress\/segunda\/wp-content\/uploads\/2026\/04\/JuzgadoPazChiva3-225x300.jpg 225w, https:\/\/www.tucomarca.com\/wordpress\/segunda\/wp-content\/uploads\/2026\/04\/JuzgadoPazChiva3.jpg 886w\" sizes=\"auto, (max-width: 768px) 100vw, 768px\" \/><\/figure>\n<\/figure>\n","protected":false},"excerpt":{"rendered":"<div class=\"mh-excerpt\">Desde los sindicatos CSIF y STAJ se viene a denunciar las condiciones de las instalaciones y accesibilidad del Juzgado de Paz de Chiva. Estas instalaciones obligan a subir dos pisos de escaleras consideradas por los <a class=\"mh-excerpt-more\" href=\"https:\/\/www.tucomarca.com\/wordpress\/segunda\/los-sindicatos-de-funcionarios-csif-y-staj-denuncian-las-condiciones-de-accesibilidad-del-juzgado-de-paz-de-chiva\/\" title=\"Los sindicatos de funcionarios CSIF y STAJ denuncian las condiciones de accesibilidad del Juzgado de Paz de Chiva\">[+] <\/a><\/div>\n","protected":false},"author":12,"featured_media":299220,"comment_status":"closed","ping_status":"open","sticky":false,"template":"","format":"gallery","meta":{"footnotes":""},"categories":[16,128,8,10,142,3,116,45],"tags":[10384,381,24160,5952,24159],"class_list":{"0":"post-299218","1":"post","2":"type-post","3":"status-publish","4":"format-gallery","5":"has-post-thumbnail","7":"category-chiva","8":"category-infraestructuras","9":"category-la-comarca","10":"category-la-hoya","11":"category-politica-la-comarca","12":"category-seccion","13":"category-sucesos-la-comarca","14":"category-ventana","15":"tag-chiva","16":"tag-csif","17":"tag-juzgado-de-paz-de-chiva","18":"tag-la-hoya-de-bunol-chiva","19":"tag-staj","20":"post_format-post-format-gallery"},"_links":{"self":[{"href":"https:\/\/www.tucomarca.com\/wordpress\/segunda\/wp-json\/wp\/v2\/posts\/299218","targetHints":{"allow":["GET"]}}],"collection":[{"href":"https:\/\/www.tucomarca.com\/wordpress\/segunda\/wp-json\/wp\/v2\/posts"}],"about":[{"href":"https:\/\/www.tucomarca.com\/wordpress\/segunda\/wp-json\/wp\/v2\/types\/post"}],"author":[{"embeddable":true,"href":"https:\/\/www.tucomarca.com\/wordpress\/segunda\/wp-json\/wp\/v2\/users\/12"}],"replies":[{"embeddable":true,"href":"https:\/\/www.tucomarca.com\/wordpress\/segunda\/wp-json\/wp\/v2\/comments?post=299218"}],"version-history":[{"count":2,"href":"https:\/\/www.tucomarca.com\/wordpress\/segunda\/wp-json\/wp\/v2\/posts\/299218\/revisions"}],"predecessor-version":[{"id":299226,"href":"https:\/\/www.tucomarca.com\/wordpress\/segunda\/wp-json\/wp\/v2\/posts\/299218\/revisions\/299226"}],"wp:featuredmedia":[{"embeddable":true,"href":"https:\/\/www.tucomarca.com\/wordpress\/segunda\/wp-json\/wp\/v2\/media\/299220"}],"wp:attachment":[{"href":"https:\/\/www.tucomarca.com\/wordpress\/segunda\/wp-json\/wp\/v2\/media?parent=299218"}],"wp:term":[{"taxonomy":"category","embeddable":true,"href":"https:\/\/www.tucomarca.com\/wordpress\/segunda\/wp-json\/wp\/v2\/categories?post=299218"},{"taxonomy":"post_tag","embeddable":true,"href":"https:\/\/www.tucomarca.com\/wordpress\/segunda\/wp-json\/wp\/v2\/tags?post=299218"}],"curies":[{"name":"wp","href":"https:\/\/api.w.org\/{rel}","templated":true}]}}