{"id":299244,"date":"2026-04-21T09:00:00","date_gmt":"2026-04-21T07:00:00","guid":{"rendered":"https:\/\/www.tucomarca.com\/wordpress\/segunda\/?p=299244"},"modified":"2026-04-21T20:48:13","modified_gmt":"2026-04-21T18:48:13","slug":"la-feria-de-abril-llenara-de-ambiente-andaluz-el-paseo-de-san-luis-de-bunol-este-viernes-y-sabado","status":"publish","type":"post","link":"https:\/\/www.tucomarca.com\/wordpress\/segunda\/la-feria-de-abril-llenara-de-ambiente-andaluz-el-paseo-de-san-luis-de-bunol-este-viernes-y-sabado\/","title":{"rendered":"La Feria de Abril llenar\u00e1 de ambiente andaluz el Paseo de San Luis de Bu\u00f1ol este s\u00e1bado y domingo"},"content":{"rendered":"\n<p>La Falla Reyes Cat\u00f3licos y Adyacentes de Bu\u00f1ol celebrar\u00e1 los pr\u00f3ximos 25 y 26 de abril su ya tradicional Feria de Abril en el Paseo de San Luis, con una programaci\u00f3n variada que combinar\u00e1 m\u00fasica, gastronom\u00eda y actividades para todos los p\u00fablicos.<\/p>\n\n\n\n<p>El evento arrancar\u00e1 el s\u00e1bado 25 de abril a partir de las 18:30 horas con una jornada festiva en la que no faltar\u00e1n el ambiente andaluz, el servicio de cenas, la m\u00fasica y la animaci\u00f3n. Entre los platos fuertes de la programaci\u00f3n destaca la actuaci\u00f3n del grupo flamenco <em><strong>De Triana al Roc\u00edo<\/strong><\/em>, que pondr\u00e1 ritmo a la velada con un espect\u00e1culo en directo.<\/p>\n\n\n\n<p>Durante el fin de semana, vecinos y visitantes podr\u00e1n disfrutar tambi\u00e9n de propuestas como \u201cquinto y tapa\u201d, actividades infantiles y una discom\u00f3vil, en un entorno pensado para la convivencia y el ocio familiar.<\/p>\n\n\n\n<p>El domingo 26 de abril continuar\u00e1 la programaci\u00f3n en el mismo enclave, consolidando esta Feria de Abril como una de las citas l\u00fadicas m\u00e1s destacadas del calendario festivo local.<\/p>\n\n\n\n<p>Organizada por la Falla Reyes Cat\u00f3licos y Adyacentes, la iniciativa cuenta con la colaboraci\u00f3n del Ayuntamiento de Bu\u00f1ol y vuelve a apostar por acercar la esencia de la Feria a Bu\u00f1ol, convirtiendo el Paseo de San Luis en un punto de encuentro para la diversi\u00f3n. Informa, <strong>P. Ferrer<\/strong>.<\/p>\n\n\n\n<figure class=\"wp-block-gallery has-nested-images columns-2 is-cropped wp-block-gallery-1 is-layout-flex wp-block-gallery-is-layout-flex\">\n<figure class=\"wp-block-image size-large\"><img loading=\"lazy\" decoding=\"async\" width=\"1024\" height=\"1024\" data-id=\"299249\" src=\"https:\/\/www.tucomarca.com\/wordpress\/segunda\/wp-content\/uploads\/2026\/04\/RRCCFeriaAbril2-1024x1024.png\" alt=\"\" class=\"wp-image-299249\" srcset=\"https:\/\/www.tucomarca.com\/wordpress\/segunda\/wp-content\/uploads\/2026\/04\/RRCCFeriaAbril2-1024x1024.png 1024w, https:\/\/www.tucomarca.com\/wordpress\/segunda\/wp-content\/uploads\/2026\/04\/RRCCFeriaAbril2-300x300.png 300w, https:\/\/www.tucomarca.com\/wordpress\/segunda\/wp-content\/uploads\/2026\/04\/RRCCFeriaAbril2-290x290.png 290w, https:\/\/www.tucomarca.com\/wordpress\/segunda\/wp-content\/uploads\/2026\/04\/RRCCFeriaAbril2-768x768.png 768w, https:\/\/www.tucomarca.com\/wordpress\/segunda\/wp-content\/uploads\/2026\/04\/RRCCFeriaAbril2.png 1080w\" sizes=\"auto, (max-width: 1024px) 100vw, 1024px\" \/><\/figure>\n\n\n\n<figure class=\"wp-block-image size-large\"><img loading=\"lazy\" decoding=\"async\" width=\"1024\" height=\"1024\" data-id=\"299255\" src=\"https:\/\/www.tucomarca.com\/wordpress\/segunda\/wp-content\/uploads\/2026\/04\/RRCCFeriaAbril5-1024x1024.png\" alt=\"\" class=\"wp-image-299255\" srcset=\"https:\/\/www.tucomarca.com\/wordpress\/segunda\/wp-content\/uploads\/2026\/04\/RRCCFeriaAbril5-1024x1024.png 1024w, https:\/\/www.tucomarca.com\/wordpress\/segunda\/wp-content\/uploads\/2026\/04\/RRCCFeriaAbril5-300x300.png 300w, https:\/\/www.tucomarca.com\/wordpress\/segunda\/wp-content\/uploads\/2026\/04\/RRCCFeriaAbril5-290x290.png 290w, https:\/\/www.tucomarca.com\/wordpress\/segunda\/wp-content\/uploads\/2026\/04\/RRCCFeriaAbril5-768x768.png 768w, https:\/\/www.tucomarca.com\/wordpress\/segunda\/wp-content\/uploads\/2026\/04\/RRCCFeriaAbril5.png 1080w\" sizes=\"auto, (max-width: 1024px) 100vw, 1024px\" \/><\/figure>\n\n\n\n<figure class=\"wp-block-image size-large\"><img loading=\"lazy\" decoding=\"async\" width=\"1024\" height=\"1024\" data-id=\"299251\" src=\"https:\/\/www.tucomarca.com\/wordpress\/segunda\/wp-content\/uploads\/2026\/04\/RRCCFeriaAbril3-1024x1024.png\" alt=\"\" class=\"wp-image-299251\" srcset=\"https:\/\/www.tucomarca.com\/wordpress\/segunda\/wp-content\/uploads\/2026\/04\/RRCCFeriaAbril3-1024x1024.png 1024w, https:\/\/www.tucomarca.com\/wordpress\/segunda\/wp-content\/uploads\/2026\/04\/RRCCFeriaAbril3-300x300.png 300w, https:\/\/www.tucomarca.com\/wordpress\/segunda\/wp-content\/uploads\/2026\/04\/RRCCFeriaAbril3-290x290.png 290w, https:\/\/www.tucomarca.com\/wordpress\/segunda\/wp-content\/uploads\/2026\/04\/RRCCFeriaAbril3-768x768.png 768w, https:\/\/www.tucomarca.com\/wordpress\/segunda\/wp-content\/uploads\/2026\/04\/RRCCFeriaAbril3.png 1080w\" sizes=\"auto, (max-width: 1024px) 100vw, 1024px\" \/><\/figure>\n\n\n\n<figure class=\"wp-block-image size-large\"><img loading=\"lazy\" decoding=\"async\" width=\"1024\" height=\"1024\" data-id=\"299253\" src=\"https:\/\/www.tucomarca.com\/wordpress\/segunda\/wp-content\/uploads\/2026\/04\/RRCCFeriaAbril4-1024x1024.png\" alt=\"\" class=\"wp-image-299253\" srcset=\"https:\/\/www.tucomarca.com\/wordpress\/segunda\/wp-content\/uploads\/2026\/04\/RRCCFeriaAbril4-1024x1024.png 1024w, https:\/\/www.tucomarca.com\/wordpress\/segunda\/wp-content\/uploads\/2026\/04\/RRCCFeriaAbril4-300x300.png 300w, https:\/\/www.tucomarca.com\/wordpress\/segunda\/wp-content\/uploads\/2026\/04\/RRCCFeriaAbril4-290x290.png 290w, https:\/\/www.tucomarca.com\/wordpress\/segunda\/wp-content\/uploads\/2026\/04\/RRCCFeriaAbril4-768x768.png 768w, https:\/\/www.tucomarca.com\/wordpress\/segunda\/wp-content\/uploads\/2026\/04\/RRCCFeriaAbril4.png 1080w\" sizes=\"auto, (max-width: 1024px) 100vw, 1024px\" \/><\/figure>\n<\/figure>\n","protected":false},"excerpt":{"rendered":"<div class=\"mh-excerpt\">La Falla Reyes Cat\u00f3licos y Adyacentes de Bu\u00f1ol celebrar\u00e1 los pr\u00f3ximos 25 y 26 de abril su ya tradicional Feria de Abril en el Paseo de San Luis, con una programaci\u00f3n variada que combinar\u00e1 m\u00fasica, <a class=\"mh-excerpt-more\" href=\"https:\/\/www.tucomarca.com\/wordpress\/segunda\/la-feria-de-abril-llenara-de-ambiente-andaluz-el-paseo-de-san-luis-de-bunol-este-viernes-y-sabado\/\" title=\"La Feria de Abril llenar\u00e1 de ambiente andaluz el Paseo de San Luis de Bu\u00f1ol este s\u00e1bado y domingo\">[+] <\/a><\/div>\n","protected":false},"author":12,"featured_media":299247,"comment_status":"closed","ping_status":"open","sticky":false,"template":"","format":"gallery","meta":{"footnotes":""},"categories":[4,18,8,10,7,3],"tags":[10385,10738,22238,5952],"class_list":{"0":"post-299244","1":"post","2":"type-post","3":"status-publish","4":"format-gallery","5":"has-post-thumbnail","7":"category-agenda","8":"category-bunol","9":"category-la-comarca","10":"category-la-hoya","11":"category-ocio-y-cultura","12":"category-seccion","13":"tag-bunol","14":"tag-falla-reyes-catolicos-y-adyacentes","15":"tag-feria-de-abril","16":"tag-la-hoya-de-bunol-chiva","17":"post_format-post-format-gallery"},"_links":{"self":[{"href":"https:\/\/www.tucomarca.com\/wordpress\/segunda\/wp-json\/wp\/v2\/posts\/299244","targetHints":{"allow":["GET"]}}],"collection":[{"href":"https:\/\/www.tucomarca.com\/wordpress\/segunda\/wp-json\/wp\/v2\/posts"}],"about":[{"href":"https:\/\/www.tucomarca.com\/wordpress\/segunda\/wp-json\/wp\/v2\/types\/post"}],"author":[{"embeddable":true,"href":"https:\/\/www.tucomarca.com\/wordpress\/segunda\/wp-json\/wp\/v2\/users\/12"}],"replies":[{"embeddable":true,"href":"https:\/\/www.tucomarca.com\/wordpress\/segunda\/wp-json\/wp\/v2\/comments?post=299244"}],"version-history":[{"count":7,"href":"https:\/\/www.tucomarca.com\/wordpress\/segunda\/wp-json\/wp\/v2\/posts\/299244\/revisions"}],"predecessor-version":[{"id":299570,"href":"https:\/\/www.tucomarca.com\/wordpress\/segunda\/wp-json\/wp\/v2\/posts\/299244\/revisions\/299570"}],"wp:featuredmedia":[{"embeddable":true,"href":"https:\/\/www.tucomarca.com\/wordpress\/segunda\/wp-json\/wp\/v2\/media\/299247"}],"wp:attachment":[{"href":"https:\/\/www.tucomarca.com\/wordpress\/segunda\/wp-json\/wp\/v2\/media?parent=299244"}],"wp:term":[{"taxonomy":"category","embeddable":true,"href":"https:\/\/www.tucomarca.com\/wordpress\/segunda\/wp-json\/wp\/v2\/categories?post=299244"},{"taxonomy":"post_tag","embeddable":true,"href":"https:\/\/www.tucomarca.com\/wordpress\/segunda\/wp-json\/wp\/v2\/tags?post=299244"}],"curies":[{"name":"wp","href":"https:\/\/api.w.org\/{rel}","templated":true}]}}