{"id":299262,"date":"2026-04-17T18:00:00","date_gmt":"2026-04-17T16:00:00","guid":{"rendered":"https:\/\/www.tucomarca.com\/wordpress\/segunda\/?p=299262"},"modified":"2026-04-20T19:21:48","modified_gmt":"2026-04-20T17:21:48","slug":"ens-uneix-respalda-en-valencia-la-recogida-de-firmas-de-los-municipalistas-para-rebajar-el-liston-electoral-al-3","status":"publish","type":"post","link":"https:\/\/www.tucomarca.com\/wordpress\/segunda\/ens-uneix-respalda-en-valencia-la-recogida-de-firmas-de-los-municipalistas-para-rebajar-el-liston-electoral-al-3\/","title":{"rendered":"Ens Uneix respalda en Val\u00e8ncia la recogida de firmas de los Municipalistas para rebajar el list\u00f3n electoral al 3%"},"content":{"rendered":"\n<h3 class=\"wp-block-heading\">La formaci\u00f3n comarcalista instala una carpa viernes y s\u00e1bado para conseguir las firmas necesarias para reformar la Ley Electoral Valenciana<\/h3>\n\n\n\n<p>La formaci\u00f3n Ens Uneix traslada este fin de semana a la ciudad de Val\u00e8ncia la campa\u00f1a que, junto a la Uni\u00f3 Municipalista, est\u00e1 recorriendo todo el territorio valenciano para impulsar la Iniciativa Legislativa Popular (ILP) de reforma de la Ley Electoral. Para ello, se habilitar\u00e1 un punto de encuentro en la plaza de los Pinazo el viernes 17 de abril, de 16:00 h a 20:00 h, y el s\u00e1bado 18 de abril, de 10:00 h a 14:00 h. La vicepresidenta de la Diputaci\u00f3n de Val\u00e8ncia y portavoz de Ens Uneix, Natalia Enguix, encabezar\u00e1 la acci\u00f3n durante la jornada del viernes para acompa\u00f1ar al equipo y explicar directamente a los viandantes los detalles y la necesidad de esta propuesta de reforma normativa.<\/p>\n\n\n\n<p>Esta nueva cita en la capital se enmarca en el proceso de ampliaci\u00f3n de firmas tras haber superado ya el m\u00ednimo de 10.000 firmas requeridas para la tramitaci\u00f3n de la iniciativa. Seg\u00fan explican desde Ens Uneix, el recuento definitivo se realizar\u00e1 en las pr\u00f3ximas semanas antes de la entrega formal a la Junta Electoral para su validaci\u00f3n y posterior remisi\u00f3n a Les Corts Valencianes para iniciar el debate parlamentario. Desde la formaci\u00f3n se se\u00f1ala que la propuesta es una oportunidad para mejorar la calidad democr\u00e1tica y reducir la desafecci\u00f3n pol\u00edtica, especialmente en un contexto en el que la situaci\u00f3n pol\u00edtica actual muestra con demasiada frecuencia una carrera por ver qui\u00e9n obtiene r\u00e9dito de las crisis en lugar de trabajar juntos para mejorar la vida de las personas.<\/p>\n\n\n\n<figure class=\"wp-block-gallery has-nested-images columns-2 is-cropped wp-block-gallery-1 is-layout-flex wp-block-gallery-is-layout-flex\">\n<figure class=\"wp-block-image size-large\"><img loading=\"lazy\" decoding=\"async\" width=\"1024\" height=\"640\" data-id=\"299266\" src=\"https:\/\/www.tucomarca.com\/wordpress\/segunda\/wp-content\/uploads\/2026\/04\/EnsUneix_ILP1-1024x640.jpg\" alt=\"\" class=\"wp-image-299266\" srcset=\"https:\/\/www.tucomarca.com\/wordpress\/segunda\/wp-content\/uploads\/2026\/04\/EnsUneix_ILP1-1024x640.jpg 1024w, https:\/\/www.tucomarca.com\/wordpress\/segunda\/wp-content\/uploads\/2026\/04\/EnsUneix_ILP1-300x188.jpg 300w, https:\/\/www.tucomarca.com\/wordpress\/segunda\/wp-content\/uploads\/2026\/04\/EnsUneix_ILP1-768x480.jpg 768w, https:\/\/www.tucomarca.com\/wordpress\/segunda\/wp-content\/uploads\/2026\/04\/EnsUneix_ILP1.jpg 1371w\" sizes=\"auto, (max-width: 1024px) 100vw, 1024px\" \/><\/figure>\n\n\n\n<figure class=\"wp-block-image size-large\"><img loading=\"lazy\" decoding=\"async\" width=\"1024\" height=\"677\" data-id=\"299268\" src=\"https:\/\/www.tucomarca.com\/wordpress\/segunda\/wp-content\/uploads\/2026\/04\/Signatures_ILP-1024x677.jpg\" alt=\"\" class=\"wp-image-299268\" srcset=\"https:\/\/www.tucomarca.com\/wordpress\/segunda\/wp-content\/uploads\/2026\/04\/Signatures_ILP-1024x677.jpg 1024w, https:\/\/www.tucomarca.com\/wordpress\/segunda\/wp-content\/uploads\/2026\/04\/Signatures_ILP-300x198.jpg 300w, https:\/\/www.tucomarca.com\/wordpress\/segunda\/wp-content\/uploads\/2026\/04\/Signatures_ILP-768x508.jpg 768w, https:\/\/www.tucomarca.com\/wordpress\/segunda\/wp-content\/uploads\/2026\/04\/Signatures_ILP-1536x1015.jpg 1536w, https:\/\/www.tucomarca.com\/wordpress\/segunda\/wp-content\/uploads\/2026\/04\/Signatures_ILP-2048x1353.jpg 2048w\" sizes=\"auto, (max-width: 1024px) 100vw, 1024px\" \/><\/figure>\n\n\n\n<figure class=\"wp-block-image size-large\"><img loading=\"lazy\" decoding=\"async\" width=\"1024\" height=\"680\" data-id=\"299270\" src=\"https:\/\/www.tucomarca.com\/wordpress\/segunda\/wp-content\/uploads\/2026\/04\/Signatures_ILP1-1024x680.jpg\" alt=\"\" class=\"wp-image-299270\" srcset=\"https:\/\/www.tucomarca.com\/wordpress\/segunda\/wp-content\/uploads\/2026\/04\/Signatures_ILP1-1024x680.jpg 1024w, https:\/\/www.tucomarca.com\/wordpress\/segunda\/wp-content\/uploads\/2026\/04\/Signatures_ILP1-300x199.jpg 300w, https:\/\/www.tucomarca.com\/wordpress\/segunda\/wp-content\/uploads\/2026\/04\/Signatures_ILP1-768x510.jpg 768w, https:\/\/www.tucomarca.com\/wordpress\/segunda\/wp-content\/uploads\/2026\/04\/Signatures_ILP1-1536x1019.jpg 1536w, https:\/\/www.tucomarca.com\/wordpress\/segunda\/wp-content\/uploads\/2026\/04\/Signatures_ILP1-2048x1359.jpg 2048w\" sizes=\"auto, (max-width: 1024px) 100vw, 1024px\" \/><\/figure>\n<\/figure>\n\n\n\n<p><\/p>\n\n\n\n<p>La iniciativa impulsada por Ens Uneix y la Uni\u00f3 Municipalista plantea dos modificaciones principales de la normativa electoral: reducir el umbral m\u00ednimo para obtener representaci\u00f3n parlamentaria del 5% al 3% de los votos v\u00e1lidos y que el c\u00f3mputo de los sufragios se realice a nivel provincial en lugar de hacerlo a escala auton\u00f3mica. Con el sistema actual, una formaci\u00f3n debe superar el 5% de los votos en toda la Comunitat Valenciana, lo que sit\u00faa la barrera en torno a los 125.000 votos. Si se aprobara la reducci\u00f3n al 3%, este umbral bajar\u00eda hasta aproximadamente los 75.000 votos, facilitando que la voz de m\u00e1s ciudadanos est\u00e9 representada en las instituciones.<\/p>\n\n\n\n<p>La campa\u00f1a ha contado hasta ahora con el apoyo de figuras conocidas de la pol\u00edtica valenciana como M\u00f3nica Oltra Jarque o Rosa P\u00e9rez Garijo, y se ha desarrollado intensivamente en diferentes municipios a trav\u00e9s de los partidos integrados en la Uni\u00f3 Municipalista. La cita de este viernes y s\u00e1bado en la plaza de los Pinazo se suma a la campa\u00f1a de recogida de firmas que se ha desarrollado a lo largo de los \u00faltimos meses en distintos municipios de la Comunitat Valenciana a trav\u00e9s de los partidos integrados en la Uni\u00f3 Municipalista.<\/p>\n","protected":false},"excerpt":{"rendered":"<div class=\"mh-excerpt\">La formaci\u00f3n comarcalista instala una carpa viernes y s\u00e1bado para conseguir las firmas necesarias para reformar la Ley Electoral Valenciana La formaci\u00f3n Ens Uneix traslada este fin de semana a la ciudad de Val\u00e8ncia la <a class=\"mh-excerpt-more\" href=\"https:\/\/www.tucomarca.com\/wordpress\/segunda\/ens-uneix-respalda-en-valencia-la-recogida-de-firmas-de-los-municipalistas-para-rebajar-el-liston-electoral-al-3\/\" title=\"Ens Uneix respalda en Val\u00e8ncia la recogida de firmas de los Municipalistas para rebajar el list\u00f3n electoral al 3%\">[+] <\/a><\/div>\n","protected":false},"author":12,"featured_media":299264,"comment_status":"closed","ping_status":"open","sticky":false,"template":"","format":"standard","meta":{"footnotes":""},"categories":[128,8,72,142,3,45],"tags":[20185,9322,20401,24163],"class_list":{"0":"post-299262","1":"post","2":"type-post","3":"status-publish","4":"format-standard","5":"has-post-thumbnail","7":"category-infraestructuras","8":"category-la-comarca","9":"category-sin-categorizar","10":"category-politica-la-comarca","11":"category-seccion","12":"category-ventana","13":"tag-ens-uneix","14":"tag-jorge-rodriguez","15":"tag-natalia-enguix-2","16":"tag-unio-municipalista"},"_links":{"self":[{"href":"https:\/\/www.tucomarca.com\/wordpress\/segunda\/wp-json\/wp\/v2\/posts\/299262","targetHints":{"allow":["GET"]}}],"collection":[{"href":"https:\/\/www.tucomarca.com\/wordpress\/segunda\/wp-json\/wp\/v2\/posts"}],"about":[{"href":"https:\/\/www.tucomarca.com\/wordpress\/segunda\/wp-json\/wp\/v2\/types\/post"}],"author":[{"embeddable":true,"href":"https:\/\/www.tucomarca.com\/wordpress\/segunda\/wp-json\/wp\/v2\/users\/12"}],"replies":[{"embeddable":true,"href":"https:\/\/www.tucomarca.com\/wordpress\/segunda\/wp-json\/wp\/v2\/comments?post=299262"}],"version-history":[{"count":3,"href":"https:\/\/www.tucomarca.com\/wordpress\/segunda\/wp-json\/wp\/v2\/posts\/299262\/revisions"}],"predecessor-version":[{"id":299334,"href":"https:\/\/www.tucomarca.com\/wordpress\/segunda\/wp-json\/wp\/v2\/posts\/299262\/revisions\/299334"}],"wp:featuredmedia":[{"embeddable":true,"href":"https:\/\/www.tucomarca.com\/wordpress\/segunda\/wp-json\/wp\/v2\/media\/299264"}],"wp:attachment":[{"href":"https:\/\/www.tucomarca.com\/wordpress\/segunda\/wp-json\/wp\/v2\/media?parent=299262"}],"wp:term":[{"taxonomy":"category","embeddable":true,"href":"https:\/\/www.tucomarca.com\/wordpress\/segunda\/wp-json\/wp\/v2\/categories?post=299262"},{"taxonomy":"post_tag","embeddable":true,"href":"https:\/\/www.tucomarca.com\/wordpress\/segunda\/wp-json\/wp\/v2\/tags?post=299262"}],"curies":[{"name":"wp","href":"https:\/\/api.w.org\/{rel}","templated":true}]}}