{"id":299276,"date":"2026-04-18T14:00:00","date_gmt":"2026-04-18T12:00:00","guid":{"rendered":"https:\/\/www.tucomarca.com\/wordpress\/segunda\/?p=299276"},"modified":"2026-04-20T18:14:44","modified_gmt":"2026-04-20T16:14:44","slug":"la-diputacio-lanza-el-podcast-territori-dipu-para-fomentar-el-uso-del-valenciano-y-conectar-con-el-publico-joven","status":"publish","type":"post","link":"https:\/\/www.tucomarca.com\/wordpress\/segunda\/la-diputacio-lanza-el-podcast-territori-dipu-para-fomentar-el-uso-del-valenciano-y-conectar-con-el-publico-joven\/","title":{"rendered":"La Diputaci\u00f3 lanza el p\u00f3dcast &#8216;Territori Dipu&#8217; para fomentar el uso del valenciano y conectar con el p\u00fablico joven"},"content":{"rendered":"\n<h3 class=\"wp-block-heading\">La iniciativa pretende reforzar la conexi\u00f3n con la ciudadan\u00eda a trav\u00e9s de referentes cercanos como la divulgadora Ladyscience, el mago Nacho Diago, el artista Chimo Bayo, el pilotari Tonet o la T\u00eda Visantica, entre otros.<\/h3>\n\n\n\n<h3 class=\"wp-block-heading\">El presidente, Vicent Momp\u00f3, destaca otro de los objetivos de la serie presentada por la periodista Ana Garrido: \u201cqueremos que el valenciano est\u00e9 vivo en los formatos digitales, donde se construye la conversaci\u00f3n social\u201d.<\/h3>\n\n\n\n<p>La Diputaci\u00f3 de Val\u00e8ncia ha puesto en marcha la serie de p\u00f3dcast \u2018Territori Dipu\u2019, una iniciativa que pretende reforzar la conexi\u00f3n con la ciudadan\u00eda a trav\u00e9s de referentes cercanos y fomentar el uso del valenciano en formatos digitales. La investigadora Bel\u00e9n Franch, el artista Chimo Bayo, los creadores de contenido Jajajers, el restaurador Sergio Santamar\u00eda, de La Mesedora, la divulgadora Ladyscience, el mago Nacho Diago, la emprendedora Lara Romero (propietaria de Pepina Pastel), el pilotari Tonet y la Tia Visantica ser\u00e1n los protagonistas de los nueve cap\u00edtulos de los que consta la serie.<\/p>\n\n\n\n<figure class=\"wp-block-gallery has-nested-images columns-default is-cropped wp-block-gallery-1 is-layout-flex wp-block-gallery-is-layout-flex\">\n<figure class=\"wp-block-image size-large\"><img loading=\"lazy\" decoding=\"async\" width=\"945\" height=\"599\" data-id=\"299278\" src=\"https:\/\/www.tucomarca.com\/wordpress\/segunda\/wp-content\/uploads\/2026\/04\/DipuPodcastChimoBayo.jpg\" alt=\"\" class=\"wp-image-299278\" srcset=\"https:\/\/www.tucomarca.com\/wordpress\/segunda\/wp-content\/uploads\/2026\/04\/DipuPodcastChimoBayo.jpg 945w, https:\/\/www.tucomarca.com\/wordpress\/segunda\/wp-content\/uploads\/2026\/04\/DipuPodcastChimoBayo-300x190.jpg 300w, https:\/\/www.tucomarca.com\/wordpress\/segunda\/wp-content\/uploads\/2026\/04\/DipuPodcastChimoBayo-768x487.jpg 768w\" sizes=\"auto, (max-width: 945px) 100vw, 945px\" \/><\/figure>\n\n\n\n<figure class=\"wp-block-image size-large\"><img loading=\"lazy\" decoding=\"async\" width=\"945\" height=\"532\" data-id=\"299282\" src=\"https:\/\/www.tucomarca.com\/wordpress\/segunda\/wp-content\/uploads\/2026\/04\/DipuPodcastPepinaPastel.jpg\" alt=\"\" class=\"wp-image-299282\" srcset=\"https:\/\/www.tucomarca.com\/wordpress\/segunda\/wp-content\/uploads\/2026\/04\/DipuPodcastPepinaPastel.jpg 945w, https:\/\/www.tucomarca.com\/wordpress\/segunda\/wp-content\/uploads\/2026\/04\/DipuPodcastPepinaPastel-300x169.jpg 300w, https:\/\/www.tucomarca.com\/wordpress\/segunda\/wp-content\/uploads\/2026\/04\/DipuPodcastPepinaPastel-768x432.jpg 768w, https:\/\/www.tucomarca.com\/wordpress\/segunda\/wp-content\/uploads\/2026\/04\/DipuPodcastPepinaPastel-678x381.jpg 678w\" sizes=\"auto, (max-width: 945px) 100vw, 945px\" \/><\/figure>\n<\/figure>\n\n\n\n<p>El proyecto, que re\u00fane a referentes valencianos en \u00e1mbitos tan diversos como la gastronom\u00eda, la cultura, la ciencia, el deporte y la comunicaci\u00f3n digital, entre otros, se presenta como \u201cuna apuesta por la innovaci\u00f3n en la comunicaci\u00f3n institucional, utilizando el formato p\u00f3dcast como herramienta para llegar a nuevos p\u00fablicos y generar contenido de valor en torno a la identidad valenciana\u201d, explica Vicent Momp\u00f3, presidente de la Diputaci\u00f3n e impulsor de la iniciativa.<\/p>\n\n\n\n<p>La intenci\u00f3n de Momp\u00f3 es clara: \u201cqueremos que el valenciano est\u00e9 vivo donde hoy se construye la conversaci\u00f3n social, que es en los formatos digitales y en los contenidos que consume la gente joven. Esta serie de p\u00f3dcast no es solo un proyecto de comunicaci\u00f3n, es una forma de reivindicar nuestra lengua desde la normalidad, la cercan\u00eda y el orgullo\u201d. En la misma l\u00ednea, el presidente subraya que la provincia \u201ctiene un talento extraordinario en todos los \u00e1mbitos, y muchas veces no somos conscientes de la magnitud de lo que tenemos alrededor\u201d. Estos p\u00f3dcast \u201cson una forma de dar voz a esa gente que inspira, que crea y que proyecta nuestro territorio hacia fuera\u201d, a\u00f1ade el m\u00e1ximo responsable provincial.<\/p>\n\n\n\n<p>Asimismo, el presidente considera que \u201csi queremos que el valenciano tenga futuro, tiene que estar presente en el d\u00eda a d\u00eda. Y eso significa estar en los espacios donde la gente joven se informa, se entretiene y se relaciona. El proyecto \u201cnace precisamente de esa voluntad\u201d, concluye Vicent Momp\u00f3.<\/p>\n\n\n\n<p><strong>P\u00f3dcast de 30 minutos<\/strong><\/p>\n\n\n\n<p>Cada episodio, con una duraci\u00f3n aproximada de 30 minutos, combina la trayectoria personal y profesional de los invitados con aspectos m\u00e1s humanos y cercanos, como an\u00e9cdotas de vida, curiosidades y reflexiones sobre el uso del valenciano en su d\u00eda a d\u00eda. La serie tambi\u00e9n busca poner en valor el talento valenciano como elemento vertebrador del territorio, mostrando perfiles muy diversos que comparten un denominador com\u00fan: su vinculaci\u00f3n con la provincia de Valencia y su contribuci\u00f3n a la proyecci\u00f3n de la misma.<\/p>\n\n\n\n<p>La serie est\u00e1 presentada por la periodista Ana Garrido, que conduce las conversaciones junto al presidente de la Diputaci\u00f3n de Valencia, en un formato cercano y din\u00e1mico que permite profundizar en la trayectoria y la parte m\u00e1s humana de cada invitado. La producci\u00f3n corre a cargo de Arkana Media, responsable del desarrollo t\u00e9cnico y creativo del proyecto. Los p\u00f3dcast pueden verse en el canal Youtube de la Diputaci\u00f3 de Val\u00e8ncia: <a href=\"https:\/\/www.youtube.com\/channel\/UCqauwvAYB2STYXVLamkoNQA\"><strong>https:\/\/www.youtube.com\/channel\/UCqauwvAYB2STYXVLamkoNQA<\/strong><\/a><\/p>\n","protected":false},"excerpt":{"rendered":"<div class=\"mh-excerpt\">La iniciativa pretende reforzar la conexi\u00f3n con la ciudadan\u00eda a trav\u00e9s de referentes cercanos como la divulgadora Ladyscience, el mago Nacho Diago, el artista Chimo Bayo, el pilotari Tonet o la T\u00eda Visantica, entre otros. <a class=\"mh-excerpt-more\" href=\"https:\/\/www.tucomarca.com\/wordpress\/segunda\/la-diputacio-lanza-el-podcast-territori-dipu-para-fomentar-el-uso-del-valenciano-y-conectar-con-el-publico-joven\/\" title=\"La Diputaci\u00f3 lanza el p\u00f3dcast &#8216;Territori Dipu&#8217; para fomentar el uso del valenciano y conectar con el p\u00fablico joven\">[+] <\/a><\/div>\n","protected":false},"author":12,"featured_media":299280,"comment_status":"closed","ping_status":"open","sticky":false,"template":"","format":"standard","meta":{"footnotes":""},"categories":[128,8,72,7,142,3,45],"tags":[3677,24166,21315,24165],"class_list":{"0":"post-299276","1":"post","2":"type-post","3":"status-publish","4":"format-standard","5":"has-post-thumbnail","7":"category-infraestructuras","8":"category-la-comarca","9":"category-sin-categorizar","10":"category-ocio-y-cultura","11":"category-politica-la-comarca","12":"category-seccion","13":"category-ventana","14":"tag-diputacio-de-valencia","15":"tag-foment-de-lus-del-valencia","16":"tag-fomento-del-uso-del-valenciano","17":"tag-territori-dipu"},"_links":{"self":[{"href":"https:\/\/www.tucomarca.com\/wordpress\/segunda\/wp-json\/wp\/v2\/posts\/299276","targetHints":{"allow":["GET"]}}],"collection":[{"href":"https:\/\/www.tucomarca.com\/wordpress\/segunda\/wp-json\/wp\/v2\/posts"}],"about":[{"href":"https:\/\/www.tucomarca.com\/wordpress\/segunda\/wp-json\/wp\/v2\/types\/post"}],"author":[{"embeddable":true,"href":"https:\/\/www.tucomarca.com\/wordpress\/segunda\/wp-json\/wp\/v2\/users\/12"}],"replies":[{"embeddable":true,"href":"https:\/\/www.tucomarca.com\/wordpress\/segunda\/wp-json\/wp\/v2\/comments?post=299276"}],"version-history":[{"count":4,"href":"https:\/\/www.tucomarca.com\/wordpress\/segunda\/wp-json\/wp\/v2\/posts\/299276\/revisions"}],"predecessor-version":[{"id":299289,"href":"https:\/\/www.tucomarca.com\/wordpress\/segunda\/wp-json\/wp\/v2\/posts\/299276\/revisions\/299289"}],"wp:featuredmedia":[{"embeddable":true,"href":"https:\/\/www.tucomarca.com\/wordpress\/segunda\/wp-json\/wp\/v2\/media\/299280"}],"wp:attachment":[{"href":"https:\/\/www.tucomarca.com\/wordpress\/segunda\/wp-json\/wp\/v2\/media?parent=299276"}],"wp:term":[{"taxonomy":"category","embeddable":true,"href":"https:\/\/www.tucomarca.com\/wordpress\/segunda\/wp-json\/wp\/v2\/categories?post=299276"},{"taxonomy":"post_tag","embeddable":true,"href":"https:\/\/www.tucomarca.com\/wordpress\/segunda\/wp-json\/wp\/v2\/tags?post=299276"}],"curies":[{"name":"wp","href":"https:\/\/api.w.org\/{rel}","templated":true}]}}