{"id":299291,"date":"2026-04-20T09:45:00","date_gmt":"2026-04-20T07:45:00","guid":{"rendered":"https:\/\/www.tucomarca.com\/wordpress\/segunda\/?p=299291"},"modified":"2026-04-20T19:30:54","modified_gmt":"2026-04-20T17:30:54","slug":"jonas-da-la-victoria-al-cd-bunol-ante-el-recambios-colon-por-la-minima-en-el-tramo-final-del-partido-0-1","status":"publish","type":"post","link":"https:\/\/www.tucomarca.com\/wordpress\/segunda\/jonas-da-la-victoria-al-cd-bunol-ante-el-recambios-colon-por-la-minima-en-el-tramo-final-del-partido-0-1\/","title":{"rendered":"Jon\u00e1s da la victoria al CD Bu\u00f1ol ante el Recambios Col\u00f3n por la m\u00ednima en el tramo final del partido (0-1)"},"content":{"rendered":"\n<p>El CD Bu\u00f1ol logr\u00f3 una trabajada victoria por un gola a cero frente al Recambios Col\u00f3n en un partido muy igualado que se decidi\u00f3 en los \u00faltimos minutos.<\/p>\n\n\n\n<p>Tras un encuentro marcado por la intensidad y la falta de acierto de cara a porter\u00eda, el conjunto local encontr\u00f3 el premio a su insistencia en el tramo final. En el minuto 85, Kim dispuso de una clara ocasi\u00f3n de gol que estuvo cerca de adelantar a los suyos.<\/p>\n\n\n\n<p>Cuando el empate parec\u00eda definitivo, apareci\u00f3 Jon\u00e1s en el minuto 90 para desatar la alegr\u00eda a la afici\u00f3n con el tanto que daba los tres puntos al CD Bu\u00f1ol.<\/p>\n\n\n\n<p>Un triunfo sufrido pero valioso que permite al equipo sumar para garantizar su continuidad en la categor\u00eda gracias a la eficacia en los instantes decisivos.<\/p>\n","protected":false},"excerpt":{"rendered":"<div class=\"mh-excerpt\">El CD Bu\u00f1ol logr\u00f3 una trabajada victoria por un gola a cero frente al Recambios Col\u00f3n en un partido muy igualado que se decidi\u00f3 en los \u00faltimos minutos. Tras un encuentro marcado por la intensidad <a class=\"mh-excerpt-more\" href=\"https:\/\/www.tucomarca.com\/wordpress\/segunda\/jonas-da-la-victoria-al-cd-bunol-ante-el-recambios-colon-por-la-minima-en-el-tramo-final-del-partido-0-1\/\" title=\"Jon\u00e1s da la victoria al CD Bu\u00f1ol ante el Recambios Col\u00f3n por la m\u00ednima en el tramo final del partido (0-1)\">[+] <\/a><\/div>\n","protected":false},"author":12,"featured_media":299293,"comment_status":"closed","ping_status":"open","sticky":false,"template":"","format":"standard","meta":{"footnotes":""},"categories":[18,50,6,8,10,3],"tags":[10385,537,44,5952,24169],"class_list":{"0":"post-299291","1":"post","2":"type-post","3":"status-publish","4":"format-standard","5":"has-post-thumbnail","7":"category-bunol","8":"category-futbol-deportes","9":"category-deportes","10":"category-la-comarca","11":"category-la-hoya","12":"category-seccion","13":"tag-bunol","14":"tag-cd-bunol","15":"tag-futbol","16":"tag-la-hoya-de-bunol-chiva","17":"tag-recambios-colon"},"_links":{"self":[{"href":"https:\/\/www.tucomarca.com\/wordpress\/segunda\/wp-json\/wp\/v2\/posts\/299291","targetHints":{"allow":["GET"]}}],"collection":[{"href":"https:\/\/www.tucomarca.com\/wordpress\/segunda\/wp-json\/wp\/v2\/posts"}],"about":[{"href":"https:\/\/www.tucomarca.com\/wordpress\/segunda\/wp-json\/wp\/v2\/types\/post"}],"author":[{"embeddable":true,"href":"https:\/\/www.tucomarca.com\/wordpress\/segunda\/wp-json\/wp\/v2\/users\/12"}],"replies":[{"embeddable":true,"href":"https:\/\/www.tucomarca.com\/wordpress\/segunda\/wp-json\/wp\/v2\/comments?post=299291"}],"version-history":[{"count":2,"href":"https:\/\/www.tucomarca.com\/wordpress\/segunda\/wp-json\/wp\/v2\/posts\/299291\/revisions"}],"predecessor-version":[{"id":299343,"href":"https:\/\/www.tucomarca.com\/wordpress\/segunda\/wp-json\/wp\/v2\/posts\/299291\/revisions\/299343"}],"wp:featuredmedia":[{"embeddable":true,"href":"https:\/\/www.tucomarca.com\/wordpress\/segunda\/wp-json\/wp\/v2\/media\/299293"}],"wp:attachment":[{"href":"https:\/\/www.tucomarca.com\/wordpress\/segunda\/wp-json\/wp\/v2\/media?parent=299291"}],"wp:term":[{"taxonomy":"category","embeddable":true,"href":"https:\/\/www.tucomarca.com\/wordpress\/segunda\/wp-json\/wp\/v2\/categories?post=299291"},{"taxonomy":"post_tag","embeddable":true,"href":"https:\/\/www.tucomarca.com\/wordpress\/segunda\/wp-json\/wp\/v2\/tags?post=299291"}],"curies":[{"name":"wp","href":"https:\/\/api.w.org\/{rel}","templated":true}]}}