{"id":299306,"date":"2026-04-20T12:15:00","date_gmt":"2026-04-20T10:15:00","guid":{"rendered":"https:\/\/www.tucomarca.com\/wordpress\/segunda\/?p=299306"},"modified":"2026-04-20T19:59:55","modified_gmt":"2026-04-20T17:59:55","slug":"rescatadas-una-madre-y-sus-dos-hijas-tras-extraviarse-durante-una-ruta-senderista-en-la-murta-de-alzira","status":"publish","type":"post","link":"https:\/\/www.tucomarca.com\/wordpress\/segunda\/rescatadas-una-madre-y-sus-dos-hijas-tras-extraviarse-durante-una-ruta-senderista-en-la-murta-de-alzira\/","title":{"rendered":"Rescatan a una madre y a sus dos hijas tras extraviarse durante una ruta senderista en La Murta de Alzira"},"content":{"rendered":"\n<p>Efectivos del Grupo Especial de Rescate en Altura (GERA) del Consorcio Provincial de Bomberos de Val\u00e8ncia auxiliaron este s\u00e1bado por la noche a tres personas \u2014una madre y sus dos hijas\u2014 que se hab\u00edan extraviado mientras realizaban una ruta por el paraje de La Murta, en Alzira.<\/p>\n\n\n\n<p>El aviso se recibi\u00f3 a las 21,21 horas, momento en el que se activ\u00f3 el operativo de b\u00fasqueda. Los rescatadores lograron localizar a las tres senderistas, a quienes proporcionaron ropa de abrigo y sistemas de iluminaci\u00f3n para garantizar su seguridad.<\/p>\n\n\n\n<p>Posteriormente, fueron acompa\u00f1adas hasta su veh\u00edculo, estacionado en el parking de La Murta, completando el servicio con \u00e9xito cerca de la medianoche.<\/p>\n\n\n\n<p>La r\u00e1pida intervenci\u00f3n del GERA permiti\u00f3 resolver la situaci\u00f3n sin incidentes, asegurando el regreso seguro de las tres afectadas.<\/p>\n","protected":false},"excerpt":{"rendered":"<div class=\"mh-excerpt\">Efectivos del Grupo Especial de Rescate en Altura (GERA) del Consorcio Provincial de Bomberos de Val\u00e8ncia auxiliaron este s\u00e1bado por la noche a tres personas \u2014una madre y sus dos hijas\u2014 que se hab\u00edan extraviado <a class=\"mh-excerpt-more\" href=\"https:\/\/www.tucomarca.com\/wordpress\/segunda\/rescatadas-una-madre-y-sus-dos-hijas-tras-extraviarse-durante-una-ruta-senderista-en-la-murta-de-alzira\/\" title=\"Rescatan a una madre y a sus dos hijas tras extraviarse durante una ruta senderista en La Murta de Alzira\">[+] <\/a><\/div>\n","protected":false},"author":12,"featured_media":299308,"comment_status":"closed","ping_status":"open","sticky":false,"template":"","format":"standard","meta":{"footnotes":""},"categories":[69,8,42,3,116,45],"tags":[10402,22130,2596,1407],"class_list":{"0":"post-299306","1":"post","2":"type-post","3":"status-publish","4":"format-standard","5":"has-post-thumbnail","7":"category-alzira","8":"category-la-comarca","9":"category-la-ribera","10":"category-seccion","11":"category-sucesos-la-comarca","12":"category-ventana","13":"tag-alzira","14":"tag-consorcio-de-bomberos-de-valencia-2","15":"tag-rescate","16":"tag-ribera-alta"},"_links":{"self":[{"href":"https:\/\/www.tucomarca.com\/wordpress\/segunda\/wp-json\/wp\/v2\/posts\/299306","targetHints":{"allow":["GET"]}}],"collection":[{"href":"https:\/\/www.tucomarca.com\/wordpress\/segunda\/wp-json\/wp\/v2\/posts"}],"about":[{"href":"https:\/\/www.tucomarca.com\/wordpress\/segunda\/wp-json\/wp\/v2\/types\/post"}],"author":[{"embeddable":true,"href":"https:\/\/www.tucomarca.com\/wordpress\/segunda\/wp-json\/wp\/v2\/users\/12"}],"replies":[{"embeddable":true,"href":"https:\/\/www.tucomarca.com\/wordpress\/segunda\/wp-json\/wp\/v2\/comments?post=299306"}],"version-history":[{"count":6,"href":"https:\/\/www.tucomarca.com\/wordpress\/segunda\/wp-json\/wp\/v2\/posts\/299306\/revisions"}],"predecessor-version":[{"id":299365,"href":"https:\/\/www.tucomarca.com\/wordpress\/segunda\/wp-json\/wp\/v2\/posts\/299306\/revisions\/299365"}],"wp:featuredmedia":[{"embeddable":true,"href":"https:\/\/www.tucomarca.com\/wordpress\/segunda\/wp-json\/wp\/v2\/media\/299308"}],"wp:attachment":[{"href":"https:\/\/www.tucomarca.com\/wordpress\/segunda\/wp-json\/wp\/v2\/media?parent=299306"}],"wp:term":[{"taxonomy":"category","embeddable":true,"href":"https:\/\/www.tucomarca.com\/wordpress\/segunda\/wp-json\/wp\/v2\/categories?post=299306"},{"taxonomy":"post_tag","embeddable":true,"href":"https:\/\/www.tucomarca.com\/wordpress\/segunda\/wp-json\/wp\/v2\/tags?post=299306"}],"curies":[{"name":"wp","href":"https:\/\/api.w.org\/{rel}","templated":true}]}}