{"id":299311,"date":"2026-04-20T12:00:00","date_gmt":"2026-04-20T10:00:00","guid":{"rendered":"https:\/\/www.tucomarca.com\/wordpress\/segunda\/?p=299311"},"modified":"2026-04-20T19:14:32","modified_gmt":"2026-04-20T17:14:32","slug":"la-generalitat-presenta-en-europa-el-proyecto-de-los-parques-inundables-que-serviran-de-barrera-antirriadas-en-las-cuencas-del-turia-y-el-poyo","status":"publish","type":"post","link":"https:\/\/www.tucomarca.com\/wordpress\/segunda\/la-generalitat-presenta-en-europa-el-proyecto-de-los-parques-inundables-que-serviran-de-barrera-antirriadas-en-las-cuencas-del-turia-y-el-poyo\/","title":{"rendered":"La Generalitat presenta en Europa el proyecto de los parques inundables que servir\u00e1n de barrera antirriadas en las cuencas del Turia y el Poyo"},"content":{"rendered":"\n<h3 class=\"wp-block-heading\">El comisionado de la Recuperaci\u00f3n se\u00f1ala que \u201cla Generalitat desarrolla una estrategia territorial integral \u00fanica en Espa\u00f1a para fortalecerse frente a fen\u00f3menos extremos\u201d.<\/h3>\n\n\n\n<h3 class=\"wp-block-heading\">El Consell explora las v\u00edas de financiaci\u00f3n de este tipo de iniciativas y busca lograr financiaci\u00f3n comunitaria.<\/h3>\n\n\n\n<p>La Generalitat ha presentado en Europa el proyecto de los parques inundables metropolitanos que planea construir en las riberas del Turia y del Poyo y que abarcar\u00e1 una extensi\u00f3n de 1.500 hect\u00e1reas de zona verde, conformando una nueva defensa ante posibles riadas.&nbsp;<\/p>\n\n\n\n<p>El comisionado para la Recuperaci\u00f3n, Ra\u00fal M\u00e9rida, ha mantenido una reuni\u00f3n de trabajo online con miembros del gobierno de Baviera (Alemania) encargados de la estrategia verde antirriadas y de la&nbsp;Autoridad de Gesti\u00f3n del Agua de Munich (Wasserwirstschaftsamt M\u00fcnchen).<\/p>\n\n\n\n<p>Durante el encuentro, Ra\u00fal M\u00e9rida ha se\u00f1alado que la iniciativa de los parques inundables metropolitanos que impulsa la Generalitat \u201cest\u00e1 alineada con las que se est\u00e1n llevando a cabo en otros pa\u00edses europeos\u201d.<\/p>\n\n\n\n<p>En este sentido, ha destacado que la Generalitat est\u00e1 desarrollando una estrategia territorial integral \u201c\u00fanica en Espa\u00f1a\u201d para fortalecer el territorio \u201cmediante el desarrollo de iniciativas verdes orientadas a actuar como barreras naturales frente a fen\u00f3menos meteorol\u00f3gicos extremos\u201d.<\/p>\n\n\n\n<p>Ra\u00fal M\u00e9rida ha explicado que los trabajos de recuperaci\u00f3n tras episodios de inundaciones registrados en otras zonas de Europa contin\u00faan desarroll\u00e1ndose incluso cinco a\u00f1os despu\u00e9s del suceso, ya que una visi\u00f3n integral orientada a la regeneraci\u00f3n del territorio y al refuerzo de su resiliencia \u201crequiere la ejecuci\u00f3n de proyectos con horizontes temporales m\u00e1s amplios\u201d.<\/p>\n\n\n\n<p>Durante la reuni\u00f3n tambi\u00e9n se han analizado las estrategias de financiaci\u00f3n que ha implementado el gobierno de Baviera y se ha valorado la posibilidad de conseguir financiaci\u00f3n comunitaria para el proyecto de los parques inundables metropolitanos.<\/p>\n\n\n\n<p>Desde el Consell se estima que el proyecto de los parques inundables, que contempla m\u00e1s de 72 kil\u00f3metros de recorridos verdes y fluviales, necesitar\u00e1 de una inversi\u00f3n superior a los 150 millones de euros, en el marco de un plan estrat\u00e9gico que contar\u00e1, adem\u00e1s, con financiaci\u00f3n p\u00fablico-privada, a trav\u00e9s de la compensaci\u00f3n de emisiones de Co2, y que buscar\u00e1 la financiaci\u00f3n de la Uni\u00f3n Europea.<\/p>\n\n\n\n<figure class=\"wp-block-image size-large\"><img loading=\"lazy\" decoding=\"async\" width=\"1024\" height=\"683\" src=\"https:\/\/www.tucomarca.com\/wordpress\/segunda\/wp-content\/uploads\/2026\/04\/DANAparquesinundables2-1024x683.jpeg\" alt=\"\" class=\"wp-image-299320\" srcset=\"https:\/\/www.tucomarca.com\/wordpress\/segunda\/wp-content\/uploads\/2026\/04\/DANAparquesinundables2-1024x683.jpeg 1024w, https:\/\/www.tucomarca.com\/wordpress\/segunda\/wp-content\/uploads\/2026\/04\/DANAparquesinundables2-300x200.jpeg 300w, https:\/\/www.tucomarca.com\/wordpress\/segunda\/wp-content\/uploads\/2026\/04\/DANAparquesinundables2-768x512.jpeg 768w, https:\/\/www.tucomarca.com\/wordpress\/segunda\/wp-content\/uploads\/2026\/04\/DANAparquesinundables2-1536x1024.jpeg 1536w, https:\/\/www.tucomarca.com\/wordpress\/segunda\/wp-content\/uploads\/2026\/04\/DANAparquesinundables2-2048x1365.jpeg 2048w\" sizes=\"auto, (max-width: 1024px) 100vw, 1024px\" \/><\/figure>\n\n\n\n<p><\/p>\n\n\n\n<p><strong>Lecciones aprendidas<\/strong><\/p>\n\n\n\n<p>Asimismo, enmarcado en la l\u00ednea de dar a conocer las iniciativas de la Generalitat y buscar sinergias, la directora general de Recuperaci\u00f3n y Reconstrucci\u00f3n, Sandra Castillo, y la directora general del Agua y Desarrollo Rural, Lourdes P\u00e9rez, han asistido al congreso internacional \u2018Recuperaci\u00f3n tras inundaciones y reconstrucci\u00f3n resiliente en Europa\u2019 impulsado en el marco del programa europeo JCAR ATRACE que promueve la investigaci\u00f3n para mejorar la gesti\u00f3n tras cat\u00e1strofes naturales.&nbsp;<\/p>\n\n\n\n<p>Durante las jornadas, Sandra Castillo y Lourdes P\u00e9rez, han puesto en valor las actuaciones que desde el Consell se est\u00e1n realizando en el marco del Plan de Recuperaci\u00f3n Endavant para lograr la reconstrucci\u00f3n de las zonas afectadas por las riadas.<\/p>\n\n\n\n<p>Asimismo, en el foro se han analizado las pol\u00edticas desarrolladas por las diversas regiones de Europa afectadas por inundaciones, especialmente Alemania, B\u00e9lgica y Los Pa\u00edses Bajos (2021) y Hauts de France (2024), adem\u00e1s del caso de Val\u00e8ncia.<\/p>\n\n\n\n<p>El congreso tiene como objetivo compartir buenas pr\u00e1cticas y lecciones aprendidas en la recuperaci\u00f3n tras las inundaciones y desarrollar recomendaciones para una reconstrucci\u00f3n m\u00e1s r\u00e1pida.<\/p>\n","protected":false},"excerpt":{"rendered":"<div class=\"mh-excerpt\">El comisionado de la Recuperaci\u00f3n se\u00f1ala que \u201cla Generalitat desarrolla una estrategia territorial integral \u00fanica en Espa\u00f1a para fortalecerse frente a fen\u00f3menos extremos\u201d. El Consell explora las v\u00edas de financiaci\u00f3n de este tipo de iniciativas <a class=\"mh-excerpt-more\" href=\"https:\/\/www.tucomarca.com\/wordpress\/segunda\/la-generalitat-presenta-en-europa-el-proyecto-de-los-parques-inundables-que-serviran-de-barrera-antirriadas-en-las-cuencas-del-turia-y-el-poyo\/\" title=\"La Generalitat presenta en Europa el proyecto de los parques inundables que servir\u00e1n de barrera antirriadas en las cuencas del Turia y el Poyo\">[+] <\/a><\/div>\n","protected":false},"author":1,"featured_media":299318,"comment_status":"closed","ping_status":"open","sticky":false,"template":"","format":"standard","meta":{"footnotes":""},"categories":[46,17,16,21465,128,8,72,10,117,142,182,3,116,45],"tags":[10385,10395,339,10384,12831,5952],"class_list":{"0":"post-299311","1":"post","2":"type-post","3":"status-publish","4":"format-standard","5":"has-post-thumbnail","7":"category-camp-de-turia","8":"category-cheste","9":"category-chiva","10":"category-dana","11":"category-infraestructuras","12":"category-la-comarca","13":"category-sin-categorizar","14":"category-la-hoya","15":"category-medio-ambiente-la-comarca","16":"category-politica-la-comarca","17":"category-riba-roja","18":"category-seccion","19":"category-sucesos-la-comarca","20":"category-ventana","21":"tag-bunol","22":"tag-camp-de-turia","23":"tag-cheste-2","24":"tag-chiva","25":"tag-dana-2","26":"tag-la-hoya-de-bunol-chiva"},"_links":{"self":[{"href":"https:\/\/www.tucomarca.com\/wordpress\/segunda\/wp-json\/wp\/v2\/posts\/299311","targetHints":{"allow":["GET"]}}],"collection":[{"href":"https:\/\/www.tucomarca.com\/wordpress\/segunda\/wp-json\/wp\/v2\/posts"}],"about":[{"href":"https:\/\/www.tucomarca.com\/wordpress\/segunda\/wp-json\/wp\/v2\/types\/post"}],"author":[{"embeddable":true,"href":"https:\/\/www.tucomarca.com\/wordpress\/segunda\/wp-json\/wp\/v2\/users\/1"}],"replies":[{"embeddable":true,"href":"https:\/\/www.tucomarca.com\/wordpress\/segunda\/wp-json\/wp\/v2\/comments?post=299311"}],"version-history":[{"count":3,"href":"https:\/\/www.tucomarca.com\/wordpress\/segunda\/wp-json\/wp\/v2\/posts\/299311\/revisions"}],"predecessor-version":[{"id":299327,"href":"https:\/\/www.tucomarca.com\/wordpress\/segunda\/wp-json\/wp\/v2\/posts\/299311\/revisions\/299327"}],"wp:featuredmedia":[{"embeddable":true,"href":"https:\/\/www.tucomarca.com\/wordpress\/segunda\/wp-json\/wp\/v2\/media\/299318"}],"wp:attachment":[{"href":"https:\/\/www.tucomarca.com\/wordpress\/segunda\/wp-json\/wp\/v2\/media?parent=299311"}],"wp:term":[{"taxonomy":"category","embeddable":true,"href":"https:\/\/www.tucomarca.com\/wordpress\/segunda\/wp-json\/wp\/v2\/categories?post=299311"},{"taxonomy":"post_tag","embeddable":true,"href":"https:\/\/www.tucomarca.com\/wordpress\/segunda\/wp-json\/wp\/v2\/tags?post=299311"}],"curies":[{"name":"wp","href":"https:\/\/api.w.org\/{rel}","templated":true}]}}