{"id":299317,"date":"2026-04-20T12:30:00","date_gmt":"2026-04-20T10:30:00","guid":{"rendered":"https:\/\/www.tucomarca.com\/wordpress\/segunda\/?p=299317"},"modified":"2026-04-20T19:53:44","modified_gmt":"2026-04-20T17:53:44","slug":"detienen-a-un-hombre-de-41-anos-como-presunto-autor-de-una-oleada-de-robos-en-betera-naquera-y-serra-asi-como-por-matar-a-dos-perros-en-un-incendio-provocado","status":"publish","type":"post","link":"https:\/\/www.tucomarca.com\/wordpress\/segunda\/detienen-a-un-hombre-de-41-anos-como-presunto-autor-de-una-oleada-de-robos-en-betera-naquera-y-serra-asi-como-por-matar-a-dos-perros-en-un-incendio-provocado\/","title":{"rendered":"Detienen a un hombre de 41 a\u00f1os como presunto autor de una oleada de robos en B\u00e9tera, N\u00e1quera y Serra as\u00ed como por matar a dos perros en un incendio provocado"},"content":{"rendered":"\n<h3 class=\"wp-block-heading\">El detenido no solo comet\u00eda robo con fuerza en las cosas, si no que provoc\u00f3 incendios e, incluso, la muerte de los dos animales.<\/h3>\n\n\n\n<p>La Guardia Civil, gracias a la colaboraci\u00f3n vecinal, ha detenido al autor de 6 robos con fuerza en las cosas en las localidades de B\u00e9tera, N\u00e1quera y Serra.<\/p>\n\n\n\n<p>El origen de la investigaci\u00f3n comenz\u00f3 tras los numerosos robos a inicios de marzo del 2026 en casetas aisladas de las localidades de B\u00e9tera, N\u00e1quera y Serra. Del interior de las viviendas se sustrajeron diversos efectos (joyas, dinero, comestibles, ropa, etc). Gracias al testimonio de varios vecinos, pudo obtenerse la descripci\u00f3n de un hombre que merodeaba por la zona en actitud sospechosa.&nbsp;<\/p>\n\n\n\n<p>A ra\u00edz de este hecho se intensifican las labores de vigilancia en la zona, observando a un hombre que coincid\u00eda con la descripci\u00f3n aportada por los vecinos pr\u00f3ximo a los lugares en los que se cometieron algunos de los hechos, huyendo siempre del lugar al percatarse de la presencia policial. En una de estas huidas, el detenido abandon\u00f3 los objetos que portaba: 4 botes de combustible, 2 paquetes de pastillas incendiarias y el DNI de un vecino de N\u00e1quera que, tras ser contactado, confirm\u00f3 que acababa de ser v\u00edctima de un robo. Tras este incidente, se recibe aviso de otro robo en la localidad de B\u00e9tera, pudiendo observar en las c\u00e1maras de seguridad que se trataba del mismo sujeto.&nbsp;<\/p>\n\n\n\n<p>Al d\u00eda siguiente, una ciudadana denunci\u00f3 que, al llegar a su segunda residencia, se encontr\u00f3 a un hombre en el interior, coincidiendo la descripci\u00f3n con el sospechoso. Tras huir del lugar, la propietaria se percat\u00f3 de que el detenido hab\u00eda sacado parte del mobiliario y enseres personales y les hab\u00eda prendido fuego. Adem\u00e1s, quem\u00f3 la caseta de los perros con dos pastores alemanes en su interior, que resultaron fallecidos. En el momento de ser sorprendido, hab\u00eda metido los dos caballos en los establos y hab\u00eda colocado m\u00e1s enseres con la intenci\u00f3n de provocar otro incendio.&nbsp;<\/p>\n\n\n<div class=\"wp-block-image\">\n<figure class=\"alignleft size-large is-resized\"><img loading=\"lazy\" decoding=\"async\" width=\"771\" height=\"1024\" src=\"https:\/\/www.tucomarca.com\/wordpress\/segunda\/wp-content\/uploads\/2026\/04\/GCPiromanoBetera2-771x1024.jpg\" alt=\"\" class=\"wp-image-299330\" style=\"width:300px;height:auto\" srcset=\"https:\/\/www.tucomarca.com\/wordpress\/segunda\/wp-content\/uploads\/2026\/04\/GCPiromanoBetera2-771x1024.jpg 771w, https:\/\/www.tucomarca.com\/wordpress\/segunda\/wp-content\/uploads\/2026\/04\/GCPiromanoBetera2-226x300.jpg 226w, https:\/\/www.tucomarca.com\/wordpress\/segunda\/wp-content\/uploads\/2026\/04\/GCPiromanoBetera2-768x1020.jpg 768w, https:\/\/www.tucomarca.com\/wordpress\/segunda\/wp-content\/uploads\/2026\/04\/GCPiromanoBetera2.jpg 886w\" sizes=\"auto, (max-width: 771px) 100vw, 771px\" \/><\/figure>\n<\/div>\n\n\n<p>Ese mismo d\u00eda, se recibi\u00f3 un aviso de que hab\u00eda intentado quitarle el tel\u00e9fono m\u00f3vil a un transe\u00fante, zarande\u00e1ndolo y tir\u00e1ndole al suelo. A las pocas horas, se recibi\u00f3 un nuevo aviso de un robo en una mas\u00eda cercana y se pudo observar, gracias a las c\u00e1maras de seguridad, que se trataba del mismo hombre. Hab\u00eda provocado diversos focos de incendio, uno de ellos junto a un panel el\u00e9ctrico y otro bajo una torre el\u00e9ctrica. Estos incendios se produjeron muy pr\u00f3ximos al Parque Natural de la Sierra Calderona, siendo este un espacio protegido.&nbsp;<\/p>\n\n\n\n<p>Tras establecer un dispositivo de b\u00fasqueda, con la colaboraci\u00f3n de la Polic\u00eda Local de B\u00e9tera, se procedi\u00f3 finalmente a la detenci\u00f3n de un hombre de 41 a\u00f1os y nacionalidad alemana. Se le atribuyen los siguientes delitos: 1 robo con violencia, 6 robos con fuerza en domicilio, 2 de da\u00f1os por incendio provocado, 1 maltrato animal con resultado de muerte y 2 de incendio provocado.&nbsp;<\/p>\n\n\n\n<p>La investigaci\u00f3n ha sido llevada a cabo por agentes del Puesto Principal de B\u00e9tera.\u00a0Las diligencias fueron entregadas en la Secci\u00f3n Civil y de Instrucci\u00f3n del Tribunal de Ll\u00edria Plaza n\u00famero 8.<\/p>\n\n\n\n<p><\/p>\n","protected":false},"excerpt":{"rendered":"<div class=\"mh-excerpt\">El detenido no solo comet\u00eda robo con fuerza en las cosas, si no que provoc\u00f3 incendios e, incluso, la muerte de los dos animales. La Guardia Civil, gracias a la colaboraci\u00f3n vecinal, ha detenido al <a class=\"mh-excerpt-more\" href=\"https:\/\/www.tucomarca.com\/wordpress\/segunda\/detienen-a-un-hombre-de-41-anos-como-presunto-autor-de-una-oleada-de-robos-en-betera-naquera-y-serra-asi-como-por-matar-a-dos-perros-en-un-incendio-provocado\/\" title=\"Detienen a un hombre de 41 a\u00f1os como presunto autor de una oleada de robos en B\u00e9tera, N\u00e1quera y Serra as\u00ed como por matar a dos perros en un incendio provocado\">[+] <\/a><\/div>\n","protected":false},"author":12,"featured_media":299328,"comment_status":"closed","ping_status":"open","sticky":false,"template":"","format":"image","meta":{"footnotes":""},"categories":[51,46,8,117,180,3,76,116,45],"tags":[10398,10395,23926,10436],"class_list":{"0":"post-299317","1":"post","2":"type-post","3":"status-publish","4":"format-image","5":"has-post-thumbnail","7":"category-betera","8":"category-camp-de-turia","9":"category-la-comarca","10":"category-medio-ambiente-la-comarca","11":"category-naquera","12":"category-seccion","13":"category-serra","14":"category-sucesos-la-comarca","15":"category-ventana","16":"tag-betera","17":"tag-camp-de-turia","18":"tag-guardia-civil-de-betera","19":"tag-naquera","20":"post_format-post-format-image"},"_links":{"self":[{"href":"https:\/\/www.tucomarca.com\/wordpress\/segunda\/wp-json\/wp\/v2\/posts\/299317","targetHints":{"allow":["GET"]}}],"collection":[{"href":"https:\/\/www.tucomarca.com\/wordpress\/segunda\/wp-json\/wp\/v2\/posts"}],"about":[{"href":"https:\/\/www.tucomarca.com\/wordpress\/segunda\/wp-json\/wp\/v2\/types\/post"}],"author":[{"embeddable":true,"href":"https:\/\/www.tucomarca.com\/wordpress\/segunda\/wp-json\/wp\/v2\/users\/12"}],"replies":[{"embeddable":true,"href":"https:\/\/www.tucomarca.com\/wordpress\/segunda\/wp-json\/wp\/v2\/comments?post=299317"}],"version-history":[{"count":3,"href":"https:\/\/www.tucomarca.com\/wordpress\/segunda\/wp-json\/wp\/v2\/posts\/299317\/revisions"}],"predecessor-version":[{"id":299359,"href":"https:\/\/www.tucomarca.com\/wordpress\/segunda\/wp-json\/wp\/v2\/posts\/299317\/revisions\/299359"}],"wp:featuredmedia":[{"embeddable":true,"href":"https:\/\/www.tucomarca.com\/wordpress\/segunda\/wp-json\/wp\/v2\/media\/299328"}],"wp:attachment":[{"href":"https:\/\/www.tucomarca.com\/wordpress\/segunda\/wp-json\/wp\/v2\/media?parent=299317"}],"wp:term":[{"taxonomy":"category","embeddable":true,"href":"https:\/\/www.tucomarca.com\/wordpress\/segunda\/wp-json\/wp\/v2\/categories?post=299317"},{"taxonomy":"post_tag","embeddable":true,"href":"https:\/\/www.tucomarca.com\/wordpress\/segunda\/wp-json\/wp\/v2\/tags?post=299317"}],"curies":[{"name":"wp","href":"https:\/\/api.w.org\/{rel}","templated":true}]}}