{"id":299341,"date":"2026-04-20T13:00:00","date_gmt":"2026-04-20T11:00:00","guid":{"rendered":"https:\/\/www.tucomarca.com\/wordpress\/segunda\/?p=299341"},"modified":"2026-04-20T20:05:21","modified_gmt":"2026-04-20T18:05:21","slug":"la-generalitat-pone-en-servicio-la-nueva-pasarela-de-ramon-y-cajal-en-chiva-que-sustituye-a-la-municipal-arrasada-por-las-riadas","status":"publish","type":"post","link":"https:\/\/www.tucomarca.com\/wordpress\/segunda\/la-generalitat-pone-en-servicio-la-nueva-pasarela-de-ramon-y-cajal-en-chiva-que-sustituye-a-la-municipal-arrasada-por-las-riadas\/","title":{"rendered":"La Generalitat pone en servicio la nueva pasarela de Ram\u00f3n y Cajal en Chiva que sustituye a la municipal arrasada por las riadas"},"content":{"rendered":"\n<h3 class=\"wp-block-heading\">La nueva infraestructura met\u00e1lica se ha elevado un metro para soportar mejor posibles lluvias torrenciales.<\/h3>\n\n\n\n<h3 class=\"wp-block-heading\">La actuaci\u00f3n se enmarca en el plan auton\u00f3mico de reconstrucci\u00f3n Plan Endavant para respaldar a los municipios m\u00e1s afectados que no pod\u00edan asumir las obras de reconstrucci\u00f3n en tiempo y forma.<\/h3>\n\n\n\n<p>La Generalitat avanza en la recuperaci\u00f3n de las infraestructuras de Chiva afectadas por la dana de octubre de 2024 y pone este lunes en servicio la pasarela que conecta la calle Ram\u00f3n y Cajal con la calle Cruz de Piedra, una v\u00eda clave para la movilidad cotidiana del municipio.<\/p>\n\n\n\n<p>Tal y como ha explicado la directora general de Recuperaci\u00f3n y Reconstrucci\u00f3n, Sandra Castillo, \u201cla actuaci\u00f3n, forma parte de las intervenciones de emergencia asumidas por la Vicepresidencia Tercera y Conselleria de Medio Ambiente, Infraestructuras, Territorio y de la Recuperaci\u00f3n para restituir la conectividad y garantizar la seguridad tras los graves da\u00f1os ocasionados por el temporal\u201d.&nbsp;<\/p>\n\n\n\n<p>Entre estas intervenciones destaca la reparaci\u00f3n y reposici\u00f3n de varias pasarelas peatonales sobre el barranco de Chiva, fundamentales para la comunicaci\u00f3n entre distintos puntos del n\u00facleo urbano. Durante la ma\u00f1ana del lunes se ha procedido a realizar los \u00faltimos remates de la \u00faltima pasarela pendiente para realizar posteriormente su apertura.<\/p>\n\n\n\n<p>La nueva estructura, con un peso aproximado de 32 toneladas, fue instalada mediante una \u00fanica maniobra con una gr\u00faa de 130 toneladas\u201d. Adem\u00e1s, \u201cse ha elevado la rasante alrededor de un metro, lo que permitir\u00e1 que la pasarela pueda soportar el paso de avenidas similares a las registradas durante la dana sin que la estructura se vea afectada\u201d, ha destacado Castillo. La nueva es una pasarela met\u00e1lica de arco superior, que cruza el barranco mediante un \u00fanico vano de 32 metros de luz y cuenta con cuatro metros de anchura.<\/p>\n\n\n\n<figure class=\"wp-block-gallery has-nested-images columns-default is-cropped wp-block-gallery-1 is-layout-flex wp-block-gallery-is-layout-flex\">\n<figure class=\"wp-block-image size-large\"><img loading=\"lazy\" decoding=\"async\" width=\"945\" height=\"638\" data-id=\"299350\" src=\"https:\/\/www.tucomarca.com\/wordpress\/segunda\/wp-content\/uploads\/2026\/04\/PasarelaChiva2.jpg\" alt=\"\" class=\"wp-image-299350\" srcset=\"https:\/\/www.tucomarca.com\/wordpress\/segunda\/wp-content\/uploads\/2026\/04\/PasarelaChiva2.jpg 945w, https:\/\/www.tucomarca.com\/wordpress\/segunda\/wp-content\/uploads\/2026\/04\/PasarelaChiva2-300x203.jpg 300w, https:\/\/www.tucomarca.com\/wordpress\/segunda\/wp-content\/uploads\/2026\/04\/PasarelaChiva2-768x519.jpg 768w\" sizes=\"auto, (max-width: 945px) 100vw, 945px\" \/><\/figure>\n\n\n\n<figure class=\"wp-block-image size-large\"><img loading=\"lazy\" decoding=\"async\" width=\"945\" height=\"638\" data-id=\"299348\" src=\"https:\/\/www.tucomarca.com\/wordpress\/segunda\/wp-content\/uploads\/2026\/04\/PasarelaChiva1.jpg\" alt=\"\" class=\"wp-image-299348\" srcset=\"https:\/\/www.tucomarca.com\/wordpress\/segunda\/wp-content\/uploads\/2026\/04\/PasarelaChiva1.jpg 945w, https:\/\/www.tucomarca.com\/wordpress\/segunda\/wp-content\/uploads\/2026\/04\/PasarelaChiva1-300x203.jpg 300w, https:\/\/www.tucomarca.com\/wordpress\/segunda\/wp-content\/uploads\/2026\/04\/PasarelaChiva1-768x519.jpg 768w\" sizes=\"auto, (max-width: 945px) 100vw, 945px\" \/><\/figure>\n<\/figure>\n\n\n\n<p><\/p>\n\n\n\n<p>La pasarela que conecta la calle Ram\u00f3n y Cajal con la calle Cruz de Piedra queda abierta, tras el hormigonado del tablero, la finalizaci\u00f3n de las conexiones con la urbanizaci\u00f3n del entorno, as\u00ed como la preceptiva prueba de carga.<\/p>\n\n\n\n<p>Esta infraestructura municipal forma parte de las obras que el Ayuntamiento de Chiva solicit\u00f3 a la Generalitat asumir para reconstruir en tiempo y forma ante la imposibilidad de que el consistorio pudiera ejecutarlas.&nbsp;<\/p>\n\n\n\n<p><strong>Plan Endavant<\/strong><\/p>\n\n\n\n<p>Estas actuaciones se enmarcan en el plan auton\u00f3mico de reconstrucci\u00f3n Plan Endavant, que contempla la activaci\u00f3n de 60 iniciativas para acelerar la recuperaci\u00f3n de los municipios afectados por la dana y ante la incapacidad de los municipios de asumir las obras y ejecutarlas en tiempo y forma.<\/p>\n\n\n\n<p>La pasarela de Ram\u00f3n y Cajal es una de las infraestructuras que queda pendiente de reconstruir en el municipio del listado de obras municipales que el Ayuntamiento de Chiva solicit\u00f3 a la Generalitat ejecutar tras remitir toda la documentaci\u00f3n acreditativa. Con anterioridad la Vicepresidencia Tercera ha puesto en servicio la nueva pasarela de la calle Pintor Mora Yuste y el puente de la calle Enrique Ponce, el situado sobre el barranco del Gallego camino a Sierra Perenchiza.&nbsp;<\/p>\n\n\n\n<p>En el caso concreto de Chiva, la inversi\u00f3n destinada a la reparaci\u00f3n y reposici\u00f3n de pasarelas peatonales y otros puentes urbanos supera los 3,3 millones de euros, reflejando el esfuerzo econ\u00f3mico y t\u00e9cnico desplegado para restablecer la movilidad y la seguridad en el municipio.<\/p>\n\n\n\n<p>Tambi\u00e9n se ha reparado la parte superior del puente de la calle Antonio Machado. Con estas intervenciones, la Vicepresidencia Tercera y el Comisionado para la Recuperaci\u00f3n reafirman su compromiso con una recuperaci\u00f3n \u00e1gil, coordinada y eficaz de las infraestructuras locales, priorizando la seguridad de las personas y la restituci\u00f3n plena de la conectividad urbana.<\/p>\n","protected":false},"excerpt":{"rendered":"<div class=\"mh-excerpt\">La nueva infraestructura met\u00e1lica se ha elevado un metro para soportar mejor posibles lluvias torrenciales. La actuaci\u00f3n se enmarca en el plan auton\u00f3mico de reconstrucci\u00f3n Plan Endavant para respaldar a los municipios m\u00e1s afectados que <a class=\"mh-excerpt-more\" href=\"https:\/\/www.tucomarca.com\/wordpress\/segunda\/la-generalitat-pone-en-servicio-la-nueva-pasarela-de-ramon-y-cajal-en-chiva-que-sustituye-a-la-municipal-arrasada-por-las-riadas\/\" title=\"La Generalitat pone en servicio la nueva pasarela de Ram\u00f3n y Cajal en Chiva que sustituye a la municipal arrasada por las riadas\">[+] <\/a><\/div>\n","protected":false},"author":12,"featured_media":299346,"comment_status":"closed","ping_status":"open","sticky":false,"template":"","format":"gallery","meta":{"footnotes":""},"categories":[16,21465,128,8,72,10,117,142,3,116,45],"tags":[10384,12831,10716,5952,24171,22748],"class_list":{"0":"post-299341","1":"post","2":"type-post","3":"status-publish","4":"format-gallery","5":"has-post-thumbnail","7":"category-chiva","8":"category-dana","9":"category-infraestructuras","10":"category-la-comarca","11":"category-sin-categorizar","12":"category-la-hoya","13":"category-medio-ambiente-la-comarca","14":"category-politica-la-comarca","15":"category-seccion","16":"category-sucesos-la-comarca","17":"category-ventana","18":"tag-chiva","19":"tag-dana-2","20":"tag-generalitat-valenciana","21":"tag-la-hoya-de-bunol-chiva","22":"tag-nueva-pasarela-ramon-y-cajal","23":"tag-pla-endavant","24":"post_format-post-format-gallery"},"_links":{"self":[{"href":"https:\/\/www.tucomarca.com\/wordpress\/segunda\/wp-json\/wp\/v2\/posts\/299341","targetHints":{"allow":["GET"]}}],"collection":[{"href":"https:\/\/www.tucomarca.com\/wordpress\/segunda\/wp-json\/wp\/v2\/posts"}],"about":[{"href":"https:\/\/www.tucomarca.com\/wordpress\/segunda\/wp-json\/wp\/v2\/types\/post"}],"author":[{"embeddable":true,"href":"https:\/\/www.tucomarca.com\/wordpress\/segunda\/wp-json\/wp\/v2\/users\/12"}],"replies":[{"embeddable":true,"href":"https:\/\/www.tucomarca.com\/wordpress\/segunda\/wp-json\/wp\/v2\/comments?post=299341"}],"version-history":[{"count":4,"href":"https:\/\/www.tucomarca.com\/wordpress\/segunda\/wp-json\/wp\/v2\/posts\/299341\/revisions"}],"predecessor-version":[{"id":299368,"href":"https:\/\/www.tucomarca.com\/wordpress\/segunda\/wp-json\/wp\/v2\/posts\/299341\/revisions\/299368"}],"wp:featuredmedia":[{"embeddable":true,"href":"https:\/\/www.tucomarca.com\/wordpress\/segunda\/wp-json\/wp\/v2\/media\/299346"}],"wp:attachment":[{"href":"https:\/\/www.tucomarca.com\/wordpress\/segunda\/wp-json\/wp\/v2\/media?parent=299341"}],"wp:term":[{"taxonomy":"category","embeddable":true,"href":"https:\/\/www.tucomarca.com\/wordpress\/segunda\/wp-json\/wp\/v2\/categories?post=299341"},{"taxonomy":"post_tag","embeddable":true,"href":"https:\/\/www.tucomarca.com\/wordpress\/segunda\/wp-json\/wp\/v2\/tags?post=299341"}],"curies":[{"name":"wp","href":"https:\/\/api.w.org\/{rel}","templated":true}]}}