{"id":299370,"date":"2026-04-20T10:40:00","date_gmt":"2026-04-20T08:40:00","guid":{"rendered":"https:\/\/www.tucomarca.com\/wordpress\/segunda\/?p=299370"},"modified":"2026-04-20T20:54:36","modified_gmt":"2026-04-20T18:54:36","slug":"el-ix-feminario-de-la-diputacio-reclama-una-ley-abolicionista-y-proteccion-social-para-las-mujeres-explotadas-sexualmente","status":"publish","type":"post","link":"https:\/\/www.tucomarca.com\/wordpress\/segunda\/el-ix-feminario-de-la-diputacio-reclama-una-ley-abolicionista-y-proteccion-social-para-las-mujeres-explotadas-sexualmente\/","title":{"rendered":"El IX Feminario de la Diputaci\u00f3 reclama una ley abolicionista y protecci\u00f3n social para las mujeres explotadas sexualmente"},"content":{"rendered":"\n<h3 class=\"wp-block-heading\">La IX edici\u00f3n del foro de debate en clave feminista reunir\u00e1 el 7 y 8 de mayo en La Petxina a reconocidas abolicionistas como la polit\u00f3loga Julia Salander, la escritora Rosa Cobo y Sindy Takanashi, v\u00edctima de explotaci\u00f3n sexual.<\/h3>\n\n\n\n<h3 class=\"wp-block-heading\">La vicepresidenta Enguix cree que la prostituci\u00f3n \u201creproduce la dominaci\u00f3n patriarcal y normaliza la violencia sexual\u201d, y apuesta por \u201cpenalizar el negocio, garantizando la recuperaci\u00f3n integral de las mujeres prostituidas\u201d.<\/h3>\n\n\n\n<h3 class=\"wp-block-heading\">El presidente, Vicent Momp\u00f3, asegura que \u201cno es un debate f\u00e1cil, pero por eso es m\u00e1s necesario, porque no puede verse como normal aquello que representa con crueldad la vulnerabilidad de las mujeres\u201d.<\/h3>\n\n\n\n<p>La Diputaci\u00f3 de Val\u00e8ncia ha presentado este lunes su noveno Feminario, el foro de debate en clave feminista que, esta vez, reclamar\u00e1 la abolici\u00f3n de la prostituci\u00f3n como respuesta a la explotaci\u00f3n sexual de las mujeres. Acompa\u00f1ada por el presidente de la corporaci\u00f3n provincial, Vicent Momp\u00f3, la vicepresidenta Nat\u00e0lia Enguix, responsable de Igualdad, ha se\u00f1alado que la prostituci\u00f3n \u201creproduce la dominaci\u00f3n patriarcal y normaliza la violencia sexual\u201d. En respuesta a una cuesti\u00f3n clave en la agenda feminista y de los derechos humanos, el Feminario reflexionar\u00e1 sobre esta desigualdad estructural que \u201cno es un trabajo, sino un negocio lucrativo para los proxenetas\u201d, ha a\u00f1adido Enguix.<\/p>\n\n\n\n<p>El presidente Momp\u00f3, por su parte, ha considerado que \u201ccuando una realidad atraviesa de forma tan directa la dignidad de las personas, la pol\u00edtica no puede limitarse a observar, debe posicionarse\u201d. Coincide el m\u00e1ximo responsable provincial con Nat\u00e0lia Enguix en que la prostituci\u00f3n \u201ces en muchos casos la expresi\u00f3n m\u00e1s dura de la desigualdad estructural\u201d, y por ello alza la voz para decir \u201cno a la explotaci\u00f3n sexual, porque no puede verse como normal aquello que representa con crueldad la vulnerabilidad de las mujeres\u201d. \u201cNo es un debate f\u00e1cil, pero por eso precisamente es m\u00e1s necesario\u201d, ha manifestado Vicent Momp\u00f3.<\/p>\n\n\n\n<p>El Feminario que se celebrar\u00e1 los d\u00edas 7 y 8 de mayo en el complejo cultural la Petxina \u201caborda ese reto de tratar la prostituci\u00f3n desde una mirada cr\u00edtica, con el horizonte de la justicia social y la igualdad efectiva\u201d, apunta Momp\u00f3, en la l\u00ednea de los datos expuestos por la vicepresidenta Nat\u00e0lia Enguix, quien ha hecho referencia al macroestudio del Ministerio de Igualdad sobre trata y prostituci\u00f3n publicado en 2024, donde el 80% de las mujeres que se prostituyen en Espa\u00f1a presentaban indicadores de explotaci\u00f3n sexual. \u201cNo es una elecci\u00f3n individual, ni un trabajo. Es una industria que normaliza la explotaci\u00f3n y de la que se benefician los proxenetas y puteros que act\u00faan impunemente\u201d, lamenta Enguix.<\/p>\n\n\n\n<p>La diputada de Igualdad ha anunciado el programa del congreso \u2018Prostituci\u00f3n. El abolicionismo como respuesta\u2019, que se abrir\u00e1 en la tarde del jueves 7 de mayo con la ponencia inaugural de la escritora Rosa Cobo (16.30 h). La directora de la Red Acad\u00e9mica Internacional de Estudios sobre Prostituci\u00f3n y Pornograf\u00eda aportar\u00e1 una visi\u00f3n integral del contenido del Feminario, que a continuaci\u00f3n proyectar\u00e1 el documental de Mabel Lozano \u2018Abril, hoy no es invierno\u2019, el terrible relato de la violaci\u00f3n de una ni\u00f1a con par\u00e1lisis cerebral, ofrecida por aquellos que deb\u00edan cuidarla y protegerla (17.30 h)<\/p>\n\n\n\n<p>Vicent Momp\u00f3 y Nat\u00e0lia Enguix han aprovechado la presentaci\u00f3n para abrir oficialmente las inscripciones al noveno Feminario, a trav\u00e9s de la web <a href=\"https:\/\/feminariovalencia.es\/web.html%23inicio\">https:\/\/feminariovalencia.es\/web.html#inicio<\/a><\/p>\n\n\n\n<figure class=\"wp-block-gallery has-nested-images columns-default is-cropped wp-block-gallery-1 is-layout-flex wp-block-gallery-is-layout-flex\">\n<figure class=\"wp-block-image size-large\"><img loading=\"lazy\" decoding=\"async\" width=\"945\" height=\"638\" data-id=\"299373\" src=\"https:\/\/www.tucomarca.com\/wordpress\/segunda\/wp-content\/uploads\/2026\/04\/DipPresFeminariIX1.jpg\" alt=\"\" class=\"wp-image-299373\" srcset=\"https:\/\/www.tucomarca.com\/wordpress\/segunda\/wp-content\/uploads\/2026\/04\/DipPresFeminariIX1.jpg 945w, https:\/\/www.tucomarca.com\/wordpress\/segunda\/wp-content\/uploads\/2026\/04\/DipPresFeminariIX1-300x203.jpg 300w, https:\/\/www.tucomarca.com\/wordpress\/segunda\/wp-content\/uploads\/2026\/04\/DipPresFeminariIX1-768x519.jpg 768w\" sizes=\"auto, (max-width: 945px) 100vw, 945px\" \/><\/figure>\n\n\n\n<figure class=\"wp-block-image size-large\"><img loading=\"lazy\" decoding=\"async\" width=\"945\" height=\"638\" data-id=\"299375\" src=\"https:\/\/www.tucomarca.com\/wordpress\/segunda\/wp-content\/uploads\/2026\/04\/DipPresFeminariIX2.jpg\" alt=\"\" class=\"wp-image-299375\" srcset=\"https:\/\/www.tucomarca.com\/wordpress\/segunda\/wp-content\/uploads\/2026\/04\/DipPresFeminariIX2.jpg 945w, https:\/\/www.tucomarca.com\/wordpress\/segunda\/wp-content\/uploads\/2026\/04\/DipPresFeminariIX2-300x203.jpg 300w, https:\/\/www.tucomarca.com\/wordpress\/segunda\/wp-content\/uploads\/2026\/04\/DipPresFeminariIX2-768x519.jpg 768w\" sizes=\"auto, (max-width: 945px) 100vw, 945px\" \/><\/figure>\n<\/figure>\n\n\n\n<p><\/p>\n\n\n\n<p><strong>Mesas de debate<\/strong><\/p>\n\n\n\n<p>El debate propiamente dicho se iniciar\u00e1 en la tarde del jueves con la profesora de Filosof\u00eda Moral de la UNED Ana de Miguel, la profesora de Sociolog\u00eda y directora del grupo de investigaci\u00f3n Viosex, Esther Torrado, y Carolina L\u00f3pez, superviviente de explotaci\u00f3n sexual y experta en violencias sexuales. La periodista y escritora Nuria Coronado moderar\u00e1 la mesa (18.30 h).<\/p>\n\n\n\n<p>La matinal del viernes se abrir\u00e1 a las 10.00 h con un nuevo debate a tres bandas, explorando esas nuevas v\u00edas de explotaci\u00f3n sexual a trav\u00e9s de las redes sociales y sus plataformas. Intervendr\u00e1n la maestra y presidenta de la Federaci\u00f3n de Mujeres J\u00f3venes, Laura Barrios; la polit\u00f3loga Julia Salander; y la investigadora y docente Lydia Delicado. La moderadora, en esta ocasi\u00f3n, ser\u00e1 la activista y divulgadora feminista Sindy Takanashi, que vivi\u00f3 en primera persona el drama de la explotaci\u00f3n sexual con apenas 17 a\u00f1os.<\/p>\n\n\n\n<p>La \u00faltima de las mesas de debate, antes de las conclusiones finales a cargo de la vicepresidenta Enguix, abordar\u00e1 la necesaria regulaci\u00f3n normativa del abolicionismo con la abogada Charo Carracedo y las periodistas Graciela Atencio y Kajsa Ekis Ekman. La psic\u00f3loga y agente de Igualdad de Oportunidades Laura Berja ejercer\u00e1 de moderadora (12.00 h).<\/p>\n\n\n\n<p><strong>Protecci\u00f3n social<\/strong><\/p>\n\n\n\n<p>El presidente Momp\u00f3 ha dejado claro el modelo que defiende la Diputaci\u00f3n: \u201cen primer lugar, la persecuci\u00f3n firme de las redes de tr\u00e1fico y explotaci\u00f3n; en segundo lugar, la protecci\u00f3n integral de las mujeres en situaci\u00f3n de prostituci\u00f3n con recursos reales y alternativas de vida; y en tercer lugar la convicci\u00f3n de que una sociedad que aspira a ser plenamente igualitaria no puede asumir la prostituci\u00f3n como elemento normalizado de su estructura social\u201d.<\/p>\n\n\n\n<p>En opini\u00f3n de Nat\u00e0lia Enguix, \u201cno puede haber abolicionismo sin derechos\u201d. La vicepresidenta de la Diputaci\u00f3n defiende que el feminismo \u201ces abolicionista\u201d, y propone modelos como el n\u00f3rdico, donde encontramos pa\u00edses como Suecia, Francia o Irlanda que penalizan la demanda y el proxenetismo, despenalizan a las mujeres y garantizan pol\u00edticas p\u00fablicas de recuperaci\u00f3n integral de las mujeres prostituidas.<\/p>\n\n\n\n<p>En el caso nacional, la responsable de Igualdad insiste en reivindicar ante el Gobierno central \u201cuna aut\u00e9ntica ley abolicionista de la prostituci\u00f3n que no se centre \u00fanicamente en la reforma del C\u00f3digo Penal\u201d. Enguix tiene claro que \u201cno puede haber abolici\u00f3n sin derechos, ya que la penalizaci\u00f3n de la demanda sin un sistema s\u00f3lido de protecci\u00f3n social puede aumentar la vulnerabilidad de las mujeres\u201d, ha concluido Enguix, quien invita a todas y todos a seguir el Feminario del 7 y 8 de mayo en la Petxina, o bien a trav\u00e9s del canal Youtube de la Diputaci\u00f3n.<\/p>\n","protected":false},"excerpt":{"rendered":"<div class=\"mh-excerpt\">La IX edici\u00f3n del foro de debate en clave feminista reunir\u00e1 el 7 y 8 de mayo en La Petxina a reconocidas abolicionistas como la polit\u00f3loga Julia Salander, la escritora Rosa Cobo y Sindy Takanashi, <a class=\"mh-excerpt-more\" href=\"https:\/\/www.tucomarca.com\/wordpress\/segunda\/el-ix-feminario-de-la-diputacio-reclama-una-ley-abolicionista-y-proteccion-social-para-las-mujeres-explotadas-sexualmente\/\" title=\"El IX Feminario de la Diputaci\u00f3 reclama una ley abolicionista y protecci\u00f3n social para las mujeres explotadas sexualmente\">[+] <\/a><\/div>\n","protected":false},"author":12,"featured_media":299377,"comment_status":"closed","ping_status":"open","sticky":false,"template":"","format":"gallery","meta":{"footnotes":""},"categories":[128,8,72,142,3,45],"tags":[3677,24174,24173],"class_list":{"0":"post-299370","1":"post","2":"type-post","3":"status-publish","4":"format-gallery","5":"has-post-thumbnail","7":"category-infraestructuras","8":"category-la-comarca","9":"category-sin-categorizar","10":"category-politica-la-comarca","11":"category-seccion","12":"category-ventana","13":"tag-diputacio-de-valencia","14":"tag-ix-edicion-del-foro-de-debate-en-clave-feminista","15":"tag-ix-feminario","16":"post_format-post-format-gallery"},"_links":{"self":[{"href":"https:\/\/www.tucomarca.com\/wordpress\/segunda\/wp-json\/wp\/v2\/posts\/299370","targetHints":{"allow":["GET"]}}],"collection":[{"href":"https:\/\/www.tucomarca.com\/wordpress\/segunda\/wp-json\/wp\/v2\/posts"}],"about":[{"href":"https:\/\/www.tucomarca.com\/wordpress\/segunda\/wp-json\/wp\/v2\/types\/post"}],"author":[{"embeddable":true,"href":"https:\/\/www.tucomarca.com\/wordpress\/segunda\/wp-json\/wp\/v2\/users\/12"}],"replies":[{"embeddable":true,"href":"https:\/\/www.tucomarca.com\/wordpress\/segunda\/wp-json\/wp\/v2\/comments?post=299370"}],"version-history":[{"count":5,"href":"https:\/\/www.tucomarca.com\/wordpress\/segunda\/wp-json\/wp\/v2\/posts\/299370\/revisions"}],"predecessor-version":[{"id":299395,"href":"https:\/\/www.tucomarca.com\/wordpress\/segunda\/wp-json\/wp\/v2\/posts\/299370\/revisions\/299395"}],"wp:featuredmedia":[{"embeddable":true,"href":"https:\/\/www.tucomarca.com\/wordpress\/segunda\/wp-json\/wp\/v2\/media\/299377"}],"wp:attachment":[{"href":"https:\/\/www.tucomarca.com\/wordpress\/segunda\/wp-json\/wp\/v2\/media?parent=299370"}],"wp:term":[{"taxonomy":"category","embeddable":true,"href":"https:\/\/www.tucomarca.com\/wordpress\/segunda\/wp-json\/wp\/v2\/categories?post=299370"},{"taxonomy":"post_tag","embeddable":true,"href":"https:\/\/www.tucomarca.com\/wordpress\/segunda\/wp-json\/wp\/v2\/tags?post=299370"}],"curies":[{"name":"wp","href":"https:\/\/api.w.org\/{rel}","templated":true}]}}