{"id":299384,"date":"2026-04-20T10:35:00","date_gmt":"2026-04-20T08:35:00","guid":{"rendered":"https:\/\/www.tucomarca.com\/wordpress\/segunda\/?p=299384"},"modified":"2026-04-20T21:05:13","modified_gmt":"2026-04-20T19:05:13","slug":"el-programa-sarc-en-los-pueblos-de-la-diputacio-destina-3-526-000-euros-para-la-programacion-cultural-de-la-provincia","status":"publish","type":"post","link":"https:\/\/www.tucomarca.com\/wordpress\/segunda\/el-programa-sarc-en-los-pueblos-de-la-diputacio-destina-3-526-000-euros-para-la-programacion-cultural-de-la-provincia\/","title":{"rendered":"El programa &#8216;SARC en los pueblos&#8217; de la Diputaci\u00f3 destina 3.526.000 euros para la programaci\u00f3n cultural de la provincia"},"content":{"rendered":"\n<h3 class=\"wp-block-heading\">Como novedad, los ayuntamientos recibir\u00e1n de manera inmediata un 80% de la subvenci\u00f3n concedida.<\/h3>\n\n\n\n<h3 class=\"wp-block-heading\">El objetivo del SARC es ayudar a crear y sufragar las programaciones culturales de los municipios, especialmente las de los m\u00e1s peque\u00f1os, y que la ciudadan\u00eda pueda disponer de una oferta cultural diversificada y de calidad.<\/h3>\n\n\n\n<p>Los ayuntamientos de la provincia de Valencia ya pueden pedir las ayudas del programa &#8216;SARC en los pueblos 2026&#8217; para sufragar su programaci\u00f3n cultural anual a trav\u00e9s de la convocatoria publicada en el BOP el 14 de abril. El programa est\u00e1 dotado con un presupuesto de 3.526.000 euros para llegar a todos los municipios y entidades locales menores que solicitan las ayudas. De hecho, en 2025 cubri\u00f3 el pago de las programaciones culturales de pr\u00e1cticamente la totalidad de municipios y entidades locales menores de la provincia.&nbsp;<\/p>\n\n\n\n<p>Como novedad, en la convocatoria de &#8216;SARC en los pueblos 2026&#8217;, los ayuntamientos recibir\u00e1n casi de manera inmediata un 80% de la subvenci\u00f3n para hacer frente a los gastos de las actividades incluidas dentro de la programaci\u00f3n de cada municipio. El 20% restante lo recibir\u00e1n cuando presenten la justificaci\u00f3n antes del 1 de diciembre de 2026, en plazo voluntario, o, como m\u00e1ximo, el 25 de enero de 2027 como plazo final.<\/p>\n\n\n\n<p>Adem\u00e1s de las artes esc\u00e9nicas, pl\u00e1sticas, audiovisuales, m\u00fasica, talleres o tradiciones que pueden formar parte de las programaciones, tambi\u00e9n se contemplan las ayudas en los municipios de menos de 5.000 habitantes que podr\u00e1n incluir actividades l\u00fadico-festivas en su programaci\u00f3n.<\/p>\n\n\n\n<p>Estas ayudas tienen como finalidad favorecer y apoyar en la planificaci\u00f3n y ejecuci\u00f3n de las programaciones culturales municipales, con el objetivo principal de que la ciudadan\u00eda tenga una oferta cultural diversificada y de calidad.<\/p>\n\n\n\n<p>La fase de presentaci\u00f3n de solicitudes estar\u00e1 abierta hasta el 6 de mayo de 2026 (incluido), y las instrucciones y modelos de solicitud est\u00e1n disponibles en la web del SARC. Asimismo, los t\u00e9cnicos del servicio est\u00e1n a disposici\u00f3n de los municipios para ofrecer informaci\u00f3n detallada sobre las actividades y el proceso de tramitaci\u00f3n.<\/p>\n\n\n\n<p>El diputado de Cultura, Paco Teruel, se\u00f1ala que la cultura \u00abno puede depender del tama\u00f1o del municipio ni del c\u00f3digo postal. Y eso es exactamente lo que persigue el SARC: garantizar que cualquier valenciano tenga acceso a una programaci\u00f3n cultural digna, diversa y de calidad\u00bb.<\/p>\n\n\n\n<p>Asimismo, el responsable de Cultura de la corporaci\u00f3n provincial destaca que \u00abadem\u00e1s, reforzamos el apoyo a los municipios m\u00e1s peque\u00f1os, permiti\u00e9ndoles incluir tambi\u00e9n actividades l\u00fadico-festivas, porque entendemos la cultura en un sentido amplio, como un elemento de cohesi\u00f3n social, de identidad y tambi\u00e9n de dinamizaci\u00f3n econ\u00f3mica\u00bb.<\/p>\n\n\n\n<figure class=\"wp-block-image size-full\"><img loading=\"lazy\" decoding=\"async\" width=\"945\" height=\"638\" src=\"https:\/\/www.tucomarca.com\/wordpress\/segunda\/wp-content\/uploads\/2026\/04\/SARCTallerdeCirc.jpg\" alt=\"\" class=\"wp-image-299386\" srcset=\"https:\/\/www.tucomarca.com\/wordpress\/segunda\/wp-content\/uploads\/2026\/04\/SARCTallerdeCirc.jpg 945w, https:\/\/www.tucomarca.com\/wordpress\/segunda\/wp-content\/uploads\/2026\/04\/SARCTallerdeCirc-300x203.jpg 300w, https:\/\/www.tucomarca.com\/wordpress\/segunda\/wp-content\/uploads\/2026\/04\/SARCTallerdeCirc-768x519.jpg 768w\" sizes=\"auto, (max-width: 945px) 100vw, 945px\" \/><\/figure>\n\n\n\n<p><\/p>\n\n\n\n<p><strong>Herramientas&nbsp;<\/strong><\/p>\n\n\n\n<p>El SARC pone a disposici\u00f3n de los agentes culturales el Cat\u00e1logo de Actividades Culturales, que cuenta con 2191 actividades proporcionadas por los profesionales del sector y recoge toda la informaci\u00f3n de las propuestas y espect\u00e1culos de empresas, profesionales aut\u00f3nomos y asociaciones culturales de la provincia de Valencia, para que los ayuntamientos conozcan toda la oferta y puedan elaborar sus programaciones culturales municipales. Se puede encontrar en el enlace: https:\/\/sarc.dival.es\/entitats-locals\/cataleg-sarc\/<\/p>\n","protected":false},"excerpt":{"rendered":"<div class=\"mh-excerpt\">Como novedad, los ayuntamientos recibir\u00e1n de manera inmediata un 80% de la subvenci\u00f3n concedida. El objetivo del SARC es ayudar a crear y sufragar las programaciones culturales de los municipios, especialmente las de los m\u00e1s <a class=\"mh-excerpt-more\" href=\"https:\/\/www.tucomarca.com\/wordpress\/segunda\/el-programa-sarc-en-los-pueblos-de-la-diputacio-destina-3-526-000-euros-para-la-programacion-cultural-de-la-provincia\/\" title=\"El programa &#8216;SARC en los pueblos&#8217; de la Diputaci\u00f3 destina 3.526.000 euros para la programaci\u00f3n cultural de la provincia\">[+] <\/a><\/div>\n","protected":false},"author":12,"featured_media":299388,"comment_status":"closed","ping_status":"open","sticky":false,"template":"","format":"standard","meta":{"footnotes":""},"categories":[8,72,7,3,45],"tags":[3677,1632],"class_list":{"0":"post-299384","1":"post","2":"type-post","3":"status-publish","4":"format-standard","5":"has-post-thumbnail","7":"category-la-comarca","8":"category-sin-categorizar","9":"category-ocio-y-cultura","10":"category-seccion","11":"category-ventana","12":"tag-diputacio-de-valencia","13":"tag-sarc"},"_links":{"self":[{"href":"https:\/\/www.tucomarca.com\/wordpress\/segunda\/wp-json\/wp\/v2\/posts\/299384","targetHints":{"allow":["GET"]}}],"collection":[{"href":"https:\/\/www.tucomarca.com\/wordpress\/segunda\/wp-json\/wp\/v2\/posts"}],"about":[{"href":"https:\/\/www.tucomarca.com\/wordpress\/segunda\/wp-json\/wp\/v2\/types\/post"}],"author":[{"embeddable":true,"href":"https:\/\/www.tucomarca.com\/wordpress\/segunda\/wp-json\/wp\/v2\/users\/12"}],"replies":[{"embeddable":true,"href":"https:\/\/www.tucomarca.com\/wordpress\/segunda\/wp-json\/wp\/v2\/comments?post=299384"}],"version-history":[{"count":4,"href":"https:\/\/www.tucomarca.com\/wordpress\/segunda\/wp-json\/wp\/v2\/posts\/299384\/revisions"}],"predecessor-version":[{"id":299397,"href":"https:\/\/www.tucomarca.com\/wordpress\/segunda\/wp-json\/wp\/v2\/posts\/299384\/revisions\/299397"}],"wp:featuredmedia":[{"embeddable":true,"href":"https:\/\/www.tucomarca.com\/wordpress\/segunda\/wp-json\/wp\/v2\/media\/299388"}],"wp:attachment":[{"href":"https:\/\/www.tucomarca.com\/wordpress\/segunda\/wp-json\/wp\/v2\/media?parent=299384"}],"wp:term":[{"taxonomy":"category","embeddable":true,"href":"https:\/\/www.tucomarca.com\/wordpress\/segunda\/wp-json\/wp\/v2\/categories?post=299384"},{"taxonomy":"post_tag","embeddable":true,"href":"https:\/\/www.tucomarca.com\/wordpress\/segunda\/wp-json\/wp\/v2\/tags?post=299384"}],"curies":[{"name":"wp","href":"https:\/\/api.w.org\/{rel}","templated":true}]}}