{"id":299437,"date":"2026-04-22T10:15:00","date_gmt":"2026-04-22T08:15:00","guid":{"rendered":"https:\/\/www.tucomarca.com\/wordpress\/segunda\/?p=299437"},"modified":"2026-04-23T00:51:13","modified_gmt":"2026-04-22T22:51:13","slug":"bunol-acoge-un-taller-de-mindfulness-y-regulacion-emocional-organizado-por-la-asociacion-familias-valientes","status":"publish","type":"post","link":"https:\/\/www.tucomarca.com\/wordpress\/segunda\/bunol-acoge-un-taller-de-mindfulness-y-regulacion-emocional-organizado-por-la-asociacion-familias-valientes\/","title":{"rendered":"Bu\u00f1ol acoge un taller de mindfulness y regulaci\u00f3n emocional organizado por la Asociaci\u00f3n Familias Valientes"},"content":{"rendered":"\n<p>La Asociaci\u00f3n Familias Valientes de Bu\u00f1ol ha organizado un taller centrado en el mindfulness y la regulaci\u00f3n emocional, una iniciativa dirigida a mejorar el bienestar psicol\u00f3gico y ofrecer herramientas pr\u00e1cticas para la gesti\u00f3n de las emociones.<\/p>\n\n\n\n<p>La actividad se celebrar\u00e1 el pr\u00f3ximo 28 de abril a las 19:00 horas en la Sala Raga de Bu\u00f1ol y tendr\u00e1 una duraci\u00f3n aproximada de dos horas. El taller ser\u00e1 impartido por la psic\u00f3loga \u00c1ngela Lavar\u00edas, especialista en mindfulness, quien guiar\u00e1 a los asistentes en t\u00e9cnicas orientadas a reducir el estr\u00e9s y fomentar el equilibrio emocional.<\/p>\n\n\n\n<p>La participaci\u00f3n tiene un coste de 10 euros para personas no socias, mientras que ser\u00e1 gratuita para quienes formen parte de la asociaci\u00f3n. Debido al aforo limitado, es necesario inscribirse previamente a trav\u00e9s de WhatsApp en el n\u00famero 621 494 585.<\/p>\n\n\n\n<p>Esta iniciativa cuenta con la colaboraci\u00f3n del Ayuntamiento de Bu\u00f1ol y se enmarca dentro de las acciones promovidas por la asociaci\u00f3n para apoyar a las familias y promover h\u00e1bitos saludables desde el \u00e1mbito emocional. Informa, <strong>P. Ferrer<\/strong>.<\/p>\n","protected":false},"excerpt":{"rendered":"<div class=\"mh-excerpt\">La Asociaci\u00f3n Familias Valientes de Bu\u00f1ol ha organizado un taller centrado en el mindfulness y la regulaci\u00f3n emocional, una iniciativa dirigida a mejorar el bienestar psicol\u00f3gico y ofrecer herramientas pr\u00e1cticas para la gesti\u00f3n de las <a class=\"mh-excerpt-more\" href=\"https:\/\/www.tucomarca.com\/wordpress\/segunda\/bunol-acoge-un-taller-de-mindfulness-y-regulacion-emocional-organizado-por-la-asociacion-familias-valientes\/\" title=\"Bu\u00f1ol acoge un taller de mindfulness y regulaci\u00f3n emocional organizado por la Asociaci\u00f3n Familias Valientes\">[+] <\/a><\/div>\n","protected":false},"author":12,"featured_media":299439,"comment_status":"closed","ping_status":"open","sticky":false,"template":"","format":"standard","meta":{"footnotes":""},"categories":[4,18,8,10,7,3],"tags":[21877,10385,5952,1464],"class_list":{"0":"post-299437","1":"post","2":"type-post","3":"status-publish","4":"format-standard","5":"has-post-thumbnail","7":"category-agenda","8":"category-bunol","9":"category-la-comarca","10":"category-la-hoya","11":"category-ocio-y-cultura","12":"category-seccion","13":"tag-asociacion-familias-valientes","14":"tag-bunol","15":"tag-la-hoya-de-bunol-chiva","16":"tag-mindfulness"},"_links":{"self":[{"href":"https:\/\/www.tucomarca.com\/wordpress\/segunda\/wp-json\/wp\/v2\/posts\/299437","targetHints":{"allow":["GET"]}}],"collection":[{"href":"https:\/\/www.tucomarca.com\/wordpress\/segunda\/wp-json\/wp\/v2\/posts"}],"about":[{"href":"https:\/\/www.tucomarca.com\/wordpress\/segunda\/wp-json\/wp\/v2\/types\/post"}],"author":[{"embeddable":true,"href":"https:\/\/www.tucomarca.com\/wordpress\/segunda\/wp-json\/wp\/v2\/users\/12"}],"replies":[{"embeddable":true,"href":"https:\/\/www.tucomarca.com\/wordpress\/segunda\/wp-json\/wp\/v2\/comments?post=299437"}],"version-history":[{"count":2,"href":"https:\/\/www.tucomarca.com\/wordpress\/segunda\/wp-json\/wp\/v2\/posts\/299437\/revisions"}],"predecessor-version":[{"id":299653,"href":"https:\/\/www.tucomarca.com\/wordpress\/segunda\/wp-json\/wp\/v2\/posts\/299437\/revisions\/299653"}],"wp:featuredmedia":[{"embeddable":true,"href":"https:\/\/www.tucomarca.com\/wordpress\/segunda\/wp-json\/wp\/v2\/media\/299439"}],"wp:attachment":[{"href":"https:\/\/www.tucomarca.com\/wordpress\/segunda\/wp-json\/wp\/v2\/media?parent=299437"}],"wp:term":[{"taxonomy":"category","embeddable":true,"href":"https:\/\/www.tucomarca.com\/wordpress\/segunda\/wp-json\/wp\/v2\/categories?post=299437"},{"taxonomy":"post_tag","embeddable":true,"href":"https:\/\/www.tucomarca.com\/wordpress\/segunda\/wp-json\/wp\/v2\/tags?post=299437"}],"curies":[{"name":"wp","href":"https:\/\/api.w.org\/{rel}","templated":true}]}}