{"id":299452,"date":"2026-04-21T11:00:00","date_gmt":"2026-04-21T09:00:00","guid":{"rendered":"https:\/\/www.tucomarca.com\/wordpress\/segunda\/?p=299452"},"modified":"2026-04-21T18:19:22","modified_gmt":"2026-04-21T16:19:22","slug":"la-generalitat-financia-un-sistema-inteligente-para-gestionar-el-acceso-a-instalaciones-municipales-en-enguera-de-forma-remota-y-automatizada","status":"publish","type":"post","link":"https:\/\/www.tucomarca.com\/wordpress\/segunda\/la-generalitat-financia-un-sistema-inteligente-para-gestionar-el-acceso-a-instalaciones-municipales-en-enguera-de-forma-remota-y-automatizada\/","title":{"rendered":"La Generalitat financia un sistema inteligente para gestionar el acceso a instalaciones municipales en Enguera de forma remota y automatizada"},"content":{"rendered":"\n<h3 class=\"wp-block-heading\">La consellera Mari\u00e1n Cano se re\u00fane con la alcaldesa del municipio para conocer este proyecto de digitalizaci\u00f3n, que ha apoyado su departamento.<\/h3>\n\n\n\n<h3 class=\"wp-block-heading\">El sistema permite la reserva online de espacios de la Casa de la Cultura y la apertura automatizada de puertas mediante c\u00f3digo QR.<\/h3>\n\n\n\n<p>La Conselleria de Industria, Turismo, Innovaci\u00f3n y Comercio ha financiado el desarrollo de un sistema inteligente y para el control de accesos en instalaciones municipales de Enguera, que ya se ha implementado con \u00e9xito en la Casa de la Cultura, un edificio hist\u00f3rico que alberga, entre otros servicios, la biblioteca, salas de reuniones y actos, as\u00ed como el museo etnol\u00f3gico de la localidad.<\/p>\n\n\n\n<p>La consellera de Industria, Turismo, Innovaci\u00f3n y Comercio, Mari\u00e1n Cano, se ha reunido con la corporaci\u00f3n municipal, encabezada por la alcaldesa de Enguera, Mar\u00eda Matilde Mar\u00edn, para conocer esta iniciativa, desarrollada con el apoyo del programa Territorios Innovadores. Este programa, impulsado por la Direcci\u00f3n General de Innovaci\u00f3n, tiene como objetivo fomentar la I+D+i aplicada al \u00e1mbito municipal.<\/p>\n\n\n\n<p>El proyecto, que ha recibido 21.500 euros de ayudas p\u00fablicas, ha permitido desplegar un sistema de control digitalizado de accesos que facilita la reserva remota de espacios y la apertura automatizada de puertas, seg\u00fan ha explicado la consellera. Gracias a este sistema se ha eliminado el uso de llaves f\u00edsicas y se ha simplificado la gesti\u00f3n de turnos, horarios y autorizaciones, que hasta ahora realizaba el personal municipal.<\/p>\n\n\n\n<p>Para Mari\u00e1n Cano, este desarrollo tecnol\u00f3gico es \u201cun claro ejemplo\u201d del potencial de la digitalizaci\u00f3n para mejorar los servicios p\u00fablicos. \u201cLos vecinos y vecinas de Enguera y su tejido asociativo disponen ahora de un m\u00e9todo mucho m\u00e1s c\u00f3modo para reservar y acceder a las instalaciones municipales, al tiempo que el consistorio gana tambi\u00e9n en eficiencia operativa\u201d, ha resaltado.<\/p>\n\n\n\n<p>El sistema implantado en Enguera no solo permite la reserva online de espacios por franjas horarias, sino que automatiza la apertura de puertas mediante la lectura de un c\u00f3digo QR que se genera tras el registro de la solicitud por parte del usuario.<\/p>\n\n\n\n<p><strong>Impulso a la innovaci\u00f3n municipal<\/strong><\/p>\n\n\n\n<p>La iniciativa responde al compromiso del Consell de impulsar la innovaci\u00f3n con un enfoque territorial, a trav\u00e9s de un programa espec\u00edfico de ayudas dirigidas a entidades locales, que este a\u00f1o cuenta con un presupuesto de cuatro millones de euros. \u201cQueremos llevar la innovaci\u00f3n a todos los consistorios de la Comunitat Valenciana, independientemente de su tama\u00f1o\u201d, ha a\u00f1adido la consellera.<\/p>\n\n\n\n<p>Por su parte, la alcaldesa de Enguera ha subrayado el \u00e9xito de este proyecto piloto, que ha optimizado la gesti\u00f3n de los espacios de la Casa de Cultura, incrementando su disponibilidad para actividades comunitarias y reforzando, adem\u00e1s, su papel central en la vida cultural del municipio.<\/p>\n\n\n\n<p>\u201cLa automatizaci\u00f3n de turnos y horarios garantiza que el sal\u00f3n de actos, la biblioteca o la sala de reuniones est\u00e9n libres cuando corresponde, evitando posibles solapamientos, y permite que el personal pueda dedicar menos tiempo a tareas administrativas\u201d, ha destacado Mar\u00edn.<\/p>\n\n\n\n<p>El proyecto se circunscribe, por ahora, a este edificio hist\u00f3rico, si bien el consistorio contempla la posibilidad de extenderlo a otras instalaciones municipales, como el museo arqueol\u00f3gico o los centros deportivos, e incluso incorporar nuevas funcionalidades como el conteo de aforo, la gesti\u00f3n remota de espacios o sistemas de pago integrados.<\/p>\n","protected":false},"excerpt":{"rendered":"<div class=\"mh-excerpt\">La consellera Mari\u00e1n Cano se re\u00fane con la alcaldesa del municipio para conocer este proyecto de digitalizaci\u00f3n, que ha apoyado su departamento. El sistema permite la reserva online de espacios de la Casa de la <a class=\"mh-excerpt-more\" href=\"https:\/\/www.tucomarca.com\/wordpress\/segunda\/la-generalitat-financia-un-sistema-inteligente-para-gestionar-el-acceso-a-instalaciones-municipales-en-enguera-de-forma-remota-y-automatizada\/\" title=\"La Generalitat financia un sistema inteligente para gestionar el acceso a instalaciones municipales en Enguera de forma remota y automatizada\">[+] <\/a><\/div>\n","protected":false},"author":12,"featured_media":299454,"comment_status":"closed","ping_status":"open","sticky":false,"template":"","format":"standard","meta":{"footnotes":""},"categories":[79,128,70,8,72,142,3,45],"tags":[10406,10716,1452,703],"class_list":{"0":"post-299452","1":"post","2":"type-post","3":"status-publish","4":"format-standard","5":"has-post-thumbnail","7":"category-enguera","8":"category-infraestructuras","9":"category-la-canal-de-navarres","10":"category-la-comarca","11":"category-sin-categorizar","12":"category-politica-la-comarca","13":"category-seccion","14":"category-ventana","15":"tag-enguera","16":"tag-generalitat-valenciana","17":"tag-la-canal-de-navarres-2","18":"tag-turismo"},"_links":{"self":[{"href":"https:\/\/www.tucomarca.com\/wordpress\/segunda\/wp-json\/wp\/v2\/posts\/299452","targetHints":{"allow":["GET"]}}],"collection":[{"href":"https:\/\/www.tucomarca.com\/wordpress\/segunda\/wp-json\/wp\/v2\/posts"}],"about":[{"href":"https:\/\/www.tucomarca.com\/wordpress\/segunda\/wp-json\/wp\/v2\/types\/post"}],"author":[{"embeddable":true,"href":"https:\/\/www.tucomarca.com\/wordpress\/segunda\/wp-json\/wp\/v2\/users\/12"}],"replies":[{"embeddable":true,"href":"https:\/\/www.tucomarca.com\/wordpress\/segunda\/wp-json\/wp\/v2\/comments?post=299452"}],"version-history":[{"count":2,"href":"https:\/\/www.tucomarca.com\/wordpress\/segunda\/wp-json\/wp\/v2\/posts\/299452\/revisions"}],"predecessor-version":[{"id":299495,"href":"https:\/\/www.tucomarca.com\/wordpress\/segunda\/wp-json\/wp\/v2\/posts\/299452\/revisions\/299495"}],"wp:featuredmedia":[{"embeddable":true,"href":"https:\/\/www.tucomarca.com\/wordpress\/segunda\/wp-json\/wp\/v2\/media\/299454"}],"wp:attachment":[{"href":"https:\/\/www.tucomarca.com\/wordpress\/segunda\/wp-json\/wp\/v2\/media?parent=299452"}],"wp:term":[{"taxonomy":"category","embeddable":true,"href":"https:\/\/www.tucomarca.com\/wordpress\/segunda\/wp-json\/wp\/v2\/categories?post=299452"},{"taxonomy":"post_tag","embeddable":true,"href":"https:\/\/www.tucomarca.com\/wordpress\/segunda\/wp-json\/wp\/v2\/tags?post=299452"}],"curies":[{"name":"wp","href":"https:\/\/api.w.org\/{rel}","templated":true}]}}