{"id":299460,"date":"2026-04-21T10:00:00","date_gmt":"2026-04-21T08:00:00","guid":{"rendered":"https:\/\/www.tucomarca.com\/wordpress\/segunda\/?p=299460"},"modified":"2026-04-21T18:27:49","modified_gmt":"2026-04-21T16:27:49","slug":"mas-de-250-antiguos-alumnos-del-colegio-sagrada-familia-atalaya-de-bunol-celebran-un-emotivo-encuentro-en-el-centro","status":"publish","type":"post","link":"https:\/\/www.tucomarca.com\/wordpress\/segunda\/mas-de-250-antiguos-alumnos-del-colegio-sagrada-familia-atalaya-de-bunol-celebran-un-emotivo-encuentro-en-el-centro\/","title":{"rendered":"M\u00e1s de 250 antiguos alumnos del Colegio Sagrada Familia-Atalaya de Bu\u00f1ol celebran un emotivo encuentro en el centro"},"content":{"rendered":"\n<h3 class=\"wp-block-heading\">En este encuentro destac\u00f3 la asistencia de Marisa Galarza, la docente m\u00e1s veterana del centro, cuya trayectoria dej\u00f3 una huella imborrable en varias generaciones de alumnos.<\/h3>\n\n\n\n<p>El Colegio Sagrada Familia-Atalaya celebr\u00f3\u00a0el pasado viernes, 17 de abril, un emotivo encuentro de antiguos alumnos que reuni\u00f3 a cerca de 250\u00a0ex-alumnos\u00a0en sus instalaciones. La jornada, marcada por la cercan\u00eda y la nostalgia, se convirti\u00f3 en un espacio de reencuentro donde los asistentes pudieron revivir experiencias compartidas, recordar an\u00e9cdotas de su etapa escolar y ponerse al d\u00eda tras a\u00f1os sin coincidir.<\/p>\n\n\n\n<p>El evento cont\u00f3 tambi\u00e9n con la presencia de antiguos profesores, entre los que destac\u00f3 la asistencia de Marisa Galarza, la docente m\u00e1s veterana del centro, cuya trayectoria dej\u00f3 una huella imborrable en varias generaciones de alumnos.<\/p>\n\n\n\n<p>Durante el encuentro, los participantes realizaron un recorrido por las instalaciones del colegio, visitando aulas y espacios emblem\u00e1ticos que forman parte de la memoria colectiva de la comunidad educativa. La jornada concluy\u00f3 con un agradable piscolabis en el patio del centro, donde continuaron las conversaciones y el intercambio de recuerdos en un ambiente distendido y familiar.<\/p>\n\n\n\n<p>Este encuentro ha tenido como uno de sus principales objetivos sentar las bases para la creaci\u00f3n de una Asociaci\u00f3n de Antiguos Alumnos. La iniciativa busca fomentar el v\u00ednculo entre quienes han formado parte del colegio, promoviendo actividades, encuentros peri\u00f3dicos y nuevas formas de colaboraci\u00f3n que permitan a los exalumnos seguir sintiendo el centro como su casa.<\/p>\n\n\n\n<p>Desde la direcci\u00f3n del Colegio Sagrada Familia-Atalaya se valora muy positivamente la acogida de esta iniciativa, destacando el entusiasmo y la implicaci\u00f3n de los asistentes. Asimismo, se manifiesta la intenci\u00f3n de dar continuidad a este tipo de encuentros en el futuro, consolidando una red activa y participativa de antiguos alumnos.<\/p>\n\n\n\n<p>Sin duda, la jornada ha sido un reflejo del fuerte sentimiento de pertenencia que caracteriza a la comunidad educativa del centro, as\u00ed como del impacto duradero que la experiencia escolar deja en quienes han formado parte de ella.<\/p>\n\n\n\n<p>Os dejamos algunas fotos de dicho encuentro, as\u00ed como el enlace del resumen del evento:<\/p>\n\n\n\n<p><a href=\"https:\/\/www.instagram.com\/reel\/DXXJXObCLQ_\/?igsh=MW54MjJqcmYxaGdoOA==\">https:\/\/www.instagram.com\/reel\/DXXJXObCLQ_\/?igsh=MW54MjJqcmYxaGdoOA==<\/a><\/p>\n\n\n\n<figure class=\"wp-block-gallery has-nested-images columns-1 is-cropped wp-block-gallery-1 is-layout-flex wp-block-gallery-is-layout-flex\">\n<figure class=\"wp-block-image size-large\"><img loading=\"lazy\" decoding=\"async\" width=\"945\" height=\"638\" data-id=\"299467\" src=\"https:\/\/www.tucomarca.com\/wordpress\/segunda\/wp-content\/uploads\/2026\/04\/AtalayaEncuentro3.jpg\" alt=\"\" class=\"wp-image-299467\" srcset=\"https:\/\/www.tucomarca.com\/wordpress\/segunda\/wp-content\/uploads\/2026\/04\/AtalayaEncuentro3.jpg 945w, https:\/\/www.tucomarca.com\/wordpress\/segunda\/wp-content\/uploads\/2026\/04\/AtalayaEncuentro3-300x203.jpg 300w, https:\/\/www.tucomarca.com\/wordpress\/segunda\/wp-content\/uploads\/2026\/04\/AtalayaEncuentro3-768x519.jpg 768w\" sizes=\"auto, (max-width: 945px) 100vw, 945px\" \/><\/figure>\n\n\n\n<figure class=\"wp-block-image size-large\"><img loading=\"lazy\" decoding=\"async\" width=\"945\" height=\"638\" data-id=\"299469\" src=\"https:\/\/www.tucomarca.com\/wordpress\/segunda\/wp-content\/uploads\/2026\/04\/AtalayaEncuentro4.jpg\" alt=\"\" class=\"wp-image-299469\" srcset=\"https:\/\/www.tucomarca.com\/wordpress\/segunda\/wp-content\/uploads\/2026\/04\/AtalayaEncuentro4.jpg 945w, https:\/\/www.tucomarca.com\/wordpress\/segunda\/wp-content\/uploads\/2026\/04\/AtalayaEncuentro4-300x203.jpg 300w, https:\/\/www.tucomarca.com\/wordpress\/segunda\/wp-content\/uploads\/2026\/04\/AtalayaEncuentro4-768x519.jpg 768w\" sizes=\"auto, (max-width: 945px) 100vw, 945px\" \/><\/figure>\n\n\n\n<figure class=\"wp-block-image size-large\"><img loading=\"lazy\" decoding=\"async\" width=\"945\" height=\"638\" data-id=\"299471\" src=\"https:\/\/www.tucomarca.com\/wordpress\/segunda\/wp-content\/uploads\/2026\/04\/AtalayaEncuentro5.jpg\" alt=\"\" class=\"wp-image-299471\" srcset=\"https:\/\/www.tucomarca.com\/wordpress\/segunda\/wp-content\/uploads\/2026\/04\/AtalayaEncuentro5.jpg 945w, https:\/\/www.tucomarca.com\/wordpress\/segunda\/wp-content\/uploads\/2026\/04\/AtalayaEncuentro5-300x203.jpg 300w, https:\/\/www.tucomarca.com\/wordpress\/segunda\/wp-content\/uploads\/2026\/04\/AtalayaEncuentro5-768x519.jpg 768w\" sizes=\"auto, (max-width: 945px) 100vw, 945px\" \/><\/figure>\n\n\n\n<figure class=\"wp-block-image size-large\"><img loading=\"lazy\" decoding=\"async\" width=\"768\" height=\"1024\" data-id=\"299465\" src=\"https:\/\/www.tucomarca.com\/wordpress\/segunda\/wp-content\/uploads\/2026\/04\/AtalayaEncuentro1-768x1024.jpg\" alt=\"\" class=\"wp-image-299465\" srcset=\"https:\/\/www.tucomarca.com\/wordpress\/segunda\/wp-content\/uploads\/2026\/04\/AtalayaEncuentro1-768x1024.jpg 768w, https:\/\/www.tucomarca.com\/wordpress\/segunda\/wp-content\/uploads\/2026\/04\/AtalayaEncuentro1-225x300.jpg 225w, https:\/\/www.tucomarca.com\/wordpress\/segunda\/wp-content\/uploads\/2026\/04\/AtalayaEncuentro1.jpg 886w\" sizes=\"auto, (max-width: 768px) 100vw, 768px\" \/><\/figure>\n<\/figure>\n","protected":false},"excerpt":{"rendered":"<div class=\"mh-excerpt\">En este encuentro destac\u00f3 la asistencia de Marisa Galarza, la docente m\u00e1s veterana del centro, cuya trayectoria dej\u00f3 una huella imborrable en varias generaciones de alumnos. El Colegio Sagrada Familia-Atalaya celebr\u00f3\u00a0el pasado viernes, 17 de <a class=\"mh-excerpt-more\" href=\"https:\/\/www.tucomarca.com\/wordpress\/segunda\/mas-de-250-antiguos-alumnos-del-colegio-sagrada-familia-atalaya-de-bunol-celebran-un-emotivo-encuentro-en-el-centro\/\" title=\"M\u00e1s de 250 antiguos alumnos del Colegio Sagrada Familia-Atalaya de Bu\u00f1ol celebran un emotivo encuentro en el centro\">[+] <\/a><\/div>\n","protected":false},"author":12,"featured_media":299463,"comment_status":"closed","ping_status":"open","sticky":false,"template":"","format":"gallery","meta":{"footnotes":""},"categories":[18,8,10,5,7,3],"tags":[10385,5952],"class_list":{"0":"post-299460","1":"post","2":"type-post","3":"status-publish","4":"format-gallery","5":"has-post-thumbnail","7":"category-bunol","8":"category-la-comarca","9":"category-la-hoya","10":"category-la-semana-en-imagenes","11":"category-ocio-y-cultura","12":"category-seccion","13":"tag-bunol","14":"tag-la-hoya-de-bunol-chiva","15":"post_format-post-format-gallery"},"_links":{"self":[{"href":"https:\/\/www.tucomarca.com\/wordpress\/segunda\/wp-json\/wp\/v2\/posts\/299460","targetHints":{"allow":["GET"]}}],"collection":[{"href":"https:\/\/www.tucomarca.com\/wordpress\/segunda\/wp-json\/wp\/v2\/posts"}],"about":[{"href":"https:\/\/www.tucomarca.com\/wordpress\/segunda\/wp-json\/wp\/v2\/types\/post"}],"author":[{"embeddable":true,"href":"https:\/\/www.tucomarca.com\/wordpress\/segunda\/wp-json\/wp\/v2\/users\/12"}],"replies":[{"embeddable":true,"href":"https:\/\/www.tucomarca.com\/wordpress\/segunda\/wp-json\/wp\/v2\/comments?post=299460"}],"version-history":[{"count":5,"href":"https:\/\/www.tucomarca.com\/wordpress\/segunda\/wp-json\/wp\/v2\/posts\/299460\/revisions"}],"predecessor-version":[{"id":299516,"href":"https:\/\/www.tucomarca.com\/wordpress\/segunda\/wp-json\/wp\/v2\/posts\/299460\/revisions\/299516"}],"wp:featuredmedia":[{"embeddable":true,"href":"https:\/\/www.tucomarca.com\/wordpress\/segunda\/wp-json\/wp\/v2\/media\/299463"}],"wp:attachment":[{"href":"https:\/\/www.tucomarca.com\/wordpress\/segunda\/wp-json\/wp\/v2\/media?parent=299460"}],"wp:term":[{"taxonomy":"category","embeddable":true,"href":"https:\/\/www.tucomarca.com\/wordpress\/segunda\/wp-json\/wp\/v2\/categories?post=299460"},{"taxonomy":"post_tag","embeddable":true,"href":"https:\/\/www.tucomarca.com\/wordpress\/segunda\/wp-json\/wp\/v2\/tags?post=299460"}],"curies":[{"name":"wp","href":"https:\/\/api.w.org\/{rel}","templated":true}]}}