{"id":299487,"date":"2026-04-21T11:10:00","date_gmt":"2026-04-21T09:10:00","guid":{"rendered":"https:\/\/www.tucomarca.com\/wordpress\/segunda\/?p=299487"},"modified":"2026-04-21T19:24:44","modified_gmt":"2026-04-21T17:24:44","slug":"el-comite-de-empresa-de-elaborados-carnicos-medina-realiza-su-primer-dia-de-huelga-a-las-puertas-de-la-empresa-en-bunol","status":"publish","type":"post","link":"https:\/\/www.tucomarca.com\/wordpress\/segunda\/el-comite-de-empresa-de-elaborados-carnicos-medina-realiza-su-primer-dia-de-huelga-a-las-puertas-de-la-empresa-en-bunol\/","title":{"rendered":"El Comit\u00e9 de Empresa de Elaborados C\u00e1rnicos Medina realiza su primer d\u00eda de huelga a las puertas de la empresa en Bu\u00f1ol"},"content":{"rendered":"\n<p>El Comit\u00e9 de Empresa de <strong>Elaborados C\u00e1rnicos Medina<\/strong> ha comunicado que tras la paralizaci\u00f3n de ayer de las negociaciones del convenio de empresa entre la direcci\u00f3n de la empresa y el Comit\u00e9 de Huelga, este martes se ha ejercido el primer d\u00eda de convocatoria de huelga, ajustado a la ley y respetando los derechos de todas las personas trabajadoras.\u00a0<\/p>\n\n\n\n<p>\u00abDesde primera hora se han realizado piquetes informativos y concentraciones a las puertas de la empresa, con una alt\u00edsima participaci\u00f3n, se ha paralizado la mayor\u00eda de las secciones de la empresa, con los trabajadores concienciados en la defensa de sus derechos y de la lucha por un convenio colectivo digno y justo\u00bb, tal como han informado desde el Comit\u00e9 de Empresa.\u00a0<\/p>\n\n\n\n<figure class=\"wp-block-gallery has-nested-images columns-2 is-cropped wp-block-gallery-1 is-layout-flex wp-block-gallery-is-layout-flex\">\n<figure class=\"wp-block-image size-large\"><img loading=\"lazy\" decoding=\"async\" width=\"1024\" height=\"768\" data-id=\"299498\" src=\"https:\/\/www.tucomarca.com\/wordpress\/segunda\/wp-content\/uploads\/2026\/04\/HuelgaCarnicasBunol02-1024x768.jpeg\" alt=\"\" class=\"wp-image-299498\" srcset=\"https:\/\/www.tucomarca.com\/wordpress\/segunda\/wp-content\/uploads\/2026\/04\/HuelgaCarnicasBunol02-1024x768.jpeg 1024w, https:\/\/www.tucomarca.com\/wordpress\/segunda\/wp-content\/uploads\/2026\/04\/HuelgaCarnicasBunol02-300x225.jpeg 300w, https:\/\/www.tucomarca.com\/wordpress\/segunda\/wp-content\/uploads\/2026\/04\/HuelgaCarnicasBunol02-768x576.jpeg 768w, https:\/\/www.tucomarca.com\/wordpress\/segunda\/wp-content\/uploads\/2026\/04\/HuelgaCarnicasBunol02-1536x1152.jpeg 1536w, https:\/\/www.tucomarca.com\/wordpress\/segunda\/wp-content\/uploads\/2026\/04\/HuelgaCarnicasBunol02-678x509.jpeg 678w, https:\/\/www.tucomarca.com\/wordpress\/segunda\/wp-content\/uploads\/2026\/04\/HuelgaCarnicasBunol02-326x245.jpeg 326w, https:\/\/www.tucomarca.com\/wordpress\/segunda\/wp-content\/uploads\/2026\/04\/HuelgaCarnicasBunol02-80x60.jpeg 80w, https:\/\/www.tucomarca.com\/wordpress\/segunda\/wp-content\/uploads\/2026\/04\/HuelgaCarnicasBunol02.jpeg 2048w\" sizes=\"auto, (max-width: 1024px) 100vw, 1024px\" \/><\/figure>\n\n\n\n<figure class=\"wp-block-image size-large\"><img loading=\"lazy\" decoding=\"async\" width=\"1024\" height=\"768\" data-id=\"299502\" src=\"https:\/\/www.tucomarca.com\/wordpress\/segunda\/wp-content\/uploads\/2026\/04\/HuelgaCarnicasBunol04-1024x768.jpeg\" alt=\"\" class=\"wp-image-299502\" srcset=\"https:\/\/www.tucomarca.com\/wordpress\/segunda\/wp-content\/uploads\/2026\/04\/HuelgaCarnicasBunol04-1024x768.jpeg 1024w, https:\/\/www.tucomarca.com\/wordpress\/segunda\/wp-content\/uploads\/2026\/04\/HuelgaCarnicasBunol04-300x225.jpeg 300w, https:\/\/www.tucomarca.com\/wordpress\/segunda\/wp-content\/uploads\/2026\/04\/HuelgaCarnicasBunol04-768x576.jpeg 768w, https:\/\/www.tucomarca.com\/wordpress\/segunda\/wp-content\/uploads\/2026\/04\/HuelgaCarnicasBunol04-1536x1152.jpeg 1536w, https:\/\/www.tucomarca.com\/wordpress\/segunda\/wp-content\/uploads\/2026\/04\/HuelgaCarnicasBunol04-678x509.jpeg 678w, https:\/\/www.tucomarca.com\/wordpress\/segunda\/wp-content\/uploads\/2026\/04\/HuelgaCarnicasBunol04-326x245.jpeg 326w, https:\/\/www.tucomarca.com\/wordpress\/segunda\/wp-content\/uploads\/2026\/04\/HuelgaCarnicasBunol04-80x60.jpeg 80w, https:\/\/www.tucomarca.com\/wordpress\/segunda\/wp-content\/uploads\/2026\/04\/HuelgaCarnicasBunol04.jpeg 2000w\" sizes=\"auto, (max-width: 1024px) 100vw, 1024px\" \/><\/figure>\n\n\n\n<figure class=\"wp-block-image size-large\"><img loading=\"lazy\" decoding=\"async\" width=\"1024\" height=\"768\" data-id=\"299504\" src=\"https:\/\/www.tucomarca.com\/wordpress\/segunda\/wp-content\/uploads\/2026\/04\/HuelgaCarnicasBunol05-1024x768.jpeg\" alt=\"\" class=\"wp-image-299504\" srcset=\"https:\/\/www.tucomarca.com\/wordpress\/segunda\/wp-content\/uploads\/2026\/04\/HuelgaCarnicasBunol05-1024x768.jpeg 1024w, https:\/\/www.tucomarca.com\/wordpress\/segunda\/wp-content\/uploads\/2026\/04\/HuelgaCarnicasBunol05-300x225.jpeg 300w, https:\/\/www.tucomarca.com\/wordpress\/segunda\/wp-content\/uploads\/2026\/04\/HuelgaCarnicasBunol05-768x576.jpeg 768w, https:\/\/www.tucomarca.com\/wordpress\/segunda\/wp-content\/uploads\/2026\/04\/HuelgaCarnicasBunol05-1536x1152.jpeg 1536w, https:\/\/www.tucomarca.com\/wordpress\/segunda\/wp-content\/uploads\/2026\/04\/HuelgaCarnicasBunol05-678x509.jpeg 678w, https:\/\/www.tucomarca.com\/wordpress\/segunda\/wp-content\/uploads\/2026\/04\/HuelgaCarnicasBunol05-326x245.jpeg 326w, https:\/\/www.tucomarca.com\/wordpress\/segunda\/wp-content\/uploads\/2026\/04\/HuelgaCarnicasBunol05-80x60.jpeg 80w, https:\/\/www.tucomarca.com\/wordpress\/segunda\/wp-content\/uploads\/2026\/04\/HuelgaCarnicasBunol05.jpeg 2000w\" sizes=\"auto, (max-width: 1024px) 100vw, 1024px\" \/><\/figure>\n\n\n\n<figure class=\"wp-block-image size-large\"><img loading=\"lazy\" decoding=\"async\" width=\"1024\" height=\"768\" data-id=\"299508\" src=\"https:\/\/www.tucomarca.com\/wordpress\/segunda\/wp-content\/uploads\/2026\/04\/HuelgaCarnicasBunol07-1024x768.jpeg\" alt=\"\" class=\"wp-image-299508\" srcset=\"https:\/\/www.tucomarca.com\/wordpress\/segunda\/wp-content\/uploads\/2026\/04\/HuelgaCarnicasBunol07-1024x768.jpeg 1024w, https:\/\/www.tucomarca.com\/wordpress\/segunda\/wp-content\/uploads\/2026\/04\/HuelgaCarnicasBunol07-300x225.jpeg 300w, https:\/\/www.tucomarca.com\/wordpress\/segunda\/wp-content\/uploads\/2026\/04\/HuelgaCarnicasBunol07-768x576.jpeg 768w, https:\/\/www.tucomarca.com\/wordpress\/segunda\/wp-content\/uploads\/2026\/04\/HuelgaCarnicasBunol07-1536x1152.jpeg 1536w, https:\/\/www.tucomarca.com\/wordpress\/segunda\/wp-content\/uploads\/2026\/04\/HuelgaCarnicasBunol07-678x509.jpeg 678w, https:\/\/www.tucomarca.com\/wordpress\/segunda\/wp-content\/uploads\/2026\/04\/HuelgaCarnicasBunol07-326x245.jpeg 326w, https:\/\/www.tucomarca.com\/wordpress\/segunda\/wp-content\/uploads\/2026\/04\/HuelgaCarnicasBunol07-80x60.jpeg 80w, https:\/\/www.tucomarca.com\/wordpress\/segunda\/wp-content\/uploads\/2026\/04\/HuelgaCarnicasBunol07.jpeg 1600w\" sizes=\"auto, (max-width: 1024px) 100vw, 1024px\" \/><\/figure>\n<\/figure>\n","protected":false},"excerpt":{"rendered":"<div class=\"mh-excerpt\">El Comit\u00e9 de Empresa de Elaborados C\u00e1rnicos Medina ha comunicado que tras la paralizaci\u00f3n de ayer de las negociaciones del convenio de empresa entre la direcci\u00f3n de la empresa y el Comit\u00e9 de Huelga, este <a class=\"mh-excerpt-more\" href=\"https:\/\/www.tucomarca.com\/wordpress\/segunda\/el-comite-de-empresa-de-elaborados-carnicos-medina-realiza-su-primer-dia-de-huelga-a-las-puertas-de-la-empresa-en-bunol\/\" title=\"El Comit\u00e9 de Empresa de Elaborados C\u00e1rnicos Medina realiza su primer d\u00eda de huelga a las puertas de la empresa en Bu\u00f1ol\">[+] <\/a><\/div>\n","protected":false},"author":12,"featured_media":299496,"comment_status":"closed","ping_status":"open","sticky":false,"template":"","format":"gallery","meta":{"footnotes":""},"categories":[18,8,10,3],"tags":[10385,24185,24186,5952],"class_list":{"0":"post-299487","1":"post","2":"type-post","3":"status-publish","4":"format-gallery","5":"has-post-thumbnail","7":"category-bunol","8":"category-la-comarca","9":"category-la-hoya","10":"category-seccion","11":"tag-bunol","12":"tag-elaborados-carnicos-medina","13":"tag-huelga","14":"tag-la-hoya-de-bunol-chiva","15":"post_format-post-format-gallery"},"_links":{"self":[{"href":"https:\/\/www.tucomarca.com\/wordpress\/segunda\/wp-json\/wp\/v2\/posts\/299487","targetHints":{"allow":["GET"]}}],"collection":[{"href":"https:\/\/www.tucomarca.com\/wordpress\/segunda\/wp-json\/wp\/v2\/posts"}],"about":[{"href":"https:\/\/www.tucomarca.com\/wordpress\/segunda\/wp-json\/wp\/v2\/types\/post"}],"author":[{"embeddable":true,"href":"https:\/\/www.tucomarca.com\/wordpress\/segunda\/wp-json\/wp\/v2\/users\/12"}],"replies":[{"embeddable":true,"href":"https:\/\/www.tucomarca.com\/wordpress\/segunda\/wp-json\/wp\/v2\/comments?post=299487"}],"version-history":[{"count":4,"href":"https:\/\/www.tucomarca.com\/wordpress\/segunda\/wp-json\/wp\/v2\/posts\/299487\/revisions"}],"predecessor-version":[{"id":299537,"href":"https:\/\/www.tucomarca.com\/wordpress\/segunda\/wp-json\/wp\/v2\/posts\/299487\/revisions\/299537"}],"wp:featuredmedia":[{"embeddable":true,"href":"https:\/\/www.tucomarca.com\/wordpress\/segunda\/wp-json\/wp\/v2\/media\/299496"}],"wp:attachment":[{"href":"https:\/\/www.tucomarca.com\/wordpress\/segunda\/wp-json\/wp\/v2\/media?parent=299487"}],"wp:term":[{"taxonomy":"category","embeddable":true,"href":"https:\/\/www.tucomarca.com\/wordpress\/segunda\/wp-json\/wp\/v2\/categories?post=299487"},{"taxonomy":"post_tag","embeddable":true,"href":"https:\/\/www.tucomarca.com\/wordpress\/segunda\/wp-json\/wp\/v2\/tags?post=299487"}],"curies":[{"name":"wp","href":"https:\/\/api.w.org\/{rel}","templated":true}]}}