{"id":299523,"date":"2026-04-21T08:30:00","date_gmt":"2026-04-21T06:30:00","guid":{"rendered":"https:\/\/www.tucomarca.com\/wordpress\/segunda\/?p=299523"},"modified":"2026-04-21T19:26:06","modified_gmt":"2026-04-21T17:26:06","slug":"el-movimiento-democratico-de-mujeres-retoma-este-sabado-la-caminata-los-merenderos-de-bunol","status":"publish","type":"post","link":"https:\/\/www.tucomarca.com\/wordpress\/segunda\/el-movimiento-democratico-de-mujeres-retoma-este-sabado-la-caminata-los-merenderos-de-bunol\/","title":{"rendered":"El Movimiento Democr\u00e1tico de Mujeres retoma este s\u00e1bado la caminata &#8216;Los Merenderos de Bu\u00f1ol&#8217;"},"content":{"rendered":"\n<p>El <strong>Movimiento Democr\u00e1tico de Mujeres<\/strong> (MDM) de Bu\u00f1ol celebrar\u00e1 <strong>este s\u00e1bado 25 de abril<\/strong> la s\u00e9ptima edici\u00f3n de su caminata, en esta ocasi\u00f3n se har\u00e1 un recorrido por <strong>\u201cLos Merenderos de Bu\u00f1ol\u201d<\/strong>, una actividad que inicialmente estaba prevista para el pasado 8 de marzo, con motivo del D\u00eda Internacional de la Mujer, pero que tuvo que ser suspendida debido a las inclemencias meteorol\u00f3gicas.<\/p>\n\n\n\n<p>La ruta arrancar\u00e1 a las 10:00 horas desde la Fuente de Borrunes, punto donde antiguamente existi\u00f3 uno de los merenderos m\u00e1s conocidos del municipio. Desde all\u00ed, las personas participantes recorrer\u00e1n un itinerario circular de aproximadamente 7 kil\u00f3metros que discurre por enclaves emblem\u00e1ticos como Borrunes, Roquillo, Espinaca, San Luis, Hortelano, Cipr\u00e9s, Turche y el Planell, donde finalizar\u00e1 la actividad tras unas dos horas de recorrido.<\/p>\n\n\n\n<p>La iniciativa tiene como objetivo poner en valor el papel hist\u00f3rico de las mujeres en estos espacios, donde, aunque muchas veces de forma invisible, desempe\u00f1aron funciones esenciales relacionadas con la organizaci\u00f3n, la cocina y el mantenimiento de tradiciones sociales y familiares. Desde el MDM destacan la importancia de reconocer \u201csu papel, esfuerzo y legado\u201d en estos entornos que durante d\u00e9cadas fueron punto de encuentro para celebraciones como bodas, comuniones, bautizos o reuniones familiares.<\/p>\n\n\n\n<p>Actualmente, estos antiguos merenderos han perdido su uso original y se han transformado en parajes naturales que invitan al descanso y al disfrute del entorno, con fuentes, zonas de sombra y paisajes de gran valor. La caminata propone as\u00ed una experiencia que combina naturaleza, memoria y convivencia, pensada para realizar en familia, con amistades o en grupo.<\/p>\n\n\n\n<p>Adem\u00e1s, durante el recorrido se visitar\u00e1 el paraje del Hortelano, donde las personas asistentes podr\u00e1n conocer de primera mano las vivencias de su propietaria.<\/p>\n\n\n\n<p>La organizaci\u00f3n recomienda acudir con calzado adecuado y gorra. Asimismo, se ha previsto una alternativa para aquellas personas que no puedan realizar el tramo entre Roquillo y Espinaca: podr\u00e1n incorporarse a la marcha alrededor de las 11:00 horas en la zona de San Luis, desde donde continuar\u00e1n junto al resto del grupo hacia Hortelano, Cipr\u00e9s, Turche y, finalmente, el Planell, donde se dar\u00e1 por concluida la jornada.<\/p>\n\n\n\n<p><\/p>\n","protected":false},"excerpt":{"rendered":"<div class=\"mh-excerpt\">El Movimiento Democr\u00e1tico de Mujeres (MDM) de Bu\u00f1ol celebrar\u00e1 este s\u00e1bado 25 de abril la s\u00e9ptima edici\u00f3n de su caminata, en esta ocasi\u00f3n se har\u00e1 un recorrido por \u201cLos Merenderos de Bu\u00f1ol\u201d, una actividad que <a class=\"mh-excerpt-more\" href=\"https:\/\/www.tucomarca.com\/wordpress\/segunda\/el-movimiento-democratico-de-mujeres-retoma-este-sabado-la-caminata-los-merenderos-de-bunol\/\" title=\"El Movimiento Democr\u00e1tico de Mujeres retoma este s\u00e1bado la caminata &#8216;Los Merenderos de Bu\u00f1ol&#8217;\">[+] <\/a><\/div>\n","protected":false},"author":12,"featured_media":299529,"comment_status":"closed","ping_status":"open","sticky":false,"template":"","format":"standard","meta":{"footnotes":""},"categories":[4,18,8,10,7,3],"tags":[10385,5952,24187,20366],"class_list":{"0":"post-299523","1":"post","2":"type-post","3":"status-publish","4":"format-standard","5":"has-post-thumbnail","7":"category-agenda","8":"category-bunol","9":"category-la-comarca","10":"category-la-hoya","11":"category-ocio-y-cultura","12":"category-seccion","13":"tag-bunol","14":"tag-la-hoya-de-bunol-chiva","15":"tag-merenderos-de-bunol","16":"tag-movimiento-democratico-de-mujeres-de-bunol"},"_links":{"self":[{"href":"https:\/\/www.tucomarca.com\/wordpress\/segunda\/wp-json\/wp\/v2\/posts\/299523","targetHints":{"allow":["GET"]}}],"collection":[{"href":"https:\/\/www.tucomarca.com\/wordpress\/segunda\/wp-json\/wp\/v2\/posts"}],"about":[{"href":"https:\/\/www.tucomarca.com\/wordpress\/segunda\/wp-json\/wp\/v2\/types\/post"}],"author":[{"embeddable":true,"href":"https:\/\/www.tucomarca.com\/wordpress\/segunda\/wp-json\/wp\/v2\/users\/12"}],"replies":[{"embeddable":true,"href":"https:\/\/www.tucomarca.com\/wordpress\/segunda\/wp-json\/wp\/v2\/comments?post=299523"}],"version-history":[{"count":6,"href":"https:\/\/www.tucomarca.com\/wordpress\/segunda\/wp-json\/wp\/v2\/posts\/299523\/revisions"}],"predecessor-version":[{"id":299541,"href":"https:\/\/www.tucomarca.com\/wordpress\/segunda\/wp-json\/wp\/v2\/posts\/299523\/revisions\/299541"}],"wp:featuredmedia":[{"embeddable":true,"href":"https:\/\/www.tucomarca.com\/wordpress\/segunda\/wp-json\/wp\/v2\/media\/299529"}],"wp:attachment":[{"href":"https:\/\/www.tucomarca.com\/wordpress\/segunda\/wp-json\/wp\/v2\/media?parent=299523"}],"wp:term":[{"taxonomy":"category","embeddable":true,"href":"https:\/\/www.tucomarca.com\/wordpress\/segunda\/wp-json\/wp\/v2\/categories?post=299523"},{"taxonomy":"post_tag","embeddable":true,"href":"https:\/\/www.tucomarca.com\/wordpress\/segunda\/wp-json\/wp\/v2\/tags?post=299523"}],"curies":[{"name":"wp","href":"https:\/\/api.w.org\/{rel}","templated":true}]}}