{"id":299555,"date":"2026-04-21T12:15:00","date_gmt":"2026-04-21T10:15:00","guid":{"rendered":"https:\/\/www.tucomarca.com\/wordpress\/segunda\/?p=299555"},"modified":"2026-04-21T21:41:28","modified_gmt":"2026-04-21T19:41:28","slug":"la-nueva-ley-forestal-de-la-generalitat-permitira-compensar-a-los-propietarios-que-realicen-labores-de-conservacion-y-mantenimiento-en-sus-terrenos","status":"publish","type":"post","link":"https:\/\/www.tucomarca.com\/wordpress\/segunda\/la-nueva-ley-forestal-de-la-generalitat-permitira-compensar-a-los-propietarios-que-realicen-labores-de-conservacion-y-mantenimiento-en-sus-terrenos\/","title":{"rendered":"La nueva ley forestal de la Generalitat permitir\u00e1 compensar a los propietarios que realicen labores de conservaci\u00f3n y mantenimiento en sus terrenos"},"content":{"rendered":"\n<h3 class=\"wp-block-heading\">Vicente Mart\u00ednez Mus ha destacado que esta medida busca \u201cimplicar\u201d de forma activa a la propiedad privada en la conservaci\u00f3n del territorio.<\/h3>\n\n\n\n<h3 class=\"wp-block-heading\">El vicepresidente ha asistido a la presentaci\u00f3n de CERTIVAL, la Entidad Solicitante de la Certificaci\u00f3n Forestal Regional PEFC.<\/h3>\n\n\n\n<p>La nueva ley forestal de la Comunitat Valenciana activar\u00e1 mecanismos para compensar a las parcelas privadas que lleven a cabo labores de mantenimiento forestal, en el marco de un modelo de pago por servicios ambientales que reconoce el valor de la gesti\u00f3n sostenible de los montes.<\/p>\n\n\n\n<p>As\u00ed lo ha anunciado el vicepresidente tercero y conseller de Medio Ambiente, Infraestructuras y Territorio y de la Recuperaci\u00f3n, Vicente Mart\u00ednez Mus, durante la presentaci\u00f3n de CERTIVAL, la Entidad Solicitante de la Certificaci\u00f3n Forestal Regional PEFC de la Comunitat Valenciana. En el acto tambi\u00e9n ha participado la secretaria auton\u00f3mica de Medio Ambiente, Sabina Goretti Galino, y el director general de Medio Natural y Animal, Luis Gomis.<\/p>\n\n\n\n<p>Mart\u00ednez Mus ha explicado que la futura normativa, que se encuentra en fase de tramitaci\u00f3n, busca avanzar \u201chacia un sistema en el que quienes gestionen de forma sostenible sus terrenos puedan recibir una compensaci\u00f3n por los beneficios que generan al conjunto de la sociedad\u201d, como la captura de carbono, la regulaci\u00f3n h\u00eddrica, la conservaci\u00f3n de la biodiversidad o la prevenci\u00f3n de incendios.<\/p>\n\n\n\n<p>En este sentido, ha incidido en que estos servicios ambientales \u201cactualmente no se reconocen en el mercado\u201d, por lo que la ley pretende corregir esta situaci\u00f3n e implicar de forma activa a la propiedad privada en la conservaci\u00f3n del territorio. \u201cEl objetivo es que quien trabaja el entorno forestal y ayuda en la prevenci\u00f3n de incendios tenga una remuneraci\u00f3n\u201d, ha se\u00f1alado.<\/p>\n\n\n\n<p>En su intervenci\u00f3n, el vicepresidente ha remarcado que este nuevo enfoque resulta clave en un territorio como la Comunitat Valenciana, donde m\u00e1s del 50 % de la superficie es forestal y, en gran parte, de titularidad privada. \u201cSin una gesti\u00f3n activa de estas propiedades no podremos alcanzar los objetivos globales en materia de lucha contra el cambio clim\u00e1tico, prevenci\u00f3n de incendios o desarrollo rural sostenible\u201d, ha se\u00f1alado.<\/p>\n\n\n\n<figure class=\"wp-block-image size-full\"><img loading=\"lazy\" decoding=\"async\" width=\"945\" height=\"638\" src=\"https:\/\/www.tucomarca.com\/wordpress\/segunda\/wp-content\/uploads\/2026\/04\/GVA_LEYFORESTAL1.jpg\" alt=\"\" class=\"wp-image-299559\" srcset=\"https:\/\/www.tucomarca.com\/wordpress\/segunda\/wp-content\/uploads\/2026\/04\/GVA_LEYFORESTAL1.jpg 945w, https:\/\/www.tucomarca.com\/wordpress\/segunda\/wp-content\/uploads\/2026\/04\/GVA_LEYFORESTAL1-300x203.jpg 300w, https:\/\/www.tucomarca.com\/wordpress\/segunda\/wp-content\/uploads\/2026\/04\/GVA_LEYFORESTAL1-768x519.jpg 768w\" sizes=\"auto, (max-width: 945px) 100vw, 945px\" \/><\/figure>\n\n\n\n<p><strong>Certificaci\u00f3n forestal<\/strong><\/p>\n\n\n\n<p>Mart\u00ednez Mus ha vinculado este nuevo escenario con el impulso a la certificaci\u00f3n forestal, destacando el papel de herramientas como CERTIVAL, que facilitar\u00e1 el acceso de propietarios, gestores y empresas al proceso de certificaci\u00f3n. Seg\u00fan ha indicado, este instrumento \u201cpermitir\u00e1 acreditar que la gesti\u00f3n es realmente sostenible y ser\u00e1 clave para poder reconocer y remunerar los servicios ambientales\u201d.<\/p>\n\n\n\n<p>La certificaci\u00f3n forestal, ha insistido, \u201cno es una etiqueta vac\u00eda\u201d, sino una herramienta que garantiza una gesti\u00f3n transparente, responsable y alineada con criterios ambientales, sociales y econ\u00f3micos reconocidos internacionalmente. Adem\u00e1s, Mart\u00ednez Mus ha a\u00f1adido que \u201ccontribuye a mejorar la competitividad de los productos forestales y a reforzar la confianza de la ciudadan\u00eda\u201d.<\/p>\n\n\n\n<p>Asimismo, ha destacado que la Generalitat asumir\u00e1 los costes derivados del procedimiento de certificaci\u00f3n y pondr\u00e1 a disposici\u00f3n recursos t\u00e9cnicos con el objetivo de \u201celiminar barreras y democratizar el acceso a la gesti\u00f3n forestal sostenible acreditada\u201d.<\/p>\n\n\n\n<p>El vicepresidente tercero ha se\u00f1alado que CERTIVAL \u201cse configura como un modelo de colaboraci\u00f3n p\u00fablico-privada que sit\u00faa a la Comunitat Valenciana a la vanguardia de la gesti\u00f3n forestal activa y sostenible\u201d. Impulsada junto a entidades del sector como ASEMFO, CERTIFOR y AMUFOR CV, esta iniciativa \u201ca\u00fana esfuerzos de administraciones, empresas, propietarios y municipios\u201d.<\/p>\n\n\n\n<p>Por \u00faltimo, Mart\u00ednez Mus ha subrayado que la gesti\u00f3n forestal sostenible \u201cno es una opci\u00f3n, sino una necesidad\u201d, tanto para conservar el patrimonio natural como para proteger a la poblaci\u00f3n frente a riesgos como incendios o episodios extremos de lluvias, y ha apelado a la colaboraci\u00f3n entre administraciones, propietarios, empresas y municipios para avanzar en este modelo.<\/p>\n","protected":false},"excerpt":{"rendered":"<div class=\"mh-excerpt\">Vicente Mart\u00ednez Mus ha destacado que esta medida busca \u201cimplicar\u201d de forma activa a la propiedad privada en la conservaci\u00f3n del territorio. El vicepresidente ha asistido a la presentaci\u00f3n de CERTIVAL, la Entidad Solicitante de <a class=\"mh-excerpt-more\" href=\"https:\/\/www.tucomarca.com\/wordpress\/segunda\/la-nueva-ley-forestal-de-la-generalitat-permitira-compensar-a-los-propietarios-que-realicen-labores-de-conservacion-y-mantenimiento-en-sus-terrenos\/\" title=\"La nueva ley forestal de la Generalitat permitir\u00e1 compensar a los propietarios que realicen labores de conservaci\u00f3n y mantenimiento en sus terrenos\">[+] <\/a><\/div>\n","protected":false},"author":12,"featured_media":299557,"comment_status":"closed","ping_status":"open","sticky":false,"template":"","format":"standard","meta":{"footnotes":""},"categories":[128,8,72,117,142,3,45],"tags":[24193,24194,10716],"class_list":{"0":"post-299555","1":"post","2":"type-post","3":"status-publish","4":"format-standard","5":"has-post-thumbnail","7":"category-infraestructuras","8":"category-la-comarca","9":"category-sin-categorizar","10":"category-medio-ambiente-la-comarca","11":"category-politica-la-comarca","12":"category-seccion","13":"category-ventana","14":"tag-certificacion-forestal-regional-pefc","15":"tag-certival","16":"tag-generalitat-valenciana"},"_links":{"self":[{"href":"https:\/\/www.tucomarca.com\/wordpress\/segunda\/wp-json\/wp\/v2\/posts\/299555","targetHints":{"allow":["GET"]}}],"collection":[{"href":"https:\/\/www.tucomarca.com\/wordpress\/segunda\/wp-json\/wp\/v2\/posts"}],"about":[{"href":"https:\/\/www.tucomarca.com\/wordpress\/segunda\/wp-json\/wp\/v2\/types\/post"}],"author":[{"embeddable":true,"href":"https:\/\/www.tucomarca.com\/wordpress\/segunda\/wp-json\/wp\/v2\/users\/12"}],"replies":[{"embeddable":true,"href":"https:\/\/www.tucomarca.com\/wordpress\/segunda\/wp-json\/wp\/v2\/comments?post=299555"}],"version-history":[{"count":4,"href":"https:\/\/www.tucomarca.com\/wordpress\/segunda\/wp-json\/wp\/v2\/posts\/299555\/revisions"}],"predecessor-version":[{"id":299566,"href":"https:\/\/www.tucomarca.com\/wordpress\/segunda\/wp-json\/wp\/v2\/posts\/299555\/revisions\/299566"}],"wp:featuredmedia":[{"embeddable":true,"href":"https:\/\/www.tucomarca.com\/wordpress\/segunda\/wp-json\/wp\/v2\/media\/299557"}],"wp:attachment":[{"href":"https:\/\/www.tucomarca.com\/wordpress\/segunda\/wp-json\/wp\/v2\/media?parent=299555"}],"wp:term":[{"taxonomy":"category","embeddable":true,"href":"https:\/\/www.tucomarca.com\/wordpress\/segunda\/wp-json\/wp\/v2\/categories?post=299555"},{"taxonomy":"post_tag","embeddable":true,"href":"https:\/\/www.tucomarca.com\/wordpress\/segunda\/wp-json\/wp\/v2\/tags?post=299555"}],"curies":[{"name":"wp","href":"https:\/\/api.w.org\/{rel}","templated":true}]}}