{"id":299575,"date":"2026-04-22T10:10:00","date_gmt":"2026-04-22T08:10:00","guid":{"rendered":"https:\/\/www.tucomarca.com\/wordpress\/segunda\/?p=299575"},"modified":"2026-04-23T00:49:22","modified_gmt":"2026-04-22T22:49:22","slug":"la-banda-juvenil-del-cim-la-armonica-presenta-cinemagia-sinfonias-de-la-pantalla-en-el-palacio-de-la-musica","status":"publish","type":"post","link":"https:\/\/www.tucomarca.com\/wordpress\/segunda\/la-banda-juvenil-del-cim-la-armonica-presenta-cinemagia-sinfonias-de-la-pantalla-en-el-palacio-de-la-musica\/","title":{"rendered":"La Banda Juvenil del CIM \u00abLa Arm\u00f3nica\u00bb presenta &#8216;Cinemagia: Sinfon\u00edas de la Pantalla&#8217; en el Palacio de la M\u00fasica"},"content":{"rendered":"\n<p>La Banda Juvenil del CIM La Arm\u00f3nica ofrecer\u00e1 este 25 de abril a las 19,00 horas el concierto \u201cCinemagia: Sinfon\u00edas de la Pantalla\u201d, una propuesta musical que invita al p\u00fablico a revivir la emoci\u00f3n del cine a trav\u00e9s de la m\u00fasica en directo.<\/p>\n\n\n\n<p>El Palacio de la M\u00fasica se convertir\u00e1 as\u00ed en una aut\u00e9ntica sala cinematogr\u00e1fica sin pantallas, donde las bandas sonoras m\u00e1s ic\u00f3nicas cobrar\u00e1n vida de la mano de los m\u00fasicos m\u00e1s j\u00f3venes de la agrupaci\u00f3n, acompa\u00f1ados por cantantes y un grupo de rock que aportar\u00e1n voz y energ\u00eda a este espect\u00e1culo.<\/p>\n\n\n\n<p>El repertorio incluir\u00e1 composiciones de pel\u00edculas que han marcado a varias generaciones, como <em>La Bella y la Bestia<\/em>, <em>Jurassic World<\/em>, <em>C\u00f3mo entrenar a tu drag\u00f3n<\/em>, <em>Forrest Gump<\/em>, <em>Coco<\/em> o <em>Guardianes de la Galaxia<\/em>, junto a otras piezas emblem\u00e1ticas que abarcan desde el cine de animaci\u00f3n hasta la \u00e9pica contempor\u00e1nea. Todo ello estar\u00e1 dirigido por Rub\u00e9n Casas Santos.<\/p>\n\n\n\n<p>El concierto est\u00e1 concebido como una experiencia para todos los p\u00fablicos, desde los m\u00e1s peque\u00f1os, que podr\u00e1n descubrir nuevas historias a trav\u00e9s de la m\u00fasica, hasta los adultos que tendr\u00e1n la oportunidad de revivir recuerdos ligados a la gran pantalla.<\/p>\n\n\n\n<p>Las entradas podr\u00e1n adquirirse de forma anticipada el viernes 24 de abril, en horario de 18:30 a 20:00 horas. La organizaci\u00f3n ha se\u00f1alado que este concierto se encuentra fuera de la temporada de abono.<\/p>\n\n\n\n<p>Con esta iniciativa, la Banda Juvenil del CIM La Arm\u00f3nica propone una velada que combina m\u00fasica, emoci\u00f3n y espect\u00e1culo, en un viaje sonoro que promete no dejar indiferente al p\u00fablico asistente. Informa, <strong>P. Ferrer<\/strong>.<\/p>\n","protected":false},"excerpt":{"rendered":"<div class=\"mh-excerpt\">La Banda Juvenil del CIM La Arm\u00f3nica ofrecer\u00e1 este 25 de abril a las 19,00 horas el concierto \u201cCinemagia: Sinfon\u00edas de la Pantalla\u201d, una propuesta musical que invita al p\u00fablico a revivir la emoci\u00f3n del <a class=\"mh-excerpt-more\" href=\"https:\/\/www.tucomarca.com\/wordpress\/segunda\/la-banda-juvenil-del-cim-la-armonica-presenta-cinemagia-sinfonias-de-la-pantalla-en-el-palacio-de-la-musica\/\" title=\"La Banda Juvenil del CIM \u00abLa Arm\u00f3nica\u00bb presenta &#8216;Cinemagia: Sinfon\u00edas de la Pantalla&#8217; en el Palacio de la M\u00fasica\">[+] <\/a><\/div>\n","protected":false},"author":12,"featured_media":299583,"comment_status":"closed","ping_status":"open","sticky":false,"template":"","format":"standard","meta":{"footnotes":""},"categories":[4,18,66,8,10,7,3],"tags":[22140,10385,10563,5952],"class_list":{"0":"post-299575","1":"post","2":"type-post","3":"status-publish","4":"format-standard","5":"has-post-thumbnail","7":"category-agenda","8":"category-bunol","9":"category-musica","10":"category-la-comarca","11":"category-la-hoya","12":"category-ocio-y-cultura","13":"category-seccion","14":"tag-banda-juvenil-cim-la-armonica","15":"tag-bunol","16":"tag-cim-la-armonica-de-bunol","17":"tag-la-hoya-de-bunol-chiva"},"_links":{"self":[{"href":"https:\/\/www.tucomarca.com\/wordpress\/segunda\/wp-json\/wp\/v2\/posts\/299575","targetHints":{"allow":["GET"]}}],"collection":[{"href":"https:\/\/www.tucomarca.com\/wordpress\/segunda\/wp-json\/wp\/v2\/posts"}],"about":[{"href":"https:\/\/www.tucomarca.com\/wordpress\/segunda\/wp-json\/wp\/v2\/types\/post"}],"author":[{"embeddable":true,"href":"https:\/\/www.tucomarca.com\/wordpress\/segunda\/wp-json\/wp\/v2\/users\/12"}],"replies":[{"embeddable":true,"href":"https:\/\/www.tucomarca.com\/wordpress\/segunda\/wp-json\/wp\/v2\/comments?post=299575"}],"version-history":[{"count":3,"href":"https:\/\/www.tucomarca.com\/wordpress\/segunda\/wp-json\/wp\/v2\/posts\/299575\/revisions"}],"predecessor-version":[{"id":299651,"href":"https:\/\/www.tucomarca.com\/wordpress\/segunda\/wp-json\/wp\/v2\/posts\/299575\/revisions\/299651"}],"wp:featuredmedia":[{"embeddable":true,"href":"https:\/\/www.tucomarca.com\/wordpress\/segunda\/wp-json\/wp\/v2\/media\/299583"}],"wp:attachment":[{"href":"https:\/\/www.tucomarca.com\/wordpress\/segunda\/wp-json\/wp\/v2\/media?parent=299575"}],"wp:term":[{"taxonomy":"category","embeddable":true,"href":"https:\/\/www.tucomarca.com\/wordpress\/segunda\/wp-json\/wp\/v2\/categories?post=299575"},{"taxonomy":"post_tag","embeddable":true,"href":"https:\/\/www.tucomarca.com\/wordpress\/segunda\/wp-json\/wp\/v2\/tags?post=299575"}],"curies":[{"name":"wp","href":"https:\/\/api.w.org\/{rel}","templated":true}]}}