{"id":299577,"date":"2026-04-22T10:45:00","date_gmt":"2026-04-22T08:45:00","guid":{"rendered":"https:\/\/www.tucomarca.com\/wordpress\/segunda\/?p=299577"},"modified":"2026-04-22T10:46:16","modified_gmt":"2026-04-22T08:46:16","slug":"detienen-en-godelleta-al-encargado-de-un-bar-que-ocultaba-en-la-misma-nave-un-salon-de-estetica-sin-licencia-y-un-taller-clandestino","status":"publish","type":"post","link":"https:\/\/www.tucomarca.com\/wordpress\/segunda\/detienen-en-godelleta-al-encargado-de-un-bar-que-ocultaba-en-la-misma-nave-un-salon-de-estetica-sin-licencia-y-un-taller-clandestino\/","title":{"rendered":"Detienen en Godelleta al encargado de un bar que ocultaba en la misma nave un sal\u00f3n de est\u00e9tica sin licencia y un taller clandestino"},"content":{"rendered":"\n<h3 class=\"wp-block-heading\">El detenido tambi\u00e9n vend\u00eda efectos robados, como bebidas alcoh\u00f3licas, colonia o productos de higiene.<\/h3>\n\n\n\n<p>La Guardia Civil, junto a la Polic\u00eda Local de Godelleta han detenido al encargado de un bar que, en la nave en que ten\u00eda el bar, ocultaba tambi\u00e9n un taller clandestino y un sal\u00f3n de est\u00e9tica sin licencia. Adem\u00e1s, tambi\u00e9n vend\u00eda en un almac\u00e9n anexo productos de origen il\u00edcito.<\/p>\n\n\n\n<p>La actuaci\u00f3n policial comienza con una labor inspectora en un establecimiento de hosteler\u00eda en el que se detecta un almac\u00e9n anexo. En el interior, se ocultaban varios productos con precintos y envases de seguridad. Preguntado, el encargado del local no pudo acreditar el origen l\u00edcito de estos bienes.<\/p>\n\n\n\n<p>Al continuar con la inspecci\u00f3n de la nave donde se ubicaba el bar, se encuentra tambi\u00e9n un sal\u00f3n de belleza que operaba sin licencia de apertura alguna y tambi\u00e9n un taller ilegal dedicado a la reparaci\u00f3n de veh\u00edculos (varios de ellos sin placas de matr\u00edcula).<\/p>\n\n\n\n<p>Por todos estos hechos, se ha investigado a un hombre de 44 a\u00f1os y nacionalidad espa\u00f1ola al que se le imputa un delito de receptaci\u00f3n. Tambi\u00e9n se han cursado diferentes denuncias administrativas en lo referente a las actividades comerciales no declaradas y reglamentadas (sal\u00f3n de belleza y taller).<\/p>\n\n\n\n<p>La investigaci\u00f3n ha sido llevada a cabo por agentes del Puesto Principal de Chiva. Las diligencias fueron entregadas en la Secci\u00f3n Civil y de Instrucci\u00f3n del Tribunal de Requena en funciones de Guardia.<\/p>\n","protected":false},"excerpt":{"rendered":"<div class=\"mh-excerpt\">El detenido tambi\u00e9n vend\u00eda efectos robados, como bebidas alcoh\u00f3licas, colonia o productos de higiene. La Guardia Civil, junto a la Polic\u00eda Local de Godelleta han detenido al encargado de un bar que, en la nave <a class=\"mh-excerpt-more\" href=\"https:\/\/www.tucomarca.com\/wordpress\/segunda\/detienen-en-godelleta-al-encargado-de-un-bar-que-ocultaba-en-la-misma-nave-un-salon-de-estetica-sin-licencia-y-un-taller-clandestino\/\" title=\"Detienen en Godelleta al encargado de un bar que ocultaba en la misma nave un sal\u00f3n de est\u00e9tica sin licencia y un taller clandestino\">[+] <\/a><\/div>\n","protected":false},"author":12,"featured_media":285677,"comment_status":"closed","ping_status":"open","sticky":false,"template":"","format":"standard","meta":{"footnotes":""},"categories":[14,8,10,3,116,45],"tags":[10383,13580,5952,13579],"class_list":{"0":"post-299577","1":"post","2":"type-post","3":"status-publish","4":"format-standard","5":"has-post-thumbnail","7":"category-godelleta","8":"category-la-comarca","9":"category-la-hoya","10":"category-seccion","11":"category-sucesos-la-comarca","12":"category-ventana","13":"tag-godelleta","14":"tag-guardia-civil-de-chiva","15":"tag-la-hoya-de-bunol-chiva","16":"tag-policia-local-de-godelleta"},"_links":{"self":[{"href":"https:\/\/www.tucomarca.com\/wordpress\/segunda\/wp-json\/wp\/v2\/posts\/299577","targetHints":{"allow":["GET"]}}],"collection":[{"href":"https:\/\/www.tucomarca.com\/wordpress\/segunda\/wp-json\/wp\/v2\/posts"}],"about":[{"href":"https:\/\/www.tucomarca.com\/wordpress\/segunda\/wp-json\/wp\/v2\/types\/post"}],"author":[{"embeddable":true,"href":"https:\/\/www.tucomarca.com\/wordpress\/segunda\/wp-json\/wp\/v2\/users\/12"}],"replies":[{"embeddable":true,"href":"https:\/\/www.tucomarca.com\/wordpress\/segunda\/wp-json\/wp\/v2\/comments?post=299577"}],"version-history":[{"count":3,"href":"https:\/\/www.tucomarca.com\/wordpress\/segunda\/wp-json\/wp\/v2\/posts\/299577\/revisions"}],"predecessor-version":[{"id":299586,"href":"https:\/\/www.tucomarca.com\/wordpress\/segunda\/wp-json\/wp\/v2\/posts\/299577\/revisions\/299586"}],"wp:featuredmedia":[{"embeddable":true,"href":"https:\/\/www.tucomarca.com\/wordpress\/segunda\/wp-json\/wp\/v2\/media\/285677"}],"wp:attachment":[{"href":"https:\/\/www.tucomarca.com\/wordpress\/segunda\/wp-json\/wp\/v2\/media?parent=299577"}],"wp:term":[{"taxonomy":"category","embeddable":true,"href":"https:\/\/www.tucomarca.com\/wordpress\/segunda\/wp-json\/wp\/v2\/categories?post=299577"},{"taxonomy":"post_tag","embeddable":true,"href":"https:\/\/www.tucomarca.com\/wordpress\/segunda\/wp-json\/wp\/v2\/tags?post=299577"}],"curies":[{"name":"wp","href":"https:\/\/api.w.org\/{rel}","templated":true}]}}