{"id":299590,"date":"2026-04-22T10:00:00","date_gmt":"2026-04-22T08:00:00","guid":{"rendered":"https:\/\/www.tucomarca.com\/wordpress\/segunda\/?p=299590"},"modified":"2026-04-22T17:13:41","modified_gmt":"2026-04-22T15:13:41","slug":"ultiman-los-preparativos-para-la-xxi-feria-turis-que-abrira-sus-puertas-el-1-de-mayo","status":"publish","type":"post","link":"https:\/\/www.tucomarca.com\/wordpress\/segunda\/ultiman-los-preparativos-para-la-xxi-feria-turis-que-abrira-sus-puertas-el-1-de-mayo\/","title":{"rendered":"Ultiman los preparativos para la XXI Feria Tur\u00eds, que abrir\u00e1 sus puertas el 1 de mayo"},"content":{"rendered":"\n<p>Tur\u00eds celebrar\u00e1 del 1 al 3 de mayo una nueva edici\u00f3n de la Feria Tur\u00eds, que este a\u00f1o alcanza su vigesimoprimera edici\u00f3n y tendr\u00e1 lugar en la plaza Vicent Ribes. El evento, ya consolidado en el calendario local, reunir\u00e1 durante todo el fin de semana una amplia oferta comercial, degustaciones de productos aut\u00f3ctonos y diversas actividades de animaci\u00f3n.<\/p>\n\n\n\n<p>La feria arrancar\u00e1 el viernes 1 de mayo con horario de 11:00 a 14:00 horas y de 18:30 a 21:00 horas. A las 19:00 horas tendr\u00e1 lugar la inauguraci\u00f3n oficial en la entrada principal del recinto, a cargo de la Reina de las Fiestas, Diana Vicent Palmero, y su Corte de Honor. Durante el acto se entregar\u00e1n los premios del Concurso del Comercio en Valenciano y, posteriormente, se realizar\u00e1 una visita a los diferentes expositores. Adem\u00e1s, a lo largo de toda la jornada se celebrar\u00e1n competiciones de futbet 4&#215;4 en la plaza de la Constituci\u00f3n.<\/p>\n\n\n\n<p>El s\u00e1bado 2 de mayo, el recinto ferial abrir\u00e1 de 10:30 a 14:00 horas y de 18:00 a 21:00 horas. La programaci\u00f3n incluir\u00e1 actividades dirigidas al p\u00fablico infantil, con animaci\u00f3n y talleres a partir de las 11:00 horas, seguidos a las 12:00 horas por la representaci\u00f3n de \u201cMatilda\u201d, organizada por la Concejal\u00eda de Cultura. Por la tarde, a las 19:00 horas, tendr\u00e1 lugar \u201cPopentera\u201d, un \u201ctardeo\u201d musical con un grupo de versiones de pop rock.<\/p>\n\n\n\n<p>La feria continuar\u00e1 el domingo 3 de mayo con el mismo horario que el s\u00e1bado. A las 20:00 horas se celebrar\u00e1 la rifa organizada por la Asociaci\u00f3n de Comercios, que pondr\u00e1 el broche final al evento con la clausura oficial.<\/p>\n\n\n\n<p>Durante los tres d\u00edas, el recinto acoger\u00e1 degustaciones de productos locales, mientras que distintas asociaciones del municipio participar\u00e1n activamente en la dinamizaci\u00f3n y animaci\u00f3n de la feria, contribuyendo a crear un ambiente festivo y participativo para vecinos y visitantes.<\/p>\n","protected":false},"excerpt":{"rendered":"<div class=\"mh-excerpt\">Tur\u00eds celebrar\u00e1 del 1 al 3 de mayo una nueva edici\u00f3n de la Feria Tur\u00eds, que este a\u00f1o alcanza su vigesimoprimera edici\u00f3n y tendr\u00e1 lugar en la plaza Vicent Ribes. El evento, ya consolidado en <a class=\"mh-excerpt-more\" href=\"https:\/\/www.tucomarca.com\/wordpress\/segunda\/ultiman-los-preparativos-para-la-xxi-feria-turis-que-abrira-sus-puertas-el-1-de-mayo\/\" title=\"Ultiman los preparativos para la XXI Feria Tur\u00eds, que abrir\u00e1 sus puertas el 1 de mayo\">[+] <\/a><\/div>\n","protected":false},"author":12,"featured_media":299594,"comment_status":"closed","ping_status":"open","sticky":false,"template":"","format":"standard","meta":{"footnotes":""},"categories":[4,8,42,7,3,43],"tags":[10493,1407,10394,24197],"class_list":{"0":"post-299590","1":"post","2":"type-post","3":"status-publish","4":"format-standard","5":"has-post-thumbnail","7":"category-agenda","8":"category-la-comarca","9":"category-la-ribera","10":"category-ocio-y-cultura","11":"category-seccion","12":"category-turis","13":"tag-feria-de-comercio","14":"tag-ribera-alta","15":"tag-turis","16":"tag-xxi-feria-turis"},"_links":{"self":[{"href":"https:\/\/www.tucomarca.com\/wordpress\/segunda\/wp-json\/wp\/v2\/posts\/299590","targetHints":{"allow":["GET"]}}],"collection":[{"href":"https:\/\/www.tucomarca.com\/wordpress\/segunda\/wp-json\/wp\/v2\/posts"}],"about":[{"href":"https:\/\/www.tucomarca.com\/wordpress\/segunda\/wp-json\/wp\/v2\/types\/post"}],"author":[{"embeddable":true,"href":"https:\/\/www.tucomarca.com\/wordpress\/segunda\/wp-json\/wp\/v2\/users\/12"}],"replies":[{"embeddable":true,"href":"https:\/\/www.tucomarca.com\/wordpress\/segunda\/wp-json\/wp\/v2\/comments?post=299590"}],"version-history":[{"count":2,"href":"https:\/\/www.tucomarca.com\/wordpress\/segunda\/wp-json\/wp\/v2\/posts\/299590\/revisions"}],"predecessor-version":[{"id":299620,"href":"https:\/\/www.tucomarca.com\/wordpress\/segunda\/wp-json\/wp\/v2\/posts\/299590\/revisions\/299620"}],"wp:featuredmedia":[{"embeddable":true,"href":"https:\/\/www.tucomarca.com\/wordpress\/segunda\/wp-json\/wp\/v2\/media\/299594"}],"wp:attachment":[{"href":"https:\/\/www.tucomarca.com\/wordpress\/segunda\/wp-json\/wp\/v2\/media?parent=299590"}],"wp:term":[{"taxonomy":"category","embeddable":true,"href":"https:\/\/www.tucomarca.com\/wordpress\/segunda\/wp-json\/wp\/v2\/categories?post=299590"},{"taxonomy":"post_tag","embeddable":true,"href":"https:\/\/www.tucomarca.com\/wordpress\/segunda\/wp-json\/wp\/v2\/tags?post=299590"}],"curies":[{"name":"wp","href":"https:\/\/api.w.org\/{rel}","templated":true}]}}