{"id":299597,"date":"2026-04-22T10:30:00","date_gmt":"2026-04-22T08:30:00","guid":{"rendered":"https:\/\/www.tucomarca.com\/wordpress\/segunda\/?p=299597"},"modified":"2026-04-22T17:18:24","modified_gmt":"2026-04-22T15:18:24","slug":"la-unio-llauradora-i-ramadera-urge-a-hacienda-a-publicar-ya-la-orden-de-modulos-para-la-declaracion-del-irpf","status":"publish","type":"post","link":"https:\/\/www.tucomarca.com\/wordpress\/segunda\/la-unio-llauradora-i-ramadera-urge-a-hacienda-a-publicar-ya-la-orden-de-modulos-para-la-declaracion-del-irpf\/","title":{"rendered":"La Uni\u00f3 Llauradora i Ramadera\u00a0urge a Hacienda a publicar ya la orden de m\u00f3dulos para la declaraci\u00f3n del IRPF"},"content":{"rendered":"\n<h3 class=\"wp-block-heading\">La organizaci\u00f3n conf\u00eda en que una vez publicada la orden de m\u00f3dulos estos contemplen todas las anomal\u00edas y cat\u00e1strofes que ha sufrido el campo valenciano.<\/h3>\n\n\n\n<h3 class=\"wp-block-heading\">Los agricultores y ganaderos, como el resto de las personas que tributan por m\u00f3dulos, no pueden contar con menos tiempo para elaborar y presentar su renta que los otros contribuyentes.<\/h3>\n\n\n\n<p>La Uni\u00f3 Llauradora i Ramadera, ante el transcurso de 19 d\u00edas desde que inici\u00f3 la campa\u00f1a de la Renta el pasado 3 de abril, critica que el Ministerio de Hacienda a\u00fan no haya publicado la orden de m\u00f3dulos para el sector agrario.<\/p>\n\n\n\n<p>La organizaci\u00f3n reclama celeridad a Hacienda en la publicaci\u00f3n de la orden de m\u00f3dulos para la declaraci\u00f3n del IRPF y se\u00f1ala que el retraso en hacerlo se est\u00e1 convirtiendo ya en una pr\u00e1ctica recurrente e injustificable. Insiste en que esta situaci\u00f3n de retraso se est\u00e1 normalizando, y el a\u00f1o pasado se public\u00f3 casi un mes despu\u00e9s del inicio de la campa\u00f1a que este a\u00f1o se puede repetir o superar y con dos semanas de retraso tambi\u00e9n en 2024.<\/p>\n\n\n\n<figure class=\"wp-block-gallery has-nested-images columns-default is-cropped wp-block-gallery-1 is-layout-flex wp-block-gallery-is-layout-flex\">\n<figure class=\"wp-block-image size-full\"><img loading=\"lazy\" decoding=\"async\" width=\"945\" height=\"638\" data-id=\"299602\" src=\"https:\/\/www.tucomarca.com\/wordpress\/segunda\/wp-content\/uploads\/2026\/04\/UnioRamadera02.jpg\" alt=\"\" class=\"wp-image-299602\" srcset=\"https:\/\/www.tucomarca.com\/wordpress\/segunda\/wp-content\/uploads\/2026\/04\/UnioRamadera02.jpg 945w, https:\/\/www.tucomarca.com\/wordpress\/segunda\/wp-content\/uploads\/2026\/04\/UnioRamadera02-300x203.jpg 300w, https:\/\/www.tucomarca.com\/wordpress\/segunda\/wp-content\/uploads\/2026\/04\/UnioRamadera02-768x519.jpg 768w\" sizes=\"auto, (max-width: 945px) 100vw, 945px\" \/><\/figure>\n\n\n\n<figure class=\"wp-block-image size-full\"><img loading=\"lazy\" decoding=\"async\" width=\"945\" height=\"638\" data-id=\"299606\" src=\"https:\/\/www.tucomarca.com\/wordpress\/segunda\/wp-content\/uploads\/2026\/04\/UnioRamadera03.png\" alt=\"\" class=\"wp-image-299606\" srcset=\"https:\/\/www.tucomarca.com\/wordpress\/segunda\/wp-content\/uploads\/2026\/04\/UnioRamadera03.png 945w, https:\/\/www.tucomarca.com\/wordpress\/segunda\/wp-content\/uploads\/2026\/04\/UnioRamadera03-300x203.png 300w, https:\/\/www.tucomarca.com\/wordpress\/segunda\/wp-content\/uploads\/2026\/04\/UnioRamadera03-768x519.png 768w\" sizes=\"auto, (max-width: 945px) 100vw, 945px\" \/><\/figure>\n<\/figure>\n\n\n\n<p><\/p>\n\n\n\n<p>\u201cNo puede ser que la publicaci\u00f3n de la informaci\u00f3n sea tantos d\u00edas despu\u00e9s del inicio de la campa\u00f1a, pero el plazo de declaraci\u00f3n sea el mismo para todos\u201d, se quejan desde La Uni\u00f3, resaltando la complejidad de su formulaci\u00f3n.<\/p>\n\n\n\n<p>La Uni\u00f3 conf\u00eda en que una vez publicada la orden de m\u00f3dulos estos contemplen todas las anomal\u00edas y cat\u00e1strofes que ha sufrido el campo valenciano y que ha trasladado a las Administraciones en tiempo y forma, como el impacto de episodios climatol\u00f3gicos, desastres naturales y enfermedades animales. En este sentido recuerda que no se trata de beneficios fiscales sino de no pagar por lo que no se ha ingresado.<\/p>\n\n\n\n<p>La organizaci\u00f3n se\u00f1ala que tanto los productores como otros sectores que hacen la declaraci\u00f3n por m\u00f3dulos representan un porcentaje elevado y no pueden contar con menos tiempo que el resto de los contribuyentes y pide a la administraci\u00f3n que lo publique cuanto antes.<\/p>\n","protected":false},"excerpt":{"rendered":"<div class=\"mh-excerpt\">La organizaci\u00f3n conf\u00eda en que una vez publicada la orden de m\u00f3dulos estos contemplen todas las anomal\u00edas y cat\u00e1strofes que ha sufrido el campo valenciano. Los agricultores y ganaderos, como el resto de las personas <a class=\"mh-excerpt-more\" href=\"https:\/\/www.tucomarca.com\/wordpress\/segunda\/la-unio-llauradora-i-ramadera-urge-a-hacienda-a-publicar-ya-la-orden-de-modulos-para-la-declaracion-del-irpf\/\" title=\"La Uni\u00f3 Llauradora i Ramadera\u00a0urge a Hacienda a publicar ya la orden de m\u00f3dulos para la declaraci\u00f3n del IRPF\">[+] <\/a><\/div>\n","protected":false},"author":12,"featured_media":299600,"comment_status":"closed","ping_status":"open","sticky":false,"template":"","format":"standard","meta":{"footnotes":""},"categories":[169,128,8,72,142,3,45],"tags":[8686,21081],"class_list":{"0":"post-299597","1":"post","2":"type-post","3":"status-publish","4":"format-standard","5":"has-post-thumbnail","7":"category-agricultura-la-comarca","8":"category-infraestructuras","9":"category-la-comarca","10":"category-sin-categorizar","11":"category-politica-la-comarca","12":"category-seccion","13":"category-ventana","14":"tag-la-unio","15":"tag-la-unio-llauradora-i-ramadera"},"_links":{"self":[{"href":"https:\/\/www.tucomarca.com\/wordpress\/segunda\/wp-json\/wp\/v2\/posts\/299597","targetHints":{"allow":["GET"]}}],"collection":[{"href":"https:\/\/www.tucomarca.com\/wordpress\/segunda\/wp-json\/wp\/v2\/posts"}],"about":[{"href":"https:\/\/www.tucomarca.com\/wordpress\/segunda\/wp-json\/wp\/v2\/types\/post"}],"author":[{"embeddable":true,"href":"https:\/\/www.tucomarca.com\/wordpress\/segunda\/wp-json\/wp\/v2\/users\/12"}],"replies":[{"embeddable":true,"href":"https:\/\/www.tucomarca.com\/wordpress\/segunda\/wp-json\/wp\/v2\/comments?post=299597"}],"version-history":[{"count":6,"href":"https:\/\/www.tucomarca.com\/wordpress\/segunda\/wp-json\/wp\/v2\/posts\/299597\/revisions"}],"predecessor-version":[{"id":299624,"href":"https:\/\/www.tucomarca.com\/wordpress\/segunda\/wp-json\/wp\/v2\/posts\/299597\/revisions\/299624"}],"wp:featuredmedia":[{"embeddable":true,"href":"https:\/\/www.tucomarca.com\/wordpress\/segunda\/wp-json\/wp\/v2\/media\/299600"}],"wp:attachment":[{"href":"https:\/\/www.tucomarca.com\/wordpress\/segunda\/wp-json\/wp\/v2\/media?parent=299597"}],"wp:term":[{"taxonomy":"category","embeddable":true,"href":"https:\/\/www.tucomarca.com\/wordpress\/segunda\/wp-json\/wp\/v2\/categories?post=299597"},{"taxonomy":"post_tag","embeddable":true,"href":"https:\/\/www.tucomarca.com\/wordpress\/segunda\/wp-json\/wp\/v2\/tags?post=299597"}],"curies":[{"name":"wp","href":"https:\/\/api.w.org\/{rel}","templated":true}]}}