{"id":299611,"date":"2026-04-22T11:00:00","date_gmt":"2026-04-22T09:00:00","guid":{"rendered":"https:\/\/www.tucomarca.com\/wordpress\/segunda\/?p=299611"},"modified":"2026-04-22T17:16:05","modified_gmt":"2026-04-22T15:16:05","slug":"ava-asaja-acusa-al-miteco-de-incautar-de-tapadillo-los-campos-arrasados-por-la-dana","status":"publish","type":"post","link":"https:\/\/www.tucomarca.com\/wordpress\/segunda\/ava-asaja-acusa-al-miteco-de-incautar-de-tapadillo-los-campos-arrasados-por-la-dana\/","title":{"rendered":"AVA-Asaja acusa al Miteco de \u201cincautar de tapadillo\u201d los campos arrasados por la DANA"},"content":{"rendered":"\n<h3 class=\"wp-block-heading\">El Gobierno mete en una revisi\u00f3n peri\u00f3dica del BOE la delimitaci\u00f3n del DPH sin ninguna compensaci\u00f3n: \u201cConsideramos que es una gesti\u00f3n torticera y miserable\u201d.<\/h3>\n\n\n\n<p>Malestar e indignaci\u00f3n entre los propietarios de explotaciones agrarias lim\u00edtrofes a barrancos y r\u00edos que quedaron arrasadas a causa de la DANA del 29 de octubre de 2024 y que pasan al Dominio P\u00fablico Hidr\u00e1ulico (DPH), es decir, a manos del Estado. La Asociaci\u00f3n Valenciana de Agricultores (AVA-Asaja) acusa al Ministerio para la Transici\u00f3n Ecol\u00f3gica y el Reto Demogr\u00e1fico (Miteco) de \u201cincautar estas propiedades privadas sin pagar ninguna compensaci\u00f3n y tratar de hacerlo adem\u00e1s de tapadillo, sin avisar previamente al sector agrario y mediante una revisi\u00f3n normativa peri\u00f3dica del BOE\u201d.&nbsp;<\/p>\n\n\n\n<p>Despu\u00e9s de m\u00e1s de un a\u00f1o de reuniones de AVA-Asaja con el Comisionado para la reconstrucci\u00f3n por la DANA y con el Miteco, en las cuales obtuvo la promesa verbal de que el Gobierno iba a estudiar la posibilidad de una compensaci\u00f3n justa a los titulares de terrenos afectados que pasar\u00edan a integrarse en el DPH, esta medida finalmente no se ha cumplido. La organizaci\u00f3n agraria se enter\u00f3 por una llamada del delegado de Sot de Chera -donde se prev\u00e9n obras de reparaci\u00f3n de da\u00f1os- y por una consulta posterior a la Comisar\u00eda de Aguas de la Confederaci\u00f3n Hidrogr\u00e1fica del J\u00facar (CHJ), de que el Gobierno est\u00e1 tramitando la revisi\u00f3n de los Mapas de Peligrosidad y Riesgo de Inundaci\u00f3n (MAPRI) en las \u00c1reas de Riesgo Potencial Significativo de Inundaci\u00f3n (ARPSI). La consulta p\u00fablica de los MAPRI se inici\u00f3 el 26 de enero, mediante un anuncio en el BOE, y si en un plazo de tres meses (acaba el pr\u00f3ximo lunes) no se presentan alegaciones, la delimitaci\u00f3n establecida del DPH tendr\u00e1 presunci\u00f3n de veracidad.<\/p>\n\n\n\n<p>El presidente de AVA-Asaja, Crist\u00f3bal Aguado, estall\u00f3 al conocer los hechos: \u201cConsideramos que la manera de actuar del Gobierno, y en concreto del Miteco, es torticera y miserable. Mientras llevamos muchos meses dialogando e intentando consensuar una soluci\u00f3n justa para los agricultores y ganaderos, nos enteramos por casualidad de que el Gobierno ha escondido bajo la capa de una consulta p\u00fablica, apunto de acabar, esta usurpaci\u00f3n de terrenos particulares al m\u00e1s puro estilo comunista. No parece la pol\u00edtica que cabr\u00eda esperar de un Estado de Derecho. Nos sentimos traicionados, la confianza que hab\u00edamos puesto en las conversaciones se ha visto rota. Creemos que el procedimiento puesto en marcha carece de la transparencia, la informaci\u00f3n previa y la sensibilidad que los propietarios afectados se merecen. Ni el Miteco estuvo antes de la riada para hacer las infraestructuras hidr\u00e1ulicas y la gesti\u00f3n de las ca\u00f1as que hubieran minimizado los da\u00f1os, ni el Miteco est\u00e1 ahora para compensarles por la tierra que les arrebata\u201d.<\/p>\n\n\n\n<figure class=\"wp-block-image size-full\"><img loading=\"lazy\" decoding=\"async\" width=\"1000\" height=\"609\" src=\"https:\/\/www.tucomarca.com\/wordpress\/segunda\/wp-content\/uploads\/2026\/04\/ava_charla_dph_sot_de_chera.jpg\" alt=\"\" class=\"wp-image-299615\" srcset=\"https:\/\/www.tucomarca.com\/wordpress\/segunda\/wp-content\/uploads\/2026\/04\/ava_charla_dph_sot_de_chera.jpg 1000w, https:\/\/www.tucomarca.com\/wordpress\/segunda\/wp-content\/uploads\/2026\/04\/ava_charla_dph_sot_de_chera-300x183.jpg 300w, https:\/\/www.tucomarca.com\/wordpress\/segunda\/wp-content\/uploads\/2026\/04\/ava_charla_dph_sot_de_chera-768x468.jpg 768w\" sizes=\"auto, (max-width: 1000px) 100vw, 1000px\" \/><\/figure>\n\n\n\n<p><\/p>\n\n\n\n<p><strong>Informaci\u00f3n y reivindicaci\u00f3n<\/strong><\/p>\n\n\n\n<p>AVA-Asaja ya ha emprendido una campa\u00f1a de informaci\u00f3n y reivindicaci\u00f3n a todos los niveles para tratar de reconducir la situaci\u00f3n y lograr una \u201crectificaci\u00f3n r\u00e1pida y contundente del Gobierno que conceda una respuesta digna a estos agricultores y ganaderos\u201d. Por un lado, ha enviado cartas a la ministra del Miteco, Sara Aagesen; as\u00ed como al ministro de Agricultura, Luis Planas; la Comisionada del Gobierno para la recuperaci\u00f3n por la DANA, Zulima P\u00e9rez; y el presidente de la CHJ, Miguel Polo, en las cuales manifiesta su rechazo a la actuaci\u00f3n emprendida en relaci\u00f3n con el DPH y exige la referida compensaci\u00f3n econ\u00f3mica. Asimismo, pide la colaboraci\u00f3n en este sentido al President de la Generalitat Valenciana, Juanfran P\u00e9rez Llorca, el conseller de Agricultura, Miguel Barrachina, el conseller de Medio Ambiente y de la Recuperaci\u00f3n, Vicente Mart\u00ednez, y el presidente de la Confederaci\u00f3n Empresarial Valenciana (CEV), Vicente Lafuente.<\/p>\n\n\n\n<p>Al mismo tiempo, AVA-Asaja refuerza el asesoramiento a las personas damnificadas. T\u00e9cnicos y abogados de la asociaci\u00f3n impartieron ayer una charla informativa en Sot de Chera, durante la cual informaron de las cuestiones legales y aclararon las dudas planteadas. La asociaci\u00f3n no descarta acudir a los tribunales para conseguir una compensaci\u00f3n que considera justa y leg\u00edtima.<\/p>\n\n\n\n<p><strong>540 d\u00edas despu\u00e9s<\/strong><\/p>\n\n\n\n<p>Como consecuencia de la DANA, m\u00e1s de 300 hect\u00e1reas de parcelas agrarias pr\u00f3ximas a cauces quedaron gravemente afectadas, en muchos casos totalmente desaparecidas. Al no ser una crecida ordinaria, como contempla la Ley de Aguas, AVA-Asaja propuso a la Administraci\u00f3n que, en lugar de destinar ingentes fondos p\u00fablicos a restaurar estas parcelas, aprobara una l\u00ednea de indemnizaciones en su paso al DPH. De ese modo, la Administraci\u00f3n ahorrar\u00eda dinero, los cauces ver\u00edan ampliada su anchura y los propietarios recibir\u00edan una compensaci\u00f3n suficiente para poner en marcha otra explotaci\u00f3n en un \u00e1rea no inundable.<\/p>\n\n\n\n<p>A ra\u00edz de la Orden APA\/383\/2025, el Ministerio de Agricultura mostr\u00f3 su buena voluntad al establecer una compensaci\u00f3n, por la p\u00e9rdida de renta por los da\u00f1os en infraestructuras, de 11.800 euros por hect\u00e1rea, pero por parte del Miteco no se atendi\u00f3 la demanda de adoptar otra compensaci\u00f3n por la p\u00e9rdida de unos terrenos privados que pasar\u00edan a integrarse en el DPH. 540 d\u00edas despu\u00e9s de la DANA, la soluci\u00f3n sigue neg\u00e1ndose a los afectados. Aguado afirm\u00f3 que \u201cno entendemos que dos ministerios del mismo Gobierno sean tan diferentes a la hora de atender a los damnificados por la DANA. Con una inversi\u00f3n tan grande del Gobierno, mientras el Ministerio de Agricultura ha echado una mano, el Miteco tira por el suelo todo el esfuerzo por el chocolate del loro\u201d.<\/p>\n","protected":false},"excerpt":{"rendered":"<div class=\"mh-excerpt\">El Gobierno mete en una revisi\u00f3n peri\u00f3dica del BOE la delimitaci\u00f3n del DPH sin ninguna compensaci\u00f3n: \u201cConsideramos que es una gesti\u00f3n torticera y miserable\u201d. Malestar e indignaci\u00f3n entre los propietarios de explotaciones agrarias lim\u00edtrofes a <a class=\"mh-excerpt-more\" href=\"https:\/\/www.tucomarca.com\/wordpress\/segunda\/ava-asaja-acusa-al-miteco-de-incautar-de-tapadillo-los-campos-arrasados-por-la-dana\/\" title=\"AVA-Asaja acusa al Miteco de \u201cincautar de tapadillo\u201d los campos arrasados por la DANA\">[+] <\/a><\/div>\n","protected":false},"author":12,"featured_media":299613,"comment_status":"closed","ping_status":"open","sticky":false,"template":"","format":"standard","meta":{"footnotes":""},"categories":[169,21465,128,8,72,59,117,142,3,197,116,45],"tags":[328,12831,10400,18021,10449],"class_list":{"0":"post-299611","1":"post","2":"type-post","3":"status-publish","4":"format-standard","5":"has-post-thumbnail","7":"category-agricultura-la-comarca","8":"category-dana","9":"category-infraestructuras","10":"category-la-comarca","11":"category-sin-categorizar","12":"category-los-serranos","13":"category-medio-ambiente-la-comarca","14":"category-politica-la-comarca","15":"category-seccion","16":"category-sot-de-chera","17":"category-sucesos-la-comarca","18":"category-ventana","19":"tag-ava-asaja","20":"tag-dana-2","21":"tag-los-serranos","22":"tag-miteco","23":"tag-sot-de-chera"},"_links":{"self":[{"href":"https:\/\/www.tucomarca.com\/wordpress\/segunda\/wp-json\/wp\/v2\/posts\/299611","targetHints":{"allow":["GET"]}}],"collection":[{"href":"https:\/\/www.tucomarca.com\/wordpress\/segunda\/wp-json\/wp\/v2\/posts"}],"about":[{"href":"https:\/\/www.tucomarca.com\/wordpress\/segunda\/wp-json\/wp\/v2\/types\/post"}],"author":[{"embeddable":true,"href":"https:\/\/www.tucomarca.com\/wordpress\/segunda\/wp-json\/wp\/v2\/users\/12"}],"replies":[{"embeddable":true,"href":"https:\/\/www.tucomarca.com\/wordpress\/segunda\/wp-json\/wp\/v2\/comments?post=299611"}],"version-history":[{"count":3,"href":"https:\/\/www.tucomarca.com\/wordpress\/segunda\/wp-json\/wp\/v2\/posts\/299611\/revisions"}],"predecessor-version":[{"id":299622,"href":"https:\/\/www.tucomarca.com\/wordpress\/segunda\/wp-json\/wp\/v2\/posts\/299611\/revisions\/299622"}],"wp:featuredmedia":[{"embeddable":true,"href":"https:\/\/www.tucomarca.com\/wordpress\/segunda\/wp-json\/wp\/v2\/media\/299613"}],"wp:attachment":[{"href":"https:\/\/www.tucomarca.com\/wordpress\/segunda\/wp-json\/wp\/v2\/media?parent=299611"}],"wp:term":[{"taxonomy":"category","embeddable":true,"href":"https:\/\/www.tucomarca.com\/wordpress\/segunda\/wp-json\/wp\/v2\/categories?post=299611"},{"taxonomy":"post_tag","embeddable":true,"href":"https:\/\/www.tucomarca.com\/wordpress\/segunda\/wp-json\/wp\/v2\/tags?post=299611"}],"curies":[{"name":"wp","href":"https:\/\/api.w.org\/{rel}","templated":true}]}}