{"id":299626,"date":"2026-04-22T12:15:00","date_gmt":"2026-04-22T10:15:00","guid":{"rendered":"https:\/\/www.tucomarca.com\/wordpress\/segunda\/?p=299626"},"modified":"2026-04-23T00:42:05","modified_gmt":"2026-04-22T22:42:05","slug":"la-diputacio-abre-al-trafico-el-tronco-principal-de-la-cv-370-entre-manises-y-riba-roja-de-turia-y-afronta-la-fase-final-de-las-obras","status":"publish","type":"post","link":"https:\/\/www.tucomarca.com\/wordpress\/segunda\/la-diputacio-abre-al-trafico-el-tronco-principal-de-la-cv-370-entre-manises-y-riba-roja-de-turia-y-afronta-la-fase-final-de-las-obras\/","title":{"rendered":"La Diputaci\u00f3 abre al tr\u00e1fico el tronco principal de la CV-370 entre Manises y Riba-roja de T\u00faria y afronta la fase final de las obras"},"content":{"rendered":"\n<h3 class=\"wp-block-heading\">La apertura t\u00e9cnica permitir\u00e1 mejorar la circulaci\u00f3n en una v\u00eda estrat\u00e9gica mientras contin\u00faan los trabajos pendientes hasta la finalizaci\u00f3n completa del proyecto denominado\u00a0<em>V\u00eda parque del T\u00faria Manises \u2013 Riba-roja<\/em>.<\/h3>\n\n\n\n<h3 class=\"wp-block-heading\">Reme Mazzolari indica que se trata de una \u00abapertura t\u00e9cnica para mejorar la fluidez del tr\u00e1fico mientras contin\u00faan los \u00faltimos trabajos antes de culminar la obra en su totalidad.<\/h3>\n\n\n\n<p>La Diputaci\u00f3 de Val\u00e8ncia ha abierto al tr\u00e1fico ya el tronco principal de la carretera CV-370, en el tramo que une Manises y Riba-roja de T\u00faria, dentro de las obras de desdoblamiento impulsadas por el \u00e1rea de Carreteras para aumentar la seguridad vial y mejorar la capacidad de una de las conexiones con mayor intensidad de tr\u00e1fico del entorno metropolitano.<\/p>\n\n\n\n<p>La diputada de Carreteras y vicepresidenta segunda de la Diputaci\u00f3, Reme Mazzolari, explica que \u00abse trata de una apertura de t\u00e9cnica para habilitar la circulaci\u00f3n por el eje principal de la nueva plataforma\u00bb y destaca que \u00abesto generar\u00e1 una mejora inmediata en la fluidez del tr\u00e1fico mientras contin\u00faan los \u00faltimos trabajos antes de culminar la obra en su totalidad\u00bb.<\/p>\n\n\n\n<p>Mazzolari a\u00f1ade que \u201ccuando finalice definitivamente esta actuaci\u00f3n, la Diputaci\u00f3 estudiar\u00e1 solicitar la cesi\u00f3n de la titularidad de la v\u00eda a la Generalitat, ya que nuestra prioridad es concentrar esfuerzos e inversiones en carreteras secundarias y comarcales que vertebran el territorio y prestan servicio directo a los municipios m\u00e1s peque\u00f1os\u201d.<\/p>\n\n\n\n<p>Asimismo, la responsable provincial indica que \u00abla prioridad ahora es que Red El\u00e9ctrica proceda a retirar las torres el\u00e9ctricas de alta tensi\u00f3n que hay en la zona para poder rematar los trabajos de mejora de la seguridad de una v\u00eda que registra el paso de m\u00e1s de 20.000 veh\u00edculos cada d\u00eda\u00bb.<\/p>\n\n\n\n<figure class=\"wp-block-gallery has-nested-images columns-default is-cropped wp-block-gallery-1 is-layout-flex wp-block-gallery-is-layout-flex\">\n<figure class=\"wp-block-image size-large\"><img loading=\"lazy\" decoding=\"async\" width=\"1024\" height=\"576\" data-id=\"299637\" src=\"https:\/\/www.tucomarca.com\/wordpress\/segunda\/wp-content\/uploads\/2026\/04\/ManRib4-1024x576.jpeg\" alt=\"\" class=\"wp-image-299637\" srcset=\"https:\/\/www.tucomarca.com\/wordpress\/segunda\/wp-content\/uploads\/2026\/04\/ManRib4-1024x576.jpeg 1024w, https:\/\/www.tucomarca.com\/wordpress\/segunda\/wp-content\/uploads\/2026\/04\/ManRib4-300x169.jpeg 300w, https:\/\/www.tucomarca.com\/wordpress\/segunda\/wp-content\/uploads\/2026\/04\/ManRib4-768x432.jpeg 768w, https:\/\/www.tucomarca.com\/wordpress\/segunda\/wp-content\/uploads\/2026\/04\/ManRib4-1536x864.jpeg 1536w, https:\/\/www.tucomarca.com\/wordpress\/segunda\/wp-content\/uploads\/2026\/04\/ManRib4-678x381.jpeg 678w, https:\/\/www.tucomarca.com\/wordpress\/segunda\/wp-content\/uploads\/2026\/04\/ManRib4.jpeg 2040w\" sizes=\"auto, (max-width: 1024px) 100vw, 1024px\" \/><\/figure>\n\n\n\n<figure class=\"wp-block-image size-large\"><img loading=\"lazy\" decoding=\"async\" width=\"1024\" height=\"768\" data-id=\"299635\" src=\"https:\/\/www.tucomarca.com\/wordpress\/segunda\/wp-content\/uploads\/2026\/04\/ManRib2-1024x768.jpeg\" alt=\"\" class=\"wp-image-299635\" srcset=\"https:\/\/www.tucomarca.com\/wordpress\/segunda\/wp-content\/uploads\/2026\/04\/ManRib2-1024x768.jpeg 1024w, https:\/\/www.tucomarca.com\/wordpress\/segunda\/wp-content\/uploads\/2026\/04\/ManRib2-300x225.jpeg 300w, https:\/\/www.tucomarca.com\/wordpress\/segunda\/wp-content\/uploads\/2026\/04\/ManRib2-768x576.jpeg 768w, https:\/\/www.tucomarca.com\/wordpress\/segunda\/wp-content\/uploads\/2026\/04\/ManRib2-1536x1152.jpeg 1536w, https:\/\/www.tucomarca.com\/wordpress\/segunda\/wp-content\/uploads\/2026\/04\/ManRib2-678x509.jpeg 678w, https:\/\/www.tucomarca.com\/wordpress\/segunda\/wp-content\/uploads\/2026\/04\/ManRib2-326x245.jpeg 326w, https:\/\/www.tucomarca.com\/wordpress\/segunda\/wp-content\/uploads\/2026\/04\/ManRib2-80x60.jpeg 80w, https:\/\/www.tucomarca.com\/wordpress\/segunda\/wp-content\/uploads\/2026\/04\/ManRib2.jpeg 1600w\" sizes=\"auto, (max-width: 1024px) 100vw, 1024px\" \/><\/figure>\n<\/figure>\n\n\n\n<p><\/p>\n\n\n\n<p><strong>Una gran obra dividida en cuatro fases<\/strong><\/p>\n\n\n\n<p>Dada la envergadura de la intervenci\u00f3n en la CV-370, el \u00e1rea de Carreteras de la Diputaci\u00f3 de Val\u00e8ncia ha desarrollado las actuaciones en cuatro fases diferenciadas.<\/p>\n\n\n\n<p>Los trabajos de esta cuarta y \u00faltima fase, que cuentan con un presupuesto de 12,5 millones de euros, consisten en la duplicaci\u00f3n de la calzada con control total de accesos, segregando el tr\u00e1fico vecinal y el de paso mediante v\u00edas de servicio.&nbsp;<\/p>\n\n\n\n<p>As\u00ed, para el acceso a las urbanizaciones Montemayor, el Collado y la Presa, se podr\u00e1 hacer a trav\u00e9s de dos glorietas unidas mediante una nueva estructura bajo la que discurre el tronco principal de la v\u00eda.<\/p>\n\n\n\n<p>Adem\u00e1s, la mejora de la seguridad vial se ver\u00e1 reforzada con la construcci\u00f3n de una v\u00eda ciclopeatonal, que contin\u00faa el tramo ya ejecutado de las tres primeras fases. Tambi\u00e9n se prev\u00e9n actuaciones de restauraci\u00f3n paisaj\u00edsticas con plantaci\u00f3n de \u00e1rboles y arbustos, as\u00ed como la instalaci\u00f3n de pantallas ac\u00fasticas y la ejecuci\u00f3n de pasos de fauna.<\/p>\n\n\n\n<p>Las obras se completan con la ejecuci\u00f3n de obras de drenaje y urbanizaci\u00f3n, reubicaci\u00f3n de las paradas del servicio de autobuses, redes de alumbrado, se\u00f1alizaci\u00f3n, instalaci\u00f3n de sistemas de contenci\u00f3n y reposici\u00f3n de servicios afectados, como es el caso del desv\u00edo a la conducci\u00f3n de agua potable.<\/p>\n","protected":false},"excerpt":{"rendered":"<div class=\"mh-excerpt\">La apertura t\u00e9cnica permitir\u00e1 mejorar la circulaci\u00f3n en una v\u00eda estrat\u00e9gica mientras contin\u00faan los trabajos pendientes hasta la finalizaci\u00f3n completa del proyecto denominado\u00a0V\u00eda parque del T\u00faria Manises \u2013 Riba-roja. Reme Mazzolari indica que se trata <a class=\"mh-excerpt-more\" href=\"https:\/\/www.tucomarca.com\/wordpress\/segunda\/la-diputacio-abre-al-trafico-el-tronco-principal-de-la-cv-370-entre-manises-y-riba-roja-de-turia-y-afronta-la-fase-final-de-las-obras\/\" title=\"La Diputaci\u00f3 abre al tr\u00e1fico el tronco principal de la CV-370 entre Manises y Riba-roja de T\u00faria y afronta la fase final de las obras\">[+] <\/a><\/div>\n","protected":false},"author":12,"featured_media":299633,"comment_status":"closed","ping_status":"open","sticky":false,"template":"","format":"gallery","meta":{"footnotes":""},"categories":[46,128,8,117,142,182,3,45],"tags":[10395,21628,15903,3677,15023],"class_list":{"0":"post-299626","1":"post","2":"type-post","3":"status-publish","4":"format-gallery","5":"has-post-thumbnail","7":"category-camp-de-turia","8":"category-infraestructuras","9":"category-la-comarca","10":"category-medio-ambiente-la-comarca","11":"category-politica-la-comarca","12":"category-riba-roja","13":"category-seccion","14":"category-ventana","15":"tag-camp-de-turia","16":"tag-carreteras-de-la-diputacion","17":"tag-cv-370","18":"tag-diputacio-de-valencia","19":"tag-riba-roja-de-turia","20":"post_format-post-format-gallery"},"_links":{"self":[{"href":"https:\/\/www.tucomarca.com\/wordpress\/segunda\/wp-json\/wp\/v2\/posts\/299626","targetHints":{"allow":["GET"]}}],"collection":[{"href":"https:\/\/www.tucomarca.com\/wordpress\/segunda\/wp-json\/wp\/v2\/posts"}],"about":[{"href":"https:\/\/www.tucomarca.com\/wordpress\/segunda\/wp-json\/wp\/v2\/types\/post"}],"author":[{"embeddable":true,"href":"https:\/\/www.tucomarca.com\/wordpress\/segunda\/wp-json\/wp\/v2\/users\/12"}],"replies":[{"embeddable":true,"href":"https:\/\/www.tucomarca.com\/wordpress\/segunda\/wp-json\/wp\/v2\/comments?post=299626"}],"version-history":[{"count":4,"href":"https:\/\/www.tucomarca.com\/wordpress\/segunda\/wp-json\/wp\/v2\/posts\/299626\/revisions"}],"predecessor-version":[{"id":299648,"href":"https:\/\/www.tucomarca.com\/wordpress\/segunda\/wp-json\/wp\/v2\/posts\/299626\/revisions\/299648"}],"wp:featuredmedia":[{"embeddable":true,"href":"https:\/\/www.tucomarca.com\/wordpress\/segunda\/wp-json\/wp\/v2\/media\/299633"}],"wp:attachment":[{"href":"https:\/\/www.tucomarca.com\/wordpress\/segunda\/wp-json\/wp\/v2\/media?parent=299626"}],"wp:term":[{"taxonomy":"category","embeddable":true,"href":"https:\/\/www.tucomarca.com\/wordpress\/segunda\/wp-json\/wp\/v2\/categories?post=299626"},{"taxonomy":"post_tag","embeddable":true,"href":"https:\/\/www.tucomarca.com\/wordpress\/segunda\/wp-json\/wp\/v2\/tags?post=299626"}],"curies":[{"name":"wp","href":"https:\/\/api.w.org\/{rel}","templated":true}]}}