{"id":299627,"date":"2026-04-22T12:30:00","date_gmt":"2026-04-22T10:30:00","guid":{"rendered":"https:\/\/www.tucomarca.com\/wordpress\/segunda\/?p=299627"},"modified":"2026-04-23T00:40:26","modified_gmt":"2026-04-22T22:40:26","slug":"la-diputacio-invierte-12-millones-en-la-recuperacion-de-30-joyas-patrimoniales-de-13-comarcas-valencianas","status":"publish","type":"post","link":"https:\/\/www.tucomarca.com\/wordpress\/segunda\/la-diputacio-invierte-12-millones-en-la-recuperacion-de-30-joyas-patrimoniales-de-13-comarcas-valencianas\/","title":{"rendered":"La Diputaci\u00f3 invierte 12 millones en la recuperaci\u00f3n de 30 joyas patrimoniales de 13 comarcas valencianas"},"content":{"rendered":"\n<h3 class=\"wp-block-heading\">La vicepresidenta Nat\u00e0lia Enguix, responsable de Cooperaci\u00f3n, anuncia los proyectos aprobados en un plan de Recuperaci\u00f3n del Patrimonio que ha rescatado despu\u00e9s de ocho a\u00f1os: \u201ceste programa nunca debi\u00f3 abandonarse\u201d.<\/h3>\n\n\n\n<h3 class=\"wp-block-heading\">El presidente, Vicent Momp\u00f3, destaca la voluntad de la Diputaci\u00f3n de \u201cseguir actuando en los castillos, torres, palacios y ermitas que guardan nuestra historia con otros cinco millones que atender\u00e1n las solicitudes presentadas\u201d.<\/h3>\n\n\n\n<h3 class=\"wp-block-heading\">Entre los proyectos financiados destacan la recuperaci\u00f3n de los palacios de Benissuera, Quartell y Alfara del Patriarca, las torres de L\u2019Eliana y Montroi, la ermita de Teresa de Cofrentes, el molino de Benifl\u00e0 y el monasterio de X\u00e0tiva.<\/h3>\n\n\n\n<p>La Diputaci\u00f3 de Val\u00e8ncia ha anunciado este mi\u00e9rcoles los 30 proyectos aprobados en otros tantos municipios para la rehabilitaci\u00f3n de joyas patrimoniales de 13 comarcas. Con una inversi\u00f3n cercana a los 12 millones de euros, el Plan de Recuperaci\u00f3n del Patrimonio Valenciano tiene como objetivo \u201crestaurar bienes inmuebles que aportan identidad al territorio y nos acercan a nuestra historia\u201d, ha explicado la vicepresidenta Nat\u00e1lia Enguix, quien ha considerado que el programa \u201cnunca debi\u00f3 abandonarse\u201d. Por su parte, el presidente, Vicent Momp\u00f3, ha avanzado la intenci\u00f3n de la corporaci\u00f3n de ampliar el n\u00famero de municipios beneficiados con otros cinco millones de euros: \u201cde esta forma podremos atender todas las solicitudes presentadas\u201d.<\/p>\n\n\n\n<p>Ante medio centenar de alcaldes y alcaldesas, la responsable de Cooperaci\u00f3n Municipal y coordinadora del plan ha expuesto una a una las actuaciones que acometer\u00e1n los ayuntamientos en los pr\u00f3ximos meses en edificios catalogados como BIC o Bienes de Relevancia Local. \u201cEn esta primera convocatoria, despu\u00e9s de ocho a\u00f1os sin que se haya puesto en marcha el programa, hemos atendido todas las solicitudes que hemos podido, pero nuestra intenci\u00f3n es no dejar a nadie fuera y seguir recuperando el rico patrimonio que forma parte de la historia de nuestros pueblos y comarcas\u201d, ha afirmado Nat\u00e0lia Enguix en referencia a la ampliaci\u00f3n presupuestaria anunciada por el presidente.<\/p>\n\n\n\n<p>Todas las actuaciones financiadas tienen un presupuesto superior a 100.000 euros y pueden recibir una subvenci\u00f3n de hasta el mill\u00f3n de euros en el caso de Bienes de Inter\u00e9s Cultural y hasta 500.000 para los Bienes de Relevancia Local. El 75% de la ayuda concedida se pagar\u00e1 en el momento de la adjudicaci\u00f3n de las obras y el resto tras la justificaci\u00f3n de los trabajos. \u201cHablamos de castillos, torres, palacios, ermitas y otros edificios hist\u00f3ricos en los que la Diputaci\u00f3n seguir\u00e1 interviniendo para evitar su deterioro e impulsar su impacto en el turismo\u201d, ha se\u00f1alado el presidente Momp\u00f3.<\/p>\n\n\n\n<p>En palabras del m\u00e1ximo responsable provincial, \u201choy estamos aqu\u00ed para acabar con un silencio administrativo que ha durado ocho a\u00f1os, para responder con hechos e inversi\u00f3n a quienes vaticinaban que \u00edbamos a condenar a la par\u00e1lisis a nuestros pueblos por no tener presupuesto\u201d. La respuesta del gobierno que encabeza Momp\u00f3 es \u201cel mayor impulso al patrimonio valenciano en la \u00faltima d\u00e9cada, una apuesta estrat\u00e9gica que no es un plan de chapa y pintura, sino un ejemplo de justicia territorial, de invertir en nuestra historia respetando el pasado y mirando hacia el futuro, con proyectos que generan trabajo, crean turismo y dan motivo a nuestra gente para que se quede a vivir en sus pueblos\u201d.<\/p>\n\n\n\n<p><strong>Proyectos destacados<\/strong><\/p>\n\n\n\n<p>Entre los proyectos que ven la luz en este retorno del plan provincial de Recuperaci\u00f3n del Patrimonio Valenciano, destacan la rehabilitaci\u00f3n del Palacio de los Bellvis de Benissuera, con una inversi\u00f3n de 950.000 euros; la recuperaci\u00f3n de las murallas que unen las torres del castillo de Castielfabib (512.000 euros); la rehabilitaci\u00f3n de la Torre del Virrey de L\u2019Eliana (623.000 euros); la consolidaci\u00f3n del Palacio de los Condes Orbe y Pini\u00e9s de Quartell (500.000 euros); la restauraci\u00f3n de la Ermita de la Santa Cruz de Teresa de Cofrentes (482.000 euros);&nbsp; la habilitaci\u00f3n del Molino Harinero de Benifl\u00e0 como centro expositivo (500.000 euros); la rehabilitaci\u00f3n de la Torre de Montroi (816.000 euros); y las intervenciones en el Real Monasterio de Santa Clara de X\u00e0tiva y el Palacio de la Se\u00f1or\u00eda de Alfara del Patriarca, ambas con una aportaci\u00f3n de un mill\u00f3n de euros por parte de la Diputaci\u00f3n.<\/p>\n\n\n\n<p>En el \u00e1mbito comarcal, empezamos el recorrido por la Vall d\u2019Albaida, con una inversi\u00f3n de 2,2 millones de euros en edificios hist\u00f3ricos de Aielo de Malferit, Bell\u00fas, Llutxent, la Pobla del Duc y Benissuera. Le siguen el Camp de T\u00faria, con actuaciones en Benisan\u00f3, Olocau, Serra y L\u2019Eliana por importe de 1,4 millones; y l\u2019Horta, con una asignaci\u00f3n conjunta de 1,4 millones para las intervenciones en Vinalesa, Albalat dels Sorells y Alfara del Patriarca (l\u2019Horta Nord) y en Beniparrell (l\u2019Horta Sud).<\/p>\n\n\n\n<p>Tambi\u00e9n por encima del mill\u00f3n de euros en dotaci\u00f3n patrimonial se encuentran la Costera, con proyectos en Moixent y X\u00e0tiva; la Safor, con actuaciones en Potries, R\u00f2tova, Almoines y Benifl\u00e0; y la Ribera Alta, con trabajos de restauraci\u00f3n del patrimonio en Guadassuar y Montroi. El listado lo completan el Valle de Ayora, con 822.000 euros para Cortes de Pall\u00e1s y Teresa de Cofrentes; el Camp de Morvedre, con 757.000 euros para Canet d\u2019en Berenguer y Quartell; el Rinc\u00f3n de Ademuz, con 662.000 euros para Torrebaja y Castielfabib; la Serran\u00eda, con una \u00fanica actuaci\u00f3n en Alpuente (333.000 euros); la Canal de Navarr\u00e9s, con 268.000 euros para Bolbaite; y la plana Utiel-Requena, que tiene aprobada la solicitud de Chera por valor de 243.000 euros.<\/p>\n\n\n\n<p>La vicepresidenta Enguix ha explicado que \u201calgunas de las actuaciones dan respuesta a edificios afectados por la dana, y otras simplemente servir\u00e1n para mejorar las condiciones de inmuebles con un importante valor patrimonial que han sufrido un grave deterioro al no actuar en su conservaci\u00f3n\u201d. El presidente Momp\u00f3, por su parte, ha insistido en que \u201cno hemos venido a administrar la nostalgia de lo que fuimos, sino a construir el orgullo de lo que somos, rescatando del olvido nuestros palacios, castillos y ermitas y haciendo el esfuerzo que merece nuestra historia\u201d.<\/p>\n\n\n\n<figure class=\"wp-block-image size-large\"><img loading=\"lazy\" decoding=\"async\" width=\"1024\" height=\"665\" src=\"https:\/\/www.tucomarca.com\/wordpress\/segunda\/wp-content\/uploads\/2026\/04\/DipuPatrimonio-1024x665.jpg\" alt=\"\" class=\"wp-image-299629\" srcset=\"https:\/\/www.tucomarca.com\/wordpress\/segunda\/wp-content\/uploads\/2026\/04\/DipuPatrimonio-1024x665.jpg 1024w, https:\/\/www.tucomarca.com\/wordpress\/segunda\/wp-content\/uploads\/2026\/04\/DipuPatrimonio-300x195.jpg 300w, https:\/\/www.tucomarca.com\/wordpress\/segunda\/wp-content\/uploads\/2026\/04\/DipuPatrimonio-768x499.jpg 768w, https:\/\/www.tucomarca.com\/wordpress\/segunda\/wp-content\/uploads\/2026\/04\/DipuPatrimonio-1536x998.jpg 1536w, https:\/\/www.tucomarca.com\/wordpress\/segunda\/wp-content\/uploads\/2026\/04\/DipuPatrimonio-2048x1331.jpg 2048w\" sizes=\"auto, (max-width: 1024px) 100vw, 1024px\" \/><\/figure>\n\n\n\n<p><\/p>\n\n\n\n<p><strong>Impulso econ\u00f3mico y huella permanente<\/strong><\/p>\n\n\n\n<p>En la misma l\u00ednea se ha expresado el arquitecto Tirso \u00c1vila, t\u00e9cnico especialista en intervenci\u00f3n en Patrimonio, al asegurar que el plan de subvenciones impulsado por la Diputaci\u00f3n \u201csupone la recuperaci\u00f3n de una tradici\u00f3n importante de apoyo al patrimonio inmueble de la provincia\u201d. Una de las grandes virtudes del programa, en opini\u00f3n del experto, \u201ces que lo promueve una administraci\u00f3n que conoce de primera mano el territorio, con una visi\u00f3n directa de los municipios, de sus necesidades y de las dificultades que afrontan\u201d.<\/p>\n\n\n\n<p>El propio Tirso \u00c1vila ha recordado que existen \u201cotras l\u00edneas de ayudas desde diferentes administraciones, pero muchas veces responden a criterios estrictamente t\u00e9cnicos que dejan fuera a peque\u00f1os municipios, que no siempre tienen la capacidad para desarrollar proyectos complejos\u201d. En este sentido, \u201cla Diputaci\u00f3n desempe\u00f1a un papel clave, no solo aportando financiaci\u00f3n, sino tambi\u00e9n facilitando la gesti\u00f3n y haciendo viables las actuaciones\u201d, ha apuntado el t\u00e9cnico.<\/p>\n\n\n\n<p>\u00c1vila es adem\u00e1s responsable de algunos de los proyectos que han sido aprobados por los t\u00e9cnicos del \u00e1rea provincial de Cooperaci\u00f3n. En referencia a lo que supondr\u00e1n estas actuaciones en los municipios, ha destacado que los trabajos \u201cgeneran una primera actividad econ\u00f3mica directa, que es la propia obra, pero adem\u00e1s dejan una huella permanente en el territorio, al tratarse de una inversi\u00f3n sostenible que enriquece el patrimonio, dinamiza la econom\u00eda local y abre la puerta a nuevas actividades culturales y tur\u00edsticas\u201d, ha concluido.&nbsp;<\/p>\n","protected":false},"excerpt":{"rendered":"<div class=\"mh-excerpt\">La vicepresidenta Nat\u00e0lia Enguix, responsable de Cooperaci\u00f3n, anuncia los proyectos aprobados en un plan de Recuperaci\u00f3n del Patrimonio que ha rescatado despu\u00e9s de ocho a\u00f1os: \u201ceste programa nunca debi\u00f3 abandonarse\u201d. El presidente, Vicent Momp\u00f3, destaca <a class=\"mh-excerpt-more\" href=\"https:\/\/www.tucomarca.com\/wordpress\/segunda\/la-diputacio-invierte-12-millones-en-la-recuperacion-de-30-joyas-patrimoniales-de-13-comarcas-valencianas\/\" title=\"La Diputaci\u00f3 invierte 12 millones en la recuperaci\u00f3n de 30 joyas patrimoniales de 13 comarcas valencianas\">[+] <\/a><\/div>\n","protected":false},"author":1,"featured_media":299631,"comment_status":"closed","ping_status":"open","sticky":false,"template":"","format":"standard","meta":{"footnotes":""},"categories":[49,198,39,38,237,376,46,226,138,40,143,177,70,72,42,59,160,181,27,76,232,228,45],"tags":[10397,10540,10395,3677,3640,3912,10400,10387],"class_list":{"0":"post-299627","1":"post","2":"type-post","3":"status-publish","4":"format-standard","5":"has-post-thumbnail","7":"category-ademuz","8":"category-alpuente","9":"category-ayora","10":"category-ayora-cofrentes","11":"category-benisano","12":"category-bolbaite","13":"category-camp-de-turia","14":"category-castielfabib","15":"category-chera","16":"category-cortes-de-pallas","17":"category-guadassuar","18":"category-leliana","19":"category-la-canal-de-navarres","20":"category-sin-categorizar","21":"category-la-ribera","22":"category-los-serranos","23":"category-montroi","24":"category-olocau","25":"category-requena-utiel","26":"category-serra","27":"category-teresa-de-cofrentes","28":"category-torrebaja","29":"category-ventana","30":"tag-ademuz","31":"tag-ayora-cofrentes","32":"tag-camp-de-turia","33":"tag-diputacio-de-valencia","34":"tag-la-ribera-alta","35":"tag-la-serrania","36":"tag-los-serranos","37":"tag-requena-utiel"},"_links":{"self":[{"href":"https:\/\/www.tucomarca.com\/wordpress\/segunda\/wp-json\/wp\/v2\/posts\/299627","targetHints":{"allow":["GET"]}}],"collection":[{"href":"https:\/\/www.tucomarca.com\/wordpress\/segunda\/wp-json\/wp\/v2\/posts"}],"about":[{"href":"https:\/\/www.tucomarca.com\/wordpress\/segunda\/wp-json\/wp\/v2\/types\/post"}],"author":[{"embeddable":true,"href":"https:\/\/www.tucomarca.com\/wordpress\/segunda\/wp-json\/wp\/v2\/users\/1"}],"replies":[{"embeddable":true,"href":"https:\/\/www.tucomarca.com\/wordpress\/segunda\/wp-json\/wp\/v2\/comments?post=299627"}],"version-history":[{"count":2,"href":"https:\/\/www.tucomarca.com\/wordpress\/segunda\/wp-json\/wp\/v2\/posts\/299627\/revisions"}],"predecessor-version":[{"id":299647,"href":"https:\/\/www.tucomarca.com\/wordpress\/segunda\/wp-json\/wp\/v2\/posts\/299627\/revisions\/299647"}],"wp:featuredmedia":[{"embeddable":true,"href":"https:\/\/www.tucomarca.com\/wordpress\/segunda\/wp-json\/wp\/v2\/media\/299631"}],"wp:attachment":[{"href":"https:\/\/www.tucomarca.com\/wordpress\/segunda\/wp-json\/wp\/v2\/media?parent=299627"}],"wp:term":[{"taxonomy":"category","embeddable":true,"href":"https:\/\/www.tucomarca.com\/wordpress\/segunda\/wp-json\/wp\/v2\/categories?post=299627"},{"taxonomy":"post_tag","embeddable":true,"href":"https:\/\/www.tucomarca.com\/wordpress\/segunda\/wp-json\/wp\/v2\/tags?post=299627"}],"curies":[{"name":"wp","href":"https:\/\/api.w.org\/{rel}","templated":true}]}}