{"id":299655,"date":"2026-04-23T10:30:00","date_gmt":"2026-04-23T08:30:00","guid":{"rendered":"https:\/\/www.tucomarca.com\/wordpress\/segunda\/?p=299655"},"modified":"2026-04-23T19:33:54","modified_gmt":"2026-04-23T17:33:54","slug":"requena-y-utiel-recuperan-el-suministro-electrico-tras-una-caida-de-cinco-horas-por-el-accidente-de-un-camion","status":"publish","type":"post","link":"https:\/\/www.tucomarca.com\/wordpress\/segunda\/requena-y-utiel-recuperan-el-suministro-electrico-tras-una-caida-de-cinco-horas-por-el-accidente-de-un-camion\/","title":{"rendered":"Requena y Utiel recuperan el suministro el\u00e9ctrico tras una ca\u00edda de cinco horas por el accidente de un cami\u00f3n"},"content":{"rendered":"\n<p>Un accidente de tr\u00e1fico ocurrido en la tarde de este mi\u00e9rcoles provoc\u00f3 un apag\u00f3n el\u00e9ctrico que afect\u00f3 a los municipios de Requena y Utiel, as\u00ed como a sus pedan\u00edas, dejando sin suministro a alrededor de 32.000 vecinos durante m\u00e1s de cinco horas.<\/p>\n\n\n\n<p>El incidente tuvo lugar sobre las 16:00 horas, cuando un cami\u00f3n impact\u00f3 contra una l\u00ednea de muy alta tensi\u00f3n de 132 kV, una de las principales infraestructuras de transporte el\u00e9ctrico que abastece a ambas localidades. Como consecuencia, las subestaciones que distribuyen la electricidad quedaron fuera de servicio a partir de las 16:30 horas. Adem\u00e1s, la l\u00ednea secundaria se encontraba en mantenimiento, lo que impidi\u00f3 ofrecer una alternativa de suministro.<\/p>\n\n\n\n<p>El apag\u00f3n no solo afect\u00f3 al suministro el\u00e9ctrico, sino tambi\u00e9n a las comunicaciones telef\u00f3nicas en varios puntos de la comarca. Ante la situaci\u00f3n, los ayuntamientos de Requena y Utiel informaron a la ciudadan\u00eda a trav\u00e9s de sus canales oficiales y mantuvieron contacto permanente con la empresa suministradora para seguir la evoluci\u00f3n de la incidencia.<\/p>\n\n\n\n<p>Durante la tarde, el restablecimiento del servicio se produjo de forma progresiva. En Utiel, m\u00e1s de la mitad del municipio recuper\u00f3 la luz sobre las 19:30 horas, mientras que en Requena algunos barrios comenzaron a disponer de suministro antes de las 20:00 horas. Finalmente, la compa\u00f1\u00eda el\u00e9ctrica logr\u00f3 restablecer el servicio en su totalidad en torno a las 21:20 horas.<\/p>\n\n\n\n<p>Como medida preventiva, se habilitaron grupos electr\u00f3genos para garantizar el funcionamiento de los centros sanitarios. A pesar de la r\u00e1pida actuaci\u00f3n, las autoridades se\u00f1alan que todav\u00eda es pronto para evaluar el alcance total de las posibles afecciones derivadas de este apag\u00f3n.<\/p>\n","protected":false},"excerpt":{"rendered":"<div class=\"mh-excerpt\">Un accidente de tr\u00e1fico ocurrido en la tarde de este mi\u00e9rcoles provoc\u00f3 un apag\u00f3n el\u00e9ctrico que afect\u00f3 a los municipios de Requena y Utiel, as\u00ed como a sus pedan\u00edas, dejando sin suministro a alrededor de <a class=\"mh-excerpt-more\" href=\"https:\/\/www.tucomarca.com\/wordpress\/segunda\/requena-y-utiel-recuperan-el-suministro-electrico-tras-una-caida-de-cinco-horas-por-el-accidente-de-un-camion\/\" title=\"Requena y Utiel recuperan el suministro el\u00e9ctrico tras una ca\u00edda de cinco horas por el accidente de un cami\u00f3n\">[+] <\/a><\/div>\n","protected":false},"author":12,"featured_media":263583,"comment_status":"closed","ping_status":"open","sticky":false,"template":"","format":"standard","meta":{"footnotes":""},"categories":[128,8,28,27,3,116,29,45],"tags":[10387],"class_list":{"0":"post-299655","1":"post","2":"type-post","3":"status-publish","4":"format-standard","5":"has-post-thumbnail","7":"category-infraestructuras","8":"category-la-comarca","9":"category-requena","10":"category-requena-utiel","11":"category-seccion","12":"category-sucesos-la-comarca","13":"category-utiel","14":"category-ventana","15":"tag-requena-utiel"},"_links":{"self":[{"href":"https:\/\/www.tucomarca.com\/wordpress\/segunda\/wp-json\/wp\/v2\/posts\/299655","targetHints":{"allow":["GET"]}}],"collection":[{"href":"https:\/\/www.tucomarca.com\/wordpress\/segunda\/wp-json\/wp\/v2\/posts"}],"about":[{"href":"https:\/\/www.tucomarca.com\/wordpress\/segunda\/wp-json\/wp\/v2\/types\/post"}],"author":[{"embeddable":true,"href":"https:\/\/www.tucomarca.com\/wordpress\/segunda\/wp-json\/wp\/v2\/users\/12"}],"replies":[{"embeddable":true,"href":"https:\/\/www.tucomarca.com\/wordpress\/segunda\/wp-json\/wp\/v2\/comments?post=299655"}],"version-history":[{"count":2,"href":"https:\/\/www.tucomarca.com\/wordpress\/segunda\/wp-json\/wp\/v2\/posts\/299655\/revisions"}],"predecessor-version":[{"id":299660,"href":"https:\/\/www.tucomarca.com\/wordpress\/segunda\/wp-json\/wp\/v2\/posts\/299655\/revisions\/299660"}],"wp:featuredmedia":[{"embeddable":true,"href":"https:\/\/www.tucomarca.com\/wordpress\/segunda\/wp-json\/wp\/v2\/media\/263583"}],"wp:attachment":[{"href":"https:\/\/www.tucomarca.com\/wordpress\/segunda\/wp-json\/wp\/v2\/media?parent=299655"}],"wp:term":[{"taxonomy":"category","embeddable":true,"href":"https:\/\/www.tucomarca.com\/wordpress\/segunda\/wp-json\/wp\/v2\/categories?post=299655"},{"taxonomy":"post_tag","embeddable":true,"href":"https:\/\/www.tucomarca.com\/wordpress\/segunda\/wp-json\/wp\/v2\/tags?post=299655"}],"curies":[{"name":"wp","href":"https:\/\/api.w.org\/{rel}","templated":true}]}}