{"id":299661,"date":"2026-04-23T10:45:00","date_gmt":"2026-04-23T08:45:00","guid":{"rendered":"https:\/\/www.tucomarca.com\/wordpress\/segunda\/?p=299661"},"modified":"2026-04-23T19:30:07","modified_gmt":"2026-04-23T17:30:07","slug":"la-fvmp-distingue-los-proyectos-de-19-municipios-y-una-mancomunidad-en-la-viii-edicion-de-los-premis-al-bon-govern","status":"publish","type":"post","link":"https:\/\/www.tucomarca.com\/wordpress\/segunda\/la-fvmp-distingue-los-proyectos-de-19-municipios-y-una-mancomunidad-en-la-viii-edicion-de-los-premis-al-bon-govern\/","title":{"rendered":"La FVMP distingue los proyectos de 19 municipios y una mancomunidad en la VIII edici\u00f3n de los Premis al Bon Govern\u00a0"},"content":{"rendered":"\n<h3 class=\"wp-block-heading\">La instituci\u00f3n reivindica la pol\u00edtica del di\u00e1logo y la proximidad en un acto celebrado en el IVAM.<\/h3>\n\n\n\n<p>La Federaci\u00f3n Valenciana de Municipios y Provincias ha celebrado este mi\u00e9rcoles en el IVAM el acto de entrega de los <strong>Premis al Bon Govern<\/strong>, una iniciativa que reconoce las mejores pr\u00e1cticas impulsadas por los ayuntamientos de la Comunitat Valenciana y que este a\u00f1o se han entregado <strong>a 19 municipios y una mancomunidad<\/strong> (9 municipios correspondientes a la edici\u00f3n de 2024 y 10 municipios y una mancomunidad en la edici\u00f3n de 2025).<\/p>\n\n\n\n<p>Los galardones, que celebran este a\u00f1o su octava edici\u00f3n, han reconocido los <strong>proyectos de las ediciones 2024 y 2025<\/strong>, ya que los de 2024 no pudieron celebrarse a causa de la cat\u00e1strofe de la DANA del 29 de octubre de aquel a\u00f1o. El acto se celebraba adem\u00e1s en el marco de la conmemoraci\u00f3n del 47 aniversario de la constituci\u00f3n de los ayuntamientos democr\u00e1ticos en Espa\u00f1a el 3 de abril del a\u00f1o 1979.<\/p>\n\n\n\n<p>Al acto han asistido la vicepresidenta primera de la Generalitat y consellera de Vivienda, Ocupaci\u00f3n, Juventud e Igualdad, <strong>Susana Camarero<\/strong>; la consellera de Servicios Sociales, Familia e Infancia, <strong>Elena Albalat<\/strong>; el conseller de Emergencias e Interior, <strong>Juan Carlos Valderrama<\/strong>, y la consellera de Justicia, Transparencia y Participaci\u00f3n, <strong>Nuria Mart\u00ednez<\/strong>.&nbsp;<\/p>\n\n\n\n<p>Durante el acto, la presidenta de la FVMP, <strong>Paqui Bartual<\/strong>, ha asegurado que esta celebraci\u00f3n simboliza \u201cuna de las razones de ser de la Federaci\u00f3n: el apoyo constante a nuestros municipios y el reconocimiento de un trabajo que, d\u00eda tras d\u00eda, se hace desde los ayuntamientos\u201d. Tras subrayar que \u201ces en los municipios donde se ponen las bases de lo que despu\u00e9s denominamos \u2018la gran pol\u00edtica\u2019\u201d, ha asegurado que \u201cen un mundo cada vez m\u00e1s complejo, el municipalismo es hoy m\u00e1s necesario que nunca\u201d.<\/p>\n\n\n\n<p>Ha reivindicado adem\u00e1s el papel del municipalismo como espacio de encuentro y soluci\u00f3n: \u00abLa buena pol\u00edtica no es la que hace m\u00e1s ruido, sino la que da mejores respuestas a la ciudadan\u00eda\u00bb. En esta l\u00ednea, ha defendido \u00abuna pol\u00edtica m\u00e1s serena, basada en la escucha, el sentido com\u00fan y la voluntad de llegar a acuerdos\u00bb.<\/p>\n\n\n\n<figure class=\"wp-block-gallery has-nested-images columns-default is-cropped wp-block-gallery-1 is-layout-flex wp-block-gallery-is-layout-flex\">\n<figure class=\"wp-block-image size-large\"><img loading=\"lazy\" decoding=\"async\" width=\"945\" height=\"638\" data-id=\"299665\" src=\"https:\/\/www.tucomarca.com\/wordpress\/segunda\/wp-content\/uploads\/2026\/04\/FVMP-presidentaPaquiBartual.jpg\" alt=\"\" class=\"wp-image-299665\" srcset=\"https:\/\/www.tucomarca.com\/wordpress\/segunda\/wp-content\/uploads\/2026\/04\/FVMP-presidentaPaquiBartual.jpg 945w, https:\/\/www.tucomarca.com\/wordpress\/segunda\/wp-content\/uploads\/2026\/04\/FVMP-presidentaPaquiBartual-300x203.jpg 300w, https:\/\/www.tucomarca.com\/wordpress\/segunda\/wp-content\/uploads\/2026\/04\/FVMP-presidentaPaquiBartual-768x519.jpg 768w\" sizes=\"auto, (max-width: 945px) 100vw, 945px\" \/><\/figure>\n\n\n\n<figure class=\"wp-block-image size-large\"><img loading=\"lazy\" decoding=\"async\" width=\"945\" height=\"638\" data-id=\"299667\" src=\"https:\/\/www.tucomarca.com\/wordpress\/segunda\/wp-content\/uploads\/2026\/04\/FVMP-SusanaCamarero.jpg\" alt=\"\" class=\"wp-image-299667\" srcset=\"https:\/\/www.tucomarca.com\/wordpress\/segunda\/wp-content\/uploads\/2026\/04\/FVMP-SusanaCamarero.jpg 945w, https:\/\/www.tucomarca.com\/wordpress\/segunda\/wp-content\/uploads\/2026\/04\/FVMP-SusanaCamarero-300x203.jpg 300w, https:\/\/www.tucomarca.com\/wordpress\/segunda\/wp-content\/uploads\/2026\/04\/FVMP-SusanaCamarero-768x519.jpg 768w\" sizes=\"auto, (max-width: 945px) 100vw, 945px\" \/><\/figure>\n<\/figure>\n\n\n\n<p>La presidenta ha destacado tambi\u00e9n el compromiso de la Federaci\u00f3n con todos los municipios, especialmente los m\u00e1s peque\u00f1os: \u00abQueremos que ning\u00fan ayuntamiento se sienta solo. El municipalismo es la base de nuestra democracia y debemos cuidarlo, reforzarlo y escucharlo\u00bb.<\/p>\n\n\n\n<p>Por su parte, durante la clausura del acto, la vicepresidenta primera de la Generalitat y consellera de Vivienda, Ocupaci\u00f3n, Juventud e Igualdad, <strong>Susana Camarero, <\/strong>ha recordado que los municipios son \u201cla administraci\u00f3n p\u00fablica m\u00e1s pr\u00f3xima, la m\u00e1s humana, la que conoce los nombres, los problemas y las ilusiones de su gente, y es precisamente desde esa cercan\u00eda desde donde nacen las pol\u00edticas m\u00e1s transformadoras\u201d.<\/p>\n\n\n\n<p>Ha dado la enhorabuena a los 20 proyectos premiados, sobre los que ha se\u00f1alado que \u201cdemuestran que la buena gesti\u00f3n p\u00fablica es posible, necesaria y transformadora\u201d.&nbsp;<\/p>\n\n\n\n<p><strong>Proyectos premiados<\/strong><\/p>\n\n\n\n<p><strong>En la edici\u00f3n de 2024 los proyectos premiados son los siguientes:&nbsp;<\/strong><\/p>\n\n\n\n<p>\u2022 <strong>Categor\u00eda 1<\/strong>. Desarrollo local, empleo y comercio. Proyecto premiado: \u201cRevitalizaci\u00f3n del mercado municipal y zona comercial adyacente\u201d. Ayuntamiento de Silla.<\/p>\n\n\n\n<p>\u2022 <strong>Categor\u00eda 2<\/strong>. Fomento de la Salud P\u00fablica. Proyecto premiado: \u201cViure Saludable-ment\u201d. Ayuntamiento de Quart de Poblet.<\/p>\n\n\n\n<p>\u2022 <strong>Categor\u00eda 3<\/strong>. Pol\u00edticas sociales, igualdad e integraci\u00f3n. Proyecto premiado: \u201c+ Energ\u00eda\u201d. Ayuntamiento de Orihuela.&nbsp;<\/p>\n\n\n\n<p>\u2022 <strong>Categor\u00eda 4<\/strong>. Transparencia y fomento de la participaci\u00f3n ciudadana. Proyecto premiado: \u201cPrograma de fomento de la participaci\u00f3n ciudadana de Benavites\u201d. Ayuntamiento de Benavites.&nbsp;<\/p>\n\n\n\n<p>\u2022 <strong>Categor\u00eda 5<\/strong>. Educaci\u00f3n, cultura, deporte y promoci\u00f3n del valenciano. Proyecto premiado: \u201cDe Rafal a Par\u00eds\u201d. Ayuntamiento de Rafal.<\/p>\n\n\n\n<p>\u2022 <strong>Categor\u00eda 6<\/strong>. Desarrollo rural, agricultura y respeto por el medio ambiente. Proyecto premiado: \u201cRegeneraci\u00f3n de la playa Rac\u00f3 del Mar\u201d. Canet d\u2019en Berenguer.&nbsp;<\/p>\n\n\n\n<p>\u2022 <strong>Categor\u00eda 7<\/strong>. Gesti\u00f3n de proyectos europeos y sostenibilidad territorial. Proyecto premiado: \u201cAsistente virtual inteligente\u201d. Ayuntamiento de Alicante.&nbsp;<\/p>\n\n\n\n<p>\u2022 <strong>Categor\u00eda 8<\/strong>. Divulgaci\u00f3n y protecci\u00f3n de derechos y libertades. Categor\u00eda desierta.<\/p>\n\n\n\n<p>\u2022 <strong>Categor\u00eda 9<\/strong>. Fiestas y tradiciones. Proyecto premiado: \u201cTradici\u00f3n viva y participaci\u00f3n ciudadana\u201d. Ayuntamiento de Anna.&nbsp;<\/p>\n\n\n\n<p>\u2022 <strong>Categor\u00eda 10<\/strong>. Turismo. Proyecto premiado: \u201cConciertos en los vestigios b\u00e9licos de Nules\u201d. Ayuntamiento de Nules.<\/p>\n\n\n\n<p><strong>En la edici\u00f3n de 2025 los premiados son:&nbsp;<\/strong><\/p>\n\n\n\n<p>\u2022 <strong>Categor\u00eda 1<\/strong>. Desarrollo local, empleo y comercio. Proyecto premiado: \u201cFostering integral neets development\u201d. Ayuntamiento de Alzira.<\/p>\n\n\n\n<p>\u2022 <strong>Categor\u00eda 2<\/strong>. Fomento de la Salud P\u00fablica. Proyecto premiado: \u201cM\u00e1s rutas, m\u00e1s salud\u201d. Ayuntamiento de Cortes de Arenoso.&nbsp;<\/p>\n\n\n\n<p>\u2022 <strong>Categor\u00eda 3<\/strong>. Pol\u00edticas sociales, igualdad e integraci\u00f3n. Proyecto premiado: \u201cSanem Comunitat\u201d. Ayuntamiento de Aldaia.&nbsp;<\/p>\n\n\n\n<p>\u2022 <strong>Categor\u00eda 4<\/strong>. Transparencia y fomento de la participaci\u00f3n ciudadana. Proyecto premiado: \u201cVLC Participa\u201d. Ayuntamiento de Val\u00e8ncia.&nbsp;<\/p>\n\n\n\n<p>\u2022 <strong>Categor\u00eda 5<\/strong>. Educaci\u00f3n y promoci\u00f3n del valenciano. Proyecto premiado: \u201cJuga amb la llengua\u201d. Ayuntamiento de Silla.<\/p>\n\n\n\n<p>\u2022 <strong>Categor\u00eda 6<\/strong>. Desarrollo rural, agricultura y respeto por el medio ambiente. Proyecto premiado 1: \u201cNo llances res\u201d. Ayuntamiento de Onda. Proyecto premiado 2: \u201cSomos Benic\u00e0ssim, somos medio ambiente\u201d. Ayuntamiento de Benic\u00e0ssim.&nbsp;<\/p>\n\n\n\n<p>\u2022 <strong>Categor\u00eda 7<\/strong>. Gesti\u00f3n de proyectos europeos y sostenibilidad territorial. Proyecto premiado: \u201cProyecto europeo Recup, reinventando la cultura\u201d. Mancomunitat de l\u2019Horta Nord.&nbsp;<\/p>\n\n\n\n<p>\u2022 <strong>Categor\u00eda 8<\/strong>. Cultura y deporte. Proyecto premiado: \u201cRehabilitaci\u00f3n edificio \u201cLa Muy Noble\u201d y creaci\u00f3n de la nueva Biblioteca Municipal\u201d. Ayuntamiento de l\u2019Alcora.&nbsp;<\/p>\n\n\n\n<p>\u2022 <strong>Categor\u00eda 9<\/strong>. Fiestas y tradiciones. Proyecto premiado: \u201cRehabilitaci\u00f3n de la antigua estaci\u00f3n de RENFE\u201d. Ayuntamiento de Benaguasil.&nbsp;<\/p>\n\n\n\n<p>\u2022 <strong>Categor\u00eda 10<\/strong>. Turismo. Proyecto premiado: \u201cParaje Termal Fuente de los Ba\u00f1os\u201d. Ayuntamiento de Montanejos.&nbsp;<\/p>\n","protected":false},"excerpt":{"rendered":"<div class=\"mh-excerpt\">La instituci\u00f3n reivindica la pol\u00edtica del di\u00e1logo y la proximidad en un acto celebrado en el IVAM. La Federaci\u00f3n Valenciana de Municipios y Provincias ha celebrado este mi\u00e9rcoles en el IVAM el acto de entrega <a class=\"mh-excerpt-more\" href=\"https:\/\/www.tucomarca.com\/wordpress\/segunda\/la-fvmp-distingue-los-proyectos-de-19-municipios-y-una-mancomunidad-en-la-viii-edicion-de-los-premis-al-bon-govern\/\" title=\"La FVMP distingue los proyectos de 19 municipios y una mancomunidad en la VIII edici\u00f3n de los Premis al Bon Govern\u00a0\">[+] <\/a><\/div>\n","protected":false},"author":12,"featured_media":299663,"comment_status":"closed","ping_status":"open","sticky":false,"template":"","format":"standard","meta":{"footnotes":""},"categories":[69,78,172,46,128,70,8,72,42,142,182,3,45],"tags":[9988,24199],"class_list":{"0":"post-299661","1":"post","2":"type-post","3":"status-publish","4":"format-standard","5":"has-post-thumbnail","7":"category-alzira","8":"category-anna","9":"category-benaguasil","10":"category-camp-de-turia","11":"category-infraestructuras","12":"category-la-canal-de-navarres","13":"category-la-comarca","14":"category-sin-categorizar","15":"category-la-ribera","16":"category-politica-la-comarca","17":"category-riba-roja","18":"category-seccion","19":"category-ventana","20":"tag-fvmp","21":"tag-premis-al-bon-govern"},"_links":{"self":[{"href":"https:\/\/www.tucomarca.com\/wordpress\/segunda\/wp-json\/wp\/v2\/posts\/299661","targetHints":{"allow":["GET"]}}],"collection":[{"href":"https:\/\/www.tucomarca.com\/wordpress\/segunda\/wp-json\/wp\/v2\/posts"}],"about":[{"href":"https:\/\/www.tucomarca.com\/wordpress\/segunda\/wp-json\/wp\/v2\/types\/post"}],"author":[{"embeddable":true,"href":"https:\/\/www.tucomarca.com\/wordpress\/segunda\/wp-json\/wp\/v2\/users\/12"}],"replies":[{"embeddable":true,"href":"https:\/\/www.tucomarca.com\/wordpress\/segunda\/wp-json\/wp\/v2\/comments?post=299661"}],"version-history":[{"count":3,"href":"https:\/\/www.tucomarca.com\/wordpress\/segunda\/wp-json\/wp\/v2\/posts\/299661\/revisions"}],"predecessor-version":[{"id":299689,"href":"https:\/\/www.tucomarca.com\/wordpress\/segunda\/wp-json\/wp\/v2\/posts\/299661\/revisions\/299689"}],"wp:featuredmedia":[{"embeddable":true,"href":"https:\/\/www.tucomarca.com\/wordpress\/segunda\/wp-json\/wp\/v2\/media\/299663"}],"wp:attachment":[{"href":"https:\/\/www.tucomarca.com\/wordpress\/segunda\/wp-json\/wp\/v2\/media?parent=299661"}],"wp:term":[{"taxonomy":"category","embeddable":true,"href":"https:\/\/www.tucomarca.com\/wordpress\/segunda\/wp-json\/wp\/v2\/categories?post=299661"},{"taxonomy":"post_tag","embeddable":true,"href":"https:\/\/www.tucomarca.com\/wordpress\/segunda\/wp-json\/wp\/v2\/tags?post=299661"}],"curies":[{"name":"wp","href":"https:\/\/api.w.org\/{rel}","templated":true}]}}